{"id":18952,"date":"2025-03-30T10:06:11","date_gmt":"2025-03-30T13:06:11","guid":{"rendered":"https:\/\/redept.org\/blogosfera\/economia-brasileira-cresce-o-dobro-pos-pandemia-em-relacao-ao-periodo-pre-crise\/"},"modified":"2025-03-30T10:06:11","modified_gmt":"2025-03-30T13:06:11","slug":"economia-brasileira-cresce-o-dobro-pos-pandemia-em-relacao-ao-periodo-pre-crise","status":"publish","type":"post","link":"https:\/\/redept.com.br\/blogosfera\/economia-brasileira-cresce-o-dobro-pos-pandemia-em-relacao-ao-periodo-pre-crise\/","title":{"rendered":"Economia brasileira cresce o dobro p\u00f3s-pandemia em rela\u00e7\u00e3o ao per\u00edodo pr\u00e9-crise"},"content":{"rendered":"<p><img loading=\"lazy\" width=\"667\" height=\"421\"src=\"https:\/\/redept.org\/blogosfera\/wp-content\/uploads\/2025\/03\/Captura-de-Tela-2025-03-30-as-10.01.40.png\" alt=\"\" decoding=\"async\" loading=\"lazy\" srcset=\"https:\/\/redept.org\/blogosfera\/wp-content\/uploads\/2025\/03\/Captura-de-Tela-2025-03-30-as-10.01.40.png 667w, https:\/\/vermelho.org.br\/wp-content\/uploads\/2025\/03\/Captura-de-Tela-2025-03-30-as-10.01.40-300x189.png 300w\" sizes=\"auto, (max-width: 667px) 100vw, 667px\"><\/p>\n<p>Cinco anos ap\u00f3s o in\u00edcio da pandemia de Covid-19, a economia brasileira n\u00e3o apenas se recuperou, mas atingiu um ritmo de crescimento superior ao do per\u00edodo pr\u00e9-crise. Um estudo da Federa\u00e7\u00e3o das Ind\u00fastrias do Estado de Minas Gerais (FIEMG) revela que, entre 2023 e 2024, sob a gest\u00e3o do presidente Luiz In\u00e1cio Lula da Silva, o Produto Interno Bruto (PIB) brasileiro alcan\u00e7ou taxas m\u00e9dias anuais de crescimento superiores \u00e0s registradas no per\u00edodo pr\u00e9-pandemia, saltando de 1,4% (2017-2019) para 3,2% (2022-2024), mais que o dobro da m\u00e9dia pr\u00e9-pandemia.<\/p>\n<p>Essa acelera\u00e7\u00e3o foi atribu\u00edda principalmente ao aumento dos gastos p\u00fablicos, \u00e0 expans\u00e3o do cr\u00e9dito e ao fortalecimento do consumo interno. Pol\u00edticas fiscais implementadas pelo governo Lula, como programas de transfer\u00eancia de renda e investimentos em infraestrutura, ajudaram a elevar a renda das fam\u00edlias e estimularam o aquecimento do mercado interno.<\/p>\n<p><strong>Recupera\u00e7\u00e3o impulsionada pelo consumo e servi\u00e7os<\/strong><\/p>\n<p>O levantamento aponta que essa recupera\u00e7\u00e3o acelerada foi impulsionada pelo aumento do consumo, fortalecido pela recupera\u00e7\u00e3o do mercado de trabalho e pela amplia\u00e7\u00e3o do cr\u00e9dito. O setor de servi\u00e7os foi o grande motor dessa expans\u00e3o, crescendo 15,9% no Brasil em rela\u00e7\u00e3o ao per\u00edodo pr\u00e9-pandemia.<\/p>\n<p>Um dos destaques do estudo \u00e9 a melhoria significativa no mercado de trabalho durante o governo Lula. Em 2024, o Brasil registrou a menor taxa de desemprego desde o in\u00edcio da s\u00e9rie hist\u00f3rica do IBGE, em 2012. A taxa caiu para 6,2% no pa\u00eds e atingiu impressionantes 4,3% em Minas Gerais, refletindo uma cria\u00e7\u00e3o l\u00edquida de 7,9 milh\u00f5es de postos de trabalho entre 2021 e 2024.<\/p>\n<figure><img loading=\"lazy\" loading=\"lazy\" decoding=\"async\" width=\"507\" height=\"368\"src=\"https:\/\/redept.org\/blogosfera\/wp-content\/uploads\/2025\/03\/Captura-de-Tela-2025-03-30-as-10.02.26.png\" alt=\"\" srcset=\"https:\/\/redept.org\/blogosfera\/wp-content\/uploads\/2025\/03\/Captura-de-Tela-2025-03-30-as-10.02.26.png 507w, https:\/\/vermelho.org.br\/wp-content\/uploads\/2025\/03\/Captura-de-Tela-2025-03-30-as-10.02.26-300x218.png 300w\" sizes=\"auto, (max-width: 507px) 100vw, 507px\"><\/figure>\n<p>O estudo aponta que programas emergenciais, como o Aux\u00edlio Emergencial e o BEm (Benef\u00edcio Emergencial de Preserva\u00e7\u00e3o do Emprego e da Renda), lan\u00e7ados na pandemia, pavimentaram o caminho para a retomada do emprego formal. Al\u00e9m disso, iniciativas espec\u00edficas para o fomento de pequenas e m\u00e9dias empresas, ampliadas durante o governo Lula, contribu\u00edram para a gera\u00e7\u00e3o de novos empregos em setores estrat\u00e9gicos.<\/p>\n<p>\u201cO Brasil demonstrou uma capacidade de rea\u00e7\u00e3o surpreendente no p\u00f3s-pandemia, com est\u00edmulos econ\u00f4micos que impulsionaram a renda das fam\u00edlias e o consumo. O setor de servi\u00e7os, por exemplo, retomou rapidamente suas atividades e superou os n\u00edveis de 2019\u201d, destaca Fl\u00e1vio Roscoe, presidente da FIEMG.<\/p>\n<p>J\u00e1 o com\u00e9rcio brasileiro voltou aos patamares normais em junho de 2020, impulsionado pela digitaliza\u00e7\u00e3o do consumo e pela demanda por bens essenciais, como alimentos e produtos farmac\u00eauticos. O crescimento do e-commerce e das vendas remotas tamb\u00e9m foi determinante para essa retomada.<\/p>\n<p>Esse dinamismo foi sustentado por fatores como o aumento da massa salarial, a queda do desemprego e a amplia\u00e7\u00e3o do cr\u00e9dito, que fortaleceram o consumo de servi\u00e7os. O estudo destaca que pol\u00edticas de incentivo ao turismo e ao com\u00e9rcio local, priorizadas pelo governo Lula, foram fundamentais para esse desempenho.<\/p>\n<p><strong>Ind\u00fastria reage, mas enfrenta desafios<\/strong><\/p>\n<p>A ind\u00fastria tamb\u00e9m teve uma recupera\u00e7\u00e3o inicial r\u00e1pida, mas enfrentou desafios ao longo dos anos seguintes. A produ\u00e7\u00e3o industrial nacional voltou aos n\u00edveis pr\u00e9-pandemia em agosto de 2020, mas perdeu f\u00f4lego a partir de 2021, com per\u00edodos de estagna\u00e7\u00e3o.<\/p>\n<p>\u201cA ind\u00fastria reagiu bem ao choque inicial, mas depois enfrentou obst\u00e1culos, como a infla\u00e7\u00e3o elevada e a necessidade de ajustes na pol\u00edtica monet\u00e1ria. Ainda assim, o setor segue sendo essencial para garantir um crescimento sustentado no longo prazo\u201d, explica Roscoe.<\/p>\n<p>O estudo da FIEMG ainda destaca que os est\u00edmulos fiscais e monet\u00e1rios, fundamentais para a recupera\u00e7\u00e3o, tiveram como efeito colateral o aumento da infla\u00e7\u00e3o, com o Banco Central iniciando um ciclo de alta na taxa b\u00e1sica de juros (Selic) nos anos seguintes. <\/p>\n<p>\u201cO crescimento econ\u00f4mico trouxe saldo positivo na cria\u00e7\u00e3o de empregos e na renda real das fam\u00edlias, mas tamb\u00e9m exigiu ajustes para conter a infla\u00e7\u00e3o. O desafio agora \u00e9 garantir um equil\u00edbrio entre crescimento e estabilidade macroecon\u00f4mica\u201d, ressalta Roscoe.<\/p>\n<p><strong>Minas Gerais acima da m\u00e9dia nacional<\/strong><\/p>\n<p>Embora o estudo tenha foco nacional, os dados tamb\u00e9m indicam que Minas Gerais teve uma recupera\u00e7\u00e3o acima da m\u00e9dia em diversos setores. O volume de servi\u00e7os, por exemplo, cresceu 32,7% no estado, mais que o dobro da m\u00e9dia nacional. Al\u00e9m disso, a ind\u00fastria mineira, tanto na \u00e1rea de transforma\u00e7\u00e3o quanto na extrativa, se destacou pela r\u00e1pida recomposi\u00e7\u00e3o p\u00f3s-pandemia.<\/p>\n<p>\u201cO desempenho de Minas Gerais reflete a for\u00e7a da ind\u00fastria e dos servi\u00e7os no estado, mas tamb\u00e9m sinaliza que o Brasil, como um todo, tem potencial para crescer de forma consistente, desde que haja um ambiente de neg\u00f3cios favor\u00e1vel e pol\u00edticas de est\u00edmulo bem calibradas\u201d, conclui o presidente da FIEMG.<\/p>\n<p>O post <a href=\"https:\/\/vermelho.org.br\/2025\/03\/30\/economia-brasileira-cresce-o-dobro-pos-pandemia-em-relacao-ao-periodo-pre-crise\/\">Economia brasileira cresce o dobro p\u00f3s-pandemia em rela\u00e7\u00e3o ao per\u00edodo pr\u00e9-crise<\/a> apareceu primeiro em <a href=\"https:\/\/vermelho.org.br\/\">Vermelho<\/a>.<\/p>\n<!-- Begin Yuzo --><div class='yuzo_related_post style-1'  data-version='5.12.89'><!-- without result --><div class='yuzo_clearfixed yuzo__title yuzo__title'><h3>Related Post<\/h3><\/div>\n\t\t\t\t\t\t  <div class=\"relatedthumb \" style=\"width:125px;float:left;overflow:hidden;\">  \n\t\t\t\t\t\t\t  \n\t\t\t\t\t\t\t  <a  href=\"https:\/\/redept.com.br\/blogosfera\/wellington-dias-anuncia-r-1-bilhao-para-programa-de-aquisicao-de-alimentos-em-2025\/\"  >\n\t\t\t\t\t\t\t\t\t  <div class=\"yuzo-img-wrap \" style=\"width: 125px;height:90px;\">\n\t\t\t\t\t\t\t\t\t\t\n\t\t\t\t\t\t\t\t\t\t<div class=\"yuzo-img\" style=\"background:url('https:\/\/redept.org\/blogosfera\/wp-content\/plugins\/yuzo-related-post\/assets\/images\/default.png') 50% 50% no-repeat;width: 125px;height:90px;margin-bottom: 5px;background-size: cover; \"><\/div>\n\t\t\t\t\t\t\t\t\t  <\/div>\n\t\t\t\t\t\t\t\t\t  \n\t\t\t\t\t\t\t\t   <span class=\"yuzo__text--title\" style=\"font-size:13px;\">Wellington Dias anuncia R$ 1 bilh\u00e3o para Programa ...<\/span>\n\t\t\t\t\t\t\t  \n\t\t\t\t\t\t\t  \n\t\t\t\t\t\t\t  <\/a>\n\n\t\t\t\t\t\t  <\/div>\n\t\t\t\t\t\t  <div class=\"relatedthumb \" style=\"width:125px;float:left;overflow:hidden;\">  \n\t\t\t\t\t\t\t  \n\t\t\t\t\t\t\t  <a  href=\"https:\/\/redept.com.br\/blogosfera\/governo-pedira-desculpas-por-descaso-da-uniao-com-ossadas-de-perus\/\"  >\n\t\t\t\t\t\t\t\t\t  <div class=\"yuzo-img-wrap \" style=\"width: 125px;height:90px;\">\n\t\t\t\t\t\t\t\t\t\t\n\t\t\t\t\t\t\t\t\t\t<div class=\"yuzo-img\" style=\"background:url('https:\/\/redept.com.br\/blogosfera\/wp-content\/uploads\/2025\/03\/ossadas-perus_arquivo-agbr-150x150.jpg') 50% 50% no-repeat;width: 125px;height:90px;margin-bottom: 5px;background-size: cover; \"><\/div>\n\t\t\t\t\t\t\t\t\t  <\/div>\n\t\t\t\t\t\t\t\t\t  \n\t\t\t\t\t\t\t\t   <span class=\"yuzo__text--title\" style=\"font-size:13px;\">Governo pedir\u00e1 desculpas por descaso da Uni\u00e3o com ...<\/span>\n\t\t\t\t\t\t\t  \n\t\t\t\t\t\t\t  \n\t\t\t\t\t\t\t  <\/a>\n\n\t\t\t\t\t\t  <\/div>\n\t\t\t\t\t\t  <div class=\"relatedthumb \" style=\"width:125px;float:left;overflow:hidden;\">  \n\t\t\t\t\t\t\t  \n\t\t\t\t\t\t\t  <a  href=\"https:\/\/sul21.com.br\/noticias\/internacional\/2025\/11\/especialistas-apontam-que-classificar-faccoes-como-terrorismo-expoe-brasil-a-intervencao-dos-eua\/\"  >\n\t\t\t\t\t\t\t\t\t  <div class=\"yuzo-img-wrap \" style=\"width: 125px;height:90px;\">\n\t\t\t\t\t\t\t\t\t\t\n\t\t\t\t\t\t\t\t\t\t<div class=\"yuzo-img\" style=\"background:url('https:\/\/agenciabrasil.ebc.com.br\/ebc.png?id=1666049&amp;o=node') 50% 50% no-repeat;width: 125px;height:90px;margin-bottom: 5px;background-size: cover; \"><\/div>\n\t\t\t\t\t\t\t\t\t  <\/div>\n\t\t\t\t\t\t\t\t\t  \n\t\t\t\t\t\t\t\t   <span class=\"yuzo__text--title\" style=\"font-size:13px;\">Especialistas apontam que classificar fac\u00e7\u00f5es como...<\/span>\n\t\t\t\t\t\t\t  \n\t\t\t\t\t\t\t  \n\t\t\t\t\t\t\t  <\/a>\n\n\t\t\t\t\t\t  <\/div>\n\t\t\t\t\t\t  <div class=\"relatedthumb \" style=\"width:125px;float:left;overflow:hidden;\">  \n\t\t\t\t\t\t\t  \n\t\t\t\t\t\t\t  <a  href=\"https:\/\/redept.com.br\/blogosfera\/cassado-por-compra-de-votos-vereador-de-ourilandia-do-norte-pa-aumentou-patrimonio-em-mais-de-r-65-milhoes-em-4-anos\/\"  >\n\t\t\t\t\t\t\t\t\t  <div class=\"yuzo-img-wrap \" style=\"width: 125px;height:90px;\">\n\t\t\t\t\t\t\t\t\t\t\n\t\t\t\t\t\t\t\t\t\t<div class=\"yuzo-img\" style=\"background:url('https:\/\/redept.com.br\/blogosfera\/wp-content\/uploads\/2025\/06\/image_preview-150x150.jpg') 50% 50% no-repeat;width: 125px;height:90px;margin-bottom: 5px;background-size: cover; \"><\/div>\n\t\t\t\t\t\t\t\t\t  <\/div>\n\t\t\t\t\t\t\t\t\t  \n\t\t\t\t\t\t\t\t   <span class=\"yuzo__text--title\" style=\"font-size:13px;\">Cassado por compra de votos, vereador de Ouril\u00e2ndi...<\/span>\n\t\t\t\t\t\t\t  \n\t\t\t\t\t\t\t  \n\t\t\t\t\t\t\t  <\/a>\n\n\t\t\t\t\t\t  <\/div>\n<\/div> <script>\n\t\t\t\t\t\t  jQuery(document).ready(function( $ ){\n\t\t\t\t\t\t\t\/\/jQuery('.yuzo_related_post').equalizer({ overflow : 'relatedthumb' });\n\t\t\t\t\t\t\tjQuery('.yuzo_related_post .yuzo_wraps').equalizer({ columns : '> div' });\n\t\t\t\t\t\t   })\n\t\t\t\t\t\t  <\/script> <!-- End Yuzo :) -->","protected":false},"excerpt":{"rendered":"<p>Cinco anos ap\u00f3s o in\u00edcio da pandemia de Covid-19, a economia brasileira n\u00e3o apenas se recuperou, mas atingiu um ritmo de crescimento superior ao do per\u00edodo pr\u00e9-crise. Um estudo da Federa\u00e7\u00e3o das Ind\u00fastrias do Estado de Minas Gerais (FIEMG) revela que, entre 2023 e 2024, sob a gest\u00e3o do presidente Luiz In\u00e1cio Lula da Silva, [&hellip;]<\/p>\n","protected":false},"author":2,"featured_media":18953,"comment_status":"closed","ping_status":"closed","sticky":false,"template":"","format":"standard","meta":{"fifu_image_url":"","fifu_image_alt":"","footnotes":""},"categories":[3740,221,600,1569,578,1682],"tags":[],"class_list":["post-18952","post","type-post","status-publish","format-standard","has-post-thumbnail","hentry","category-comercio-varejista","category-economia","category-industria","category-pandemia","category-pib","category-servicos"],"_links":{"self":[{"href":"https:\/\/redept.com.br\/blogosfera\/wp-json\/wp\/v2\/posts\/18952","targetHints":{"allow":["GET"]}}],"collection":[{"href":"https:\/\/redept.com.br\/blogosfera\/wp-json\/wp\/v2\/posts"}],"about":[{"href":"https:\/\/redept.com.br\/blogosfera\/wp-json\/wp\/v2\/types\/post"}],"author":[{"embeddable":true,"href":"https:\/\/redept.com.br\/blogosfera\/wp-json\/wp\/v2\/users\/2"}],"replies":[{"embeddable":true,"href":"https:\/\/redept.com.br\/blogosfera\/wp-json\/wp\/v2\/comments?post=18952"}],"version-history":[{"count":0,"href":"https:\/\/redept.com.br\/blogosfera\/wp-json\/wp\/v2\/posts\/18952\/revisions"}],"wp:featuredmedia":[{"embeddable":true,"href":"https:\/\/redept.com.br\/blogosfera\/wp-json\/wp\/v2\/media\/18953"}],"wp:attachment":[{"href":"https:\/\/redept.com.br\/blogosfera\/wp-json\/wp\/v2\/media?parent=18952"}],"wp:term":[{"taxonomy":"category","embeddable":true,"href":"https:\/\/redept.com.br\/blogosfera\/wp-json\/wp\/v2\/categories?post=18952"},{"taxonomy":"post_tag","embeddable":true,"href":"https:\/\/redept.com.br\/blogosfera\/wp-json\/wp\/v2\/tags?post=18952"}],"curies":[{"name":"wp","href":"https:\/\/api.w.org\/{rel}","templated":true}]}}