{"id":18955,"date":"2025-03-30T10:13:12","date_gmt":"2025-03-30T13:13:12","guid":{"rendered":"https:\/\/redept.org\/blogosfera\/na-franca-haddad-vai-discutir-transicao-ecologica-e-g20\/"},"modified":"2025-03-30T10:13:12","modified_gmt":"2025-03-30T13:13:12","slug":"na-franca-haddad-vai-discutir-transicao-ecologica-e-g20","status":"publish","type":"post","link":"https:\/\/redept.com.br\/blogosfera\/na-franca-haddad-vai-discutir-transicao-ecologica-e-g20\/","title":{"rendered":"Na Fran\u00e7a, Haddad vai discutir transi\u00e7\u00e3o ecol\u00f3gica e G20"},"content":{"rendered":"<p><img fetchpriority=\"high\" width=\"1024\" height=\"576\"src=\"https:\/\/redept.org\/blogosfera\/wp-content\/uploads\/2025\/03\/Captura-de-Tela-2025-03-30-as-10.11.28.png\" alt=\"\" decoding=\"async\" srcset=\"https:\/\/vermelho.org.br\/wp-content\/uploads\/2025\/03\/Captura-de-Tela-2025-03-30-as-10.11.28-1024x576.png 1024w, https:\/\/vermelho.org.br\/wp-content\/uploads\/2025\/03\/Captura-de-Tela-2025-03-30-as-10.11.28-300x169.png 300w, https:\/\/vermelho.org.br\/wp-content\/uploads\/2025\/03\/Captura-de-Tela-2025-03-30-as-10.11.28-768x432.png 768w, https:\/\/redept.org\/blogosfera\/wp-content\/uploads\/2025\/03\/Captura-de-Tela-2025-03-30-as-10.11.28.png 1281w\" sizes=\"(max-width: 1024px) 100vw, 1024px\"><\/p>\n<p>O ministro da Fazenda, Fernando Haddad, embarca neste domingo (30) para a Fran\u00e7a em uma viagem que tem como foco a transi\u00e7\u00e3o ecol\u00f3gica e a reforma do G20, grupo que engloba as 19 maiores economias do mundo, al\u00e9m da Uni\u00e3o Europeia e Uni\u00e3o Africana. O retorno a Bras\u00edlia est\u00e1 previsto para quarta-feira (2).<\/p>\n<p>A visita tem como objetivo restaurar o di\u00e1logo econ\u00f4mico entre Brasil e Fran\u00e7a, alinhado aos minist\u00e9rios da \u00e1rea, e preparar o terreno para a viagem do presidente Luiz In\u00e1cio Lula da Silva ao pa\u00eds europeu em junho. De acordo com o Minist\u00e9rio da Fazenda, os debates estar\u00e3o concentrados em quatro principais eixos:<\/p>\n<ul>\n<li>Reformas econ\u00f4micas no Brasil e na Fran\u00e7a;<\/li>\n<li>Coopera\u00e7\u00e3o multilateral, arquitetura financeira internacional e reforma do G20;<\/li>\n<li>Transforma\u00e7\u00f5es ecol\u00f3gicas e sustentabilidade financeira;<\/li>\n<li>Complementaridade entre setores econ\u00f4micos no Brasil e na Fran\u00e7a.<\/li>\n<\/ul>\n<p><strong>Reformas econ\u00f4micas e transi\u00e7\u00e3o ecol\u00f3gica em pauta<\/strong><\/p>\n<p>Haddad pretende apresentar ao governo e a empres\u00e1rios franceses as oportunidades de investimento estrangeiro abertas pela reforma tribut\u00e1ria, regulamentada no ano passado e que come\u00e7ar\u00e1 a vigorar progressivamente a partir de 2026.<\/p>\n<p>No campo da transi\u00e7\u00e3o ecol\u00f3gica, o ministro destacar\u00e1 o Plano de Transforma\u00e7\u00e3o Ecol\u00f3gica do Brasil e compartilhar\u00e1 com o ministro da Economia franc\u00eas, \u00c9ric Lombard, a estrat\u00e9gia brasileira de integrar desenvolvimento sustent\u00e1vel e economia.<\/p>\n<p>Dentre as iniciativas ambientais, ser\u00e1 apresentado o Mecanismo de Financiamento das Florestas Tropicais (TFFF, na sigla em ingl\u00eas), lan\u00e7ado em 2023 pela ministra do Meio Ambiente, Marina Silva, durante a COP28. O objetivo do TFFF \u00e9 arrecadar US$ 250 bilh\u00f5es em fundos soberanos para investimentos na preserva\u00e7\u00e3o das florestas tropicais.<\/p>\n<p>Outro ponto chave da agenda ser\u00e1 a regulamenta\u00e7\u00e3o do Sistema Brasileiro de Com\u00e9rcio de Emiss\u00f5es de Gases de Efeito Estufa, sancionada no fim de 2024. Haddad discutir\u00e1 a articula\u00e7\u00e3o do mercado global de cr\u00e9ditos de carbono, uma prioridade para fortalecer a economia verde.<\/p>\n<p><strong>Agenda oficial na Fran\u00e7a<\/strong><\/p>\n<p>Na segunda-feira (31), o ministro participar\u00e1 de uma confer\u00eancia na renomada universidade Sciences Po, em Paris, sobre os dez anos do Acordo de Paris. O evento ser\u00e1 moderado pelo fil\u00f3sofo ambiental Pierre Charbonnier e pela economista e negociadora-chefe do acordo, Laurence Tubiana.<\/p>\n<p>Em novembro, no G20 Social no Rio de Janeiro, Tubiana manifestou preocupa\u00e7\u00e3o sobre o futuro do Acordo de Paris ap\u00f3s a elei\u00e7\u00e3o de Donald Trump nos Estados Unidos. Ainda na segunda-feira, Haddad ser\u00e1 homenageado com um jantar na Sciences Po.<\/p>\n<p>Na ter\u00e7a-feira (1\u00ba), ele ter\u00e1 uma reuni\u00e3o bilateral com \u00c9ric Lombard \u00e0s 11h30 (hor\u00e1rio local). Em seguida, almo\u00e7ar\u00e1 com empres\u00e1rios franceses e, \u00e0s 13h30, far\u00e1 um discurso na cerim\u00f4nia de abertura dos Di\u00e1logos Econ\u00f4micos Brasil\u2013Fran\u00e7a. O retorno ao Brasil est\u00e1 previsto para a madrugada de quarta-feira.<\/p>\n<p>O post <a href=\"https:\/\/vermelho.org.br\/2025\/03\/30\/haddad-viaja-a-franca-para-discutir-transicao-ecologica-e-reforma-do-g20\/\">Na Fran\u00e7a, Haddad vai discutir transi\u00e7\u00e3o ecol\u00f3gica e G20<\/a> apareceu primeiro em <a href=\"https:\/\/vermelho.org.br\/\">Vermelho<\/a>.<\/p>\n<!-- Begin Yuzo --><div class='yuzo_related_post style-1'  data-version='5.12.89'><!-- without result --><div class='yuzo_clearfixed yuzo__title yuzo__title'><h3>Related Post<\/h3><\/div>\n\t\t\t\t\t\t  <div class=\"relatedthumb \" style=\"width:125px;float:left;overflow:hidden;\">  \n\t\t\t\t\t\t\t  \n\t\t\t\t\t\t\t  <a  href=\"https:\/\/redept.com.br\/blogosfera\/crise-no-brb-se-a-proposta-nao-for-aprovada-o-banco-para-de-funcionar-diz-presidente\/\"  >\n\t\t\t\t\t\t\t\t\t  <div class=\"yuzo-img-wrap \" style=\"width: 125px;height:90px;\">\n\t\t\t\t\t\t\t\t\t\t\n\t\t\t\t\t\t\t\t\t\t<div class=\"yuzo-img\" style=\"background:url('https:\/\/redept.org\/blogosfera\/wp-content\/plugins\/yuzo-related-post\/assets\/images\/default.png') 50% 50% no-repeat;width: 125px;height:90px;margin-bottom: 5px;background-size: cover; \"><\/div>\n\t\t\t\t\t\t\t\t\t  <\/div>\n\t\t\t\t\t\t\t\t\t  \n\t\t\t\t\t\t\t\t   <span class=\"yuzo__text--title\" style=\"font-size:13px;\">Crise no BRB: \u2018Se a proposta n\u00e3o for aprovada, o b...<\/span>\n\t\t\t\t\t\t\t  \n\t\t\t\t\t\t\t  \n\t\t\t\t\t\t\t  <\/a>\n\n\t\t\t\t\t\t  <\/div>\n\t\t\t\t\t\t  <div class=\"relatedthumb \" style=\"width:125px;float:left;overflow:hidden;\">  \n\t\t\t\t\t\t\t  \n\t\t\t\t\t\t\t  <a  href=\"https:\/\/redept.com.br\/blogosfera\/vamos-elevar-o-patamar-de-vida-do-povo-brasileiro-convoca-lula\/\"  >\n\t\t\t\t\t\t\t\t\t  <div class=\"yuzo-img-wrap \" style=\"width: 125px;height:90px;\">\n\t\t\t\t\t\t\t\t\t\t\n\t\t\t\t\t\t\t\t\t\t<div class=\"yuzo-img\" style=\"background:url('https:\/\/redept.com.br\/blogosfera\/wp-content\/uploads\/2025\/03\/1f4f9-1.png') 50% 50% no-repeat;width: 125px;height:90px;margin-bottom: 5px;background-size: cover; \"><\/div>\n\t\t\t\t\t\t\t\t\t  <\/div>\n\t\t\t\t\t\t\t\t\t  \n\t\t\t\t\t\t\t\t   <span class=\"yuzo__text--title\" style=\"font-size:13px;\">\u201cVamos elevar o patamar de vida do povo brasileiro...<\/span>\n\t\t\t\t\t\t\t  \n\t\t\t\t\t\t\t  \n\t\t\t\t\t\t\t  <\/a>\n\n\t\t\t\t\t\t  <\/div>\n\t\t\t\t\t\t  <div class=\"relatedthumb \" style=\"width:125px;float:left;overflow:hidden;\">  \n\t\t\t\t\t\t\t  \n\t\t\t\t\t\t\t  <a  href=\"https:\/\/redept.com.br\/blogosfera\/profissionais-da-educacao-das-escolas-estaduais-e-municipais-da-paraiba-paralisam-nesta-quarta-feira-23\/\"  >\n\t\t\t\t\t\t\t\t\t  <div class=\"yuzo-img-wrap \" style=\"width: 125px;height:90px;\">\n\t\t\t\t\t\t\t\t\t\t\n\t\t\t\t\t\t\t\t\t\t<div class=\"yuzo-img\" style=\"background:url('https:\/\/redept.com.br\/blogosfera\/wp-content\/uploads\/2025\/04\/praca-joao-pessoa-3-1024x570-1-150x150.jpg') 50% 50% no-repeat;width: 125px;height:90px;margin-bottom: 5px;background-size: cover; \"><\/div>\n\t\t\t\t\t\t\t\t\t  <\/div>\n\t\t\t\t\t\t\t\t\t  \n\t\t\t\t\t\t\t\t   <span class=\"yuzo__text--title\" style=\"font-size:13px;\">Profissionais da educa\u00e7\u00e3o das escolas estaduais e ...<\/span>\n\t\t\t\t\t\t\t  \n\t\t\t\t\t\t\t  \n\t\t\t\t\t\t\t  <\/a>\n\n\t\t\t\t\t\t  <\/div>\n\t\t\t\t\t\t  <div class=\"relatedthumb \" style=\"width:125px;float:left;overflow:hidden;\">  \n\t\t\t\t\t\t\t  \n\t\t\t\t\t\t\t  <a  href=\"https:\/\/sul21.com.br\/opiniao\/2025\/08\/quando-deus-fala-ingles-a-fe-que-subordina-o-brasil-a-washington-por-marcio-ferreira\/\"  >\n\t\t\t\t\t\t\t\t\t  <div class=\"yuzo-img-wrap \" style=\"width: 125px;height:90px;\">\n\t\t\t\t\t\t\t\t\t\t\n\t\t\t\t\t\t\t\t\t\t<div class=\"yuzo-img\" style=\"background:url('https:\/\/redept.org\/blogosfera\/wp-content\/plugins\/yuzo-related-post\/assets\/images\/default.png') 50% 50% no-repeat;width: 125px;height:90px;margin-bottom: 5px;background-size: cover; \"><\/div>\n\t\t\t\t\t\t\t\t\t  <\/div>\n\t\t\t\t\t\t\t\t\t  \n\t\t\t\t\t\t\t\t   <span class=\"yuzo__text--title\" style=\"font-size:13px;\">Quando Deus fala ingl\u00eas: a f\u00e9 que subordina o Bras...<\/span>\n\t\t\t\t\t\t\t  \n\t\t\t\t\t\t\t  \n\t\t\t\t\t\t\t  <\/a>\n\n\t\t\t\t\t\t  <\/div>\n<\/div> <script>\n\t\t\t\t\t\t  jQuery(document).ready(function( $ ){\n\t\t\t\t\t\t\t\/\/jQuery('.yuzo_related_post').equalizer({ overflow : 'relatedthumb' });\n\t\t\t\t\t\t\tjQuery('.yuzo_related_post .yuzo_wraps').equalizer({ columns : '> div' });\n\t\t\t\t\t\t   })\n\t\t\t\t\t\t  <\/script> <!-- End Yuzo :) -->","protected":false},"excerpt":{"rendered":"<p>O ministro da Fazenda, Fernando Haddad, embarca neste domingo (30) para a Fran\u00e7a em uma viagem que tem como foco a transi\u00e7\u00e3o ecol\u00f3gica e a reforma do G20, grupo que engloba as 19 maiores economias do mundo, al\u00e9m da Uni\u00e3o Europeia e Uni\u00e3o Africana. O retorno a Bras\u00edlia est\u00e1 previsto para quarta-feira (2). A visita [&hellip;]<\/p>\n","protected":false},"author":2,"featured_media":18956,"comment_status":"closed","ping_status":"closed","sticky":false,"template":"","format":"standard","meta":{"fifu_image_url":"","fifu_image_alt":"","footnotes":""},"categories":[221,335,588,22,538,2095],"tags":[],"class_list":["post-18955","post","type-post","status-publish","format-standard","has-post-thumbnail","hentry","category-economia","category-emmanuel-macron","category-fernando-haddad","category-franca","category-g20","category-transicao-ecologica"],"_links":{"self":[{"href":"https:\/\/redept.com.br\/blogosfera\/wp-json\/wp\/v2\/posts\/18955","targetHints":{"allow":["GET"]}}],"collection":[{"href":"https:\/\/redept.com.br\/blogosfera\/wp-json\/wp\/v2\/posts"}],"about":[{"href":"https:\/\/redept.com.br\/blogosfera\/wp-json\/wp\/v2\/types\/post"}],"author":[{"embeddable":true,"href":"https:\/\/redept.com.br\/blogosfera\/wp-json\/wp\/v2\/users\/2"}],"replies":[{"embeddable":true,"href":"https:\/\/redept.com.br\/blogosfera\/wp-json\/wp\/v2\/comments?post=18955"}],"version-history":[{"count":0,"href":"https:\/\/redept.com.br\/blogosfera\/wp-json\/wp\/v2\/posts\/18955\/revisions"}],"wp:featuredmedia":[{"embeddable":true,"href":"https:\/\/redept.com.br\/blogosfera\/wp-json\/wp\/v2\/media\/18956"}],"wp:attachment":[{"href":"https:\/\/redept.com.br\/blogosfera\/wp-json\/wp\/v2\/media?parent=18955"}],"wp:term":[{"taxonomy":"category","embeddable":true,"href":"https:\/\/redept.com.br\/blogosfera\/wp-json\/wp\/v2\/categories?post=18955"},{"taxonomy":"post_tag","embeddable":true,"href":"https:\/\/redept.com.br\/blogosfera\/wp-json\/wp\/v2\/tags?post=18955"}],"curies":[{"name":"wp","href":"https:\/\/api.w.org\/{rel}","templated":true}]}}