{"id":19122,"date":"2025-03-31T12:52:48","date_gmt":"2025-03-31T15:52:48","guid":{"rendered":"https:\/\/redept.org\/blogosfera\/31-de-marco-ou-primeiro-de-abril\/"},"modified":"2025-03-31T12:52:48","modified_gmt":"2025-03-31T15:52:48","slug":"31-de-marco-ou-primeiro-de-abril","status":"publish","type":"post","link":"https:\/\/redept.com.br\/blogosfera\/31-de-marco-ou-primeiro-de-abril\/","title":{"rendered":"31 de Mar\u00e7o ou Primeiro de Abril?"},"content":{"rendered":"<p><img fetchpriority=\"high\" width=\"750\" height=\"536\"src=\"https:\/\/redept.org\/blogosfera\/wp-content\/uploads\/2025\/03\/CENA-DO-DOCUMENTARIO-64-UM-GOLPE-CONTRA-O-BRASIL.webp\" alt=\"\" decoding=\"async\" srcset=\"https:\/\/redept.org\/blogosfera\/wp-content\/uploads\/2025\/03\/CENA-DO-DOCUMENTARIO-64-UM-GOLPE-CONTRA-O-BRASIL.webp 750w, https:\/\/vermelho.org.br\/wp-content\/uploads\/2025\/03\/CENA-DO-DOCUMENTARIO-64-UM-GOLPE-CONTRA-O-BRASIL-300x214.webp 300w\" sizes=\"(max-width: 750px) 100vw, 750px\"><\/p>\n<p>No mais recente 30 de mar\u00e7o, durante a movimenta\u00e7\u00e3o do Sem Anistia no Recife, em conversa com o camarada Helmiton Beserra destacamos: os nossos cabelos brancos deixam-nos a oportunidade de repor fatos fundamentais. Isso porque, a partir de certa idade, a nossa mem\u00f3ria \u00e9 hist\u00f3ria. Mais adiante, na Rua da Aurora, com a pedagoga F\u00e1tima Oliveira lembrei que as novas gera\u00e7\u00f5es de estudantes n\u00e3o conhecem a hist\u00f3ria da ditadura. Os livros did\u00e1ticos n\u00e3o falam. Os novos professores a desconhecem. Da\u00ed o sucesso, por justi\u00e7a e louvor merecidos, do filme Ainda estou aqui. Ent\u00e3o, portanto, \u00e9 preciso falar mais que nunca da hist\u00f3ria viva da ditadura. Como tento mais uma vez a seguir.<\/p>\n<p>Em primeiro lugar, para n\u00e3o reescrever a hist\u00f3ria sem contextualizar o tempo, passemos de volta um olhar sobre os dias do calend\u00e1rio. Pois na propaganda do golpe, o primeiro de abril de 1964 sempre foi antecipado para o 31 de mar\u00e7o. N\u00f3s n\u00e3o podemos nem devemos deixar essa vers\u00e3o se perpetuar. Como publicava O Pasquim, o neg\u00f3 \u00e9 o seguim, o neg\u00f3cio \u00e9 o seguinte: para evitar a piada do dia universal da mentira, os golpistas mentiram por antecipa\u00e7\u00e3o. Falaram que o golpe se fez em 31 de mar\u00e7o de 1964. E que nesse dia foi decretada a revolu\u00e7\u00e3o. O problema \u00e9 que os subversivos calend\u00e1rios n\u00e3o obedeceram \u00e0 ordem. E falaram que tal revolu\u00e7\u00e3o foi mesmo de primeiro de abril. Em amis de um sentido. Aos fatos. \u00a0<\/p>\n<p>Os ide\u00f3logos do n\u00facleo reacion\u00e1rio das for\u00e7as armadas acharam por bem deslocar o golpe para a v\u00e9spera do dia consagrado \u00e0s a\u00e7\u00f5es mentirosas. E tinham bons motivos, porque ao grande dia sempre impuseram uma frase maior: \u201cRevolu\u00e7\u00e3o de 31 de mar\u00e7o\u201d. Imaginem a gargalhada mundial, se escrevessem esta verdade: \u201cRevolu\u00e7\u00e3o de primeiro de abril\u201d. Mas em 31 mar\u00e7o todos os governos leg\u00edtimos, eleitos em elei\u00e7\u00f5es livres, estavam no poder!<\/p>\n<p>Em d\u00favida, para que n\u00e3o se caia no revisionismo hist\u00f3rico, olhem os jornais brasileiros de 2 de abril de 1964:<\/p>\n<p><em>O Globo<\/em>: \u201cRessurge a democracia!\u201d. O <em>Estado de S\u00e3o Paul<\/em>o, \u201cVitorioso o movimento democr\u00e1tico\u201d.<em>\u00a0<strong>Di\u00e1rio de Pernambuco<\/strong>:<\/em>\u00a0\u201c<strong>Jango sai de Bras\u00edlia rumo a Porto Alegre ou exterior\u201d<\/strong>.\u00a0<strong><em>Folha de S. Paulo<\/em>: \u201cCongresso declara Presid\u00eancia vaga: Mazzilli assume\u201d<\/strong>. E por que relaciono as not\u00edcias de 2 de abril? A raz\u00e3o \u00e9 simples: em uma \u00e9poca sem edi\u00e7\u00e3o on-line, se o golpe tivesse ocorrido em 31 de mar\u00e7o, os jornais publicariam a not\u00edcia em primeiro de abril. Mas como em 31 todos os governos eleitos estavam no poder, os jornais somente puderam noticiar a \u201crevolu\u00e7\u00e3o\u201d no dia 2 de abril. O curioso \u00e9 que, a partir da\u00ed, houve uma desmem\u00f3ria geral e rara. A imprensa amorda\u00e7ada passou a se referir a um certo 31 de mar\u00e7o que acontecera depois do dia 31 de mar\u00e7o. Piada tr\u00e1gica.\u00a0 \u00a0<\/p>\n<p>E para melhor contextualizar a hist\u00f3ria, o ambiente de terror contra a resist\u00eancia democr\u00e1tica no Brasil, os assassinatos que vieram depois de primeiro de abril de 1964, retornar aos crimes no fim de torturas aos presos pol\u00edticos, devo relacionar um acontecimento central de um dos massacres da ditadura.<\/p>\n<p>Eu retomo no romance \u201cA mais longa dura\u00e7\u00e3o da juventude\u201d aos seis assassinatos no Recife em janeiro de 1973.\u00a0 Os seis \u201cterroristas\u201d mortos juntos em uma s\u00f3 not\u00edcia. \u201cTerroristas\u201d, porque todas as pessoas que lutavam contra a ditadura eram chamadas de terroristas. Aqui vai um trecho dos crimes contextualizados no romance: \u00a0<\/p>\n<p>\u201cAssim era o velho Orlando. Com um jornal nas m\u00e3os, ele desfere o primeiro golpe:<\/p>\n<p>\u2013 Pegaram uns terroristas hoje. Voc\u00eas viram?<\/p>\n<p>Eu sei, ele fala a todos, mas se dirige a mim. Sou capaz de sentir que ele fala e me aponta com o queixo, pois me encontro na m\u00e1quina de escrever com os olhos fitos em lugar nenhum. N\u00e3o consigo me concentrar na guia de material, que devo copiar para o formul\u00e1rio. A minha voz est\u00e1 contra mim. Ali\u00e1s, tudo em mim, tudo que \u00e9 sobreviv\u00eancia \u00e9 o meu contr\u00e1rio. Eu n\u00e3o sou aquele que se encontra na sala, com o ar-condicionado rugindo alto feito motor de carro de pra\u00e7a em 1970. O velho, o feitor, se aproxima, eu sei pela repugnante mistura de perfume barato e cigarros.<\/p>\n<p>\u2013 A puta era at\u00e9 bonitinha \u2013 ele fala.\u00a0 \u2013 Carinha de anjo, mas terrorista. Voc\u00ea viu? \u2013 E toca o meu ombro tenso. N\u00e3o o escuto, bato a esmo na m\u00e1quina. Tenho que me concentrar para n\u00e3o escrever \u201cMaldito. Maldi\u00e7\u00e3o. Mal do mundo. Mal de porcos. Foda-se\u201d. E vem um novo toque, mais firme, como uma intimida\u00e7\u00e3o:<\/p>\n<p>\u2013 Viu ou n\u00e3o viu as carinhas de puta? Voc\u00ea.<\/p>\n<p>Ent\u00e3o levanto a custo o queixo e vejo um indiv\u00edduo de olhos verdes, cabelos brancos, boca murcha e sinais de animal velho na cara. Ele sorri, mas sei que o sorriso \u00e9 ofensa, esc\u00e1rnio, gatilho apontado. E respondo, na altura da minha covardia:<\/p>\n<p>\u2013 Eu? \u2013 \u201cDar\u00e1s a tua vida por mim?\u201d, penso. \u2013 N\u00e3o vi o jornal hoje.<\/p>\n<p>\u2013 N\u00e3o viu?! \u2013 O escarnecedor volta. \u2013 Olhe.<\/p>\n<p>\u201cMeu Deus, o que ser\u00e1 de mim?\u201d. Ele mostra a primeira p\u00e1gina.<\/p>\n<p>\u2013 Aqui. \u2013 Com o dedo seboso aponta Soledad. Com o dedo seboso aponta Pauline. Com o dedo seboso aponta Vargas. Com o dedo seboso aponta as fotos dos seis socialistas mortos. E volta para Soledad. \u2013 Est\u00e1 vendo?<\/p>\n<p>Eu olho e mudo a vista. Eu vejo e baixo os olhos. N\u00e3o sou um homem. Me sinto menos que um cachorro castrado. \u00c9 doloroso fitar o rosto de Soledad, aquela a quem beijei na casa de Marx. Olho e baixo os olhos. O velho parece notar minha afli\u00e7\u00e3o.<\/p>\n<p>\u2013 Mo\u00e7a t\u00e3o bonitinha\u2026 \u2013 o velho fala. \u2013 Desencaminhando os filhos da gente para o terror. \u2013 E olha para mim: \u2013 Mata!<\/p>\n<p>\u201cEu a quero como um homem sozinho quer o seu amor\u201d, penso. E resmungo, no limite:<\/p>\n<p>\u2013 Os jornais mentem muito. \u2013 E continuo na cabe\u00e7a o poema que n\u00e3o escrevo: \u201cEu a quero como um homem sozinho. Eu a quero com a ternura e \u00f3dio de um covarde cujo amor \u00e9 segredo\u201d. O poema que n\u00e3o escrevo se inscreve em meus olhos. E dilato as \u00f3rbitas para secar a minha condena\u00e7\u00e3o. O velho me pergunta:<\/p>\n<p>\u2013 Hem? O que voc\u00ea disse?<\/p>\n<p>Eu quis responder com voz alta, \u00e0 meia altura do meu sentimento: \u201ceu disse que os jornais mentem muito\u201d. Falando assim, falaria menos do que deveria: \u201c\u00c9 tudo mentira. As not\u00edcias s\u00e3o uma farsa criminosa. Matam a melhor juventude do Brasil\u201d. Mas fiquei a balbuciar palavras inveross\u00edmeis:<\/p>\n<p>\u2013 A \u2013 sim\u2026 tende? Assim\u2026<\/p>\n<p>\u2013 Assim o qu\u00ea, rapaz?<\/p>\n<p>\u2013 Assim.. ah\u2026 o jornal de hoje tem o resultado do vestibular.<\/p>\n<p>\u2013 Vestibular que nada. O vestibular de hoje \u00e9 a morte dos bandidos. \u2013 No que foi acompanhado por um idiota de plant\u00e3o:<\/p>\n<p>\u2013 Isso mesmo. Se eles estudassem, se fossem gente direita, n\u00e3o estavam mortos. A pol\u00edcia n\u00e3o mata um jovem de bem.<\/p>\n<p>Era t\u00e3o est\u00fapido e esmagador, que sorri amargo tr\u00eas vezes, assim como Pedro negou tr\u00eas vezes a Jesus. Sorri de imbecil, sorri da minha desgra\u00e7a, sorri como um adulador sorri. Os tr\u00eas sorrisos unificados em um s\u00f3, o da inf\u00e2mia de desejar sobreviver em paz, n\u00e3o importava como. Sorri. E para n\u00e3o sorrir indefinidamente da minha abje\u00e7\u00e3o, tive a infelicidade de completar com o m\u00e1ximo de coragem:<\/p>\n<p>\u2013 Jornal exagera um pouco. Algumas vezes temos que dar uns descontos.<\/p>\n<p>Para qu\u00ea disse isso? Recebi pelos peitos:<\/p>\n<p>\u2013 Mas eles eram terroristas, n\u00e3o eram? Isso \u00e9 mentira?<\/p>\n<p>\u201cJesus respondeu-lhe: Dar\u00e1s a tua vida por mim? Em verdade, em verdade te digo: N\u00e3o cantar\u00e1 o galo sem que tu me tenhas negado tr\u00eas vezes\u201d. Ent\u00e3o baixei a cabe\u00e7a e procurei bater \u00e0 m\u00e1quina. As denunciantes l\u00e1grimas insistiam em voltar aos meus olhos.<\/p>\n<p>\u2013 Eles eram ou n\u00e3o eram terroristas? \u2013 O velho tornou\u201d.<\/p>\n<p>O mais grave, hoje, \u00e9 que esse tempo sempre corre o risco de voltar. Os criminosos do \u201cmovimento\u201d de 64 continuam impunes. Aquele velho sempre volta. \u00a0\u00c9 nosso dever falar, escrever e divulgar o que sabemos. Dever e honra.<\/p>\n<p>O post <a href=\"https:\/\/vermelho.org.br\/2025\/03\/31\/31-de-marco-ou-primeiro-de-abril\/\">31 de Mar\u00e7o ou Primeiro de Abril?<\/a> apareceu primeiro em <a href=\"https:\/\/vermelho.org.br\/\">Vermelho<\/a>.<\/p>\n<!-- Begin Yuzo --><div class='yuzo_related_post style-1'  data-version='5.12.89'><!-- without result --><div class='yuzo_clearfixed yuzo__title yuzo__title'><h3>Related Post<\/h3><\/div>\n\t\t\t\t\t\t  <div class=\"relatedthumb \" style=\"width:125px;float:left;overflow:hidden;\">  \n\t\t\t\t\t\t\t  \n\t\t\t\t\t\t\t  <a  href=\"https:\/\/redept.com.br\/blogosfera\/60-milhoes-podem-ganhar-isencao-na-conta-de-luz\/\"  >\n\t\t\t\t\t\t\t\t\t  <div class=\"yuzo-img-wrap \" style=\"width: 125px;height:90px;\">\n\t\t\t\t\t\t\t\t\t\t\n\t\t\t\t\t\t\t\t\t\t<div class=\"yuzo-img\" style=\"background:url('https:\/\/redept.org\/blogosfera\/wp-content\/plugins\/yuzo-related-post\/assets\/images\/default.png') 50% 50% no-repeat;width: 125px;height:90px;margin-bottom: 5px;background-size: cover; \"><\/div>\n\t\t\t\t\t\t\t\t\t  <\/div>\n\t\t\t\t\t\t\t\t\t  \n\t\t\t\t\t\t\t\t   <span class=\"yuzo__text--title\" style=\"font-size:13px;\">60 milh\u00f5es podem ganhar isen\u00e7\u00e3o na conta de luz<\/span>\n\t\t\t\t\t\t\t  \n\t\t\t\t\t\t\t  \n\t\t\t\t\t\t\t  <\/a>\n\n\t\t\t\t\t\t  <\/div>\n\t\t\t\t\t\t  <div class=\"relatedthumb \" style=\"width:125px;float:left;overflow:hidden;\">  \n\t\t\t\t\t\t\t  \n\t\t\t\t\t\t\t  <a  href=\"https:\/\/redept.com.br\/blogosfera\/china-condena-possivel-visita-de-primeira-ministra-do-japao-a-santuario-que-homenageia-criminosos-de-guerra\/\"  >\n\t\t\t\t\t\t\t\t\t  <div class=\"yuzo-img-wrap \" style=\"width: 125px;height:90px;\">\n\t\t\t\t\t\t\t\t\t\t\n\t\t\t\t\t\t\t\t\t\t<div class=\"yuzo-img\" style=\"background:url('https:\/\/redept.org\/blogosfera\/wp-content\/plugins\/yuzo-related-post\/assets\/images\/default.png') 50% 50% no-repeat;width: 125px;height:90px;margin-bottom: 5px;background-size: cover; \"><\/div>\n\t\t\t\t\t\t\t\t\t  <\/div>\n\t\t\t\t\t\t\t\t\t  \n\t\t\t\t\t\t\t\t   <span class=\"yuzo__text--title\" style=\"font-size:13px;\">China condena poss\u00edvel visita de primeira-ministra...<\/span>\n\t\t\t\t\t\t\t  \n\t\t\t\t\t\t\t  \n\t\t\t\t\t\t\t  <\/a>\n\n\t\t\t\t\t\t  <\/div>\n\t\t\t\t\t\t  <div class=\"relatedthumb \" style=\"width:125px;float:left;overflow:hidden;\">  \n\t\t\t\t\t\t\t  \n\t\t\t\t\t\t\t  <a  href=\"https:\/\/redept.com.br\/blogosfera\/programa-de-alfabetizacao-audiovisual-do-rs-completa-17-anos-com-edicao-especial-neste-final-de-semana\/\"  >\n\t\t\t\t\t\t\t\t\t  <div class=\"yuzo-img-wrap \" style=\"width: 125px;height:90px;\">\n\t\t\t\t\t\t\t\t\t\t\n\t\t\t\t\t\t\t\t\t\t<div class=\"yuzo-img\" style=\"background:url('https:\/\/redept.com.br\/blogosfera\/wp-content\/uploads\/2025\/04\/O_Sonho_de_Clarisse__credito_Encripta-2048x1152-1-150x150.jpg') 50% 50% no-repeat;width: 125px;height:90px;margin-bottom: 5px;background-size: cover; \"><\/div>\n\t\t\t\t\t\t\t\t\t  <\/div>\n\t\t\t\t\t\t\t\t\t  \n\t\t\t\t\t\t\t\t   <span class=\"yuzo__text--title\" style=\"font-size:13px;\">Programa de Alfabetiza\u00e7\u00e3o Audiovisual do RS comple...<\/span>\n\t\t\t\t\t\t\t  \n\t\t\t\t\t\t\t  \n\t\t\t\t\t\t\t  <\/a>\n\n\t\t\t\t\t\t  <\/div>\n\t\t\t\t\t\t  <div class=\"relatedthumb \" style=\"width:125px;float:left;overflow:hidden;\">  \n\t\t\t\t\t\t\t  \n\t\t\t\t\t\t\t  <a  href=\"https:\/\/redept.com.br\/blogosfera\/ministerio-dos-direitos-humanos-anuncia-r-5-milhoes-ao-marajo\/\"  >\n\t\t\t\t\t\t\t\t\t  <div class=\"yuzo-img-wrap \" style=\"width: 125px;height:90px;\">\n\t\t\t\t\t\t\t\t\t\t\n\t\t\t\t\t\t\t\t\t\t<div class=\"yuzo-img\" style=\"background:url('https:\/\/redept.com.br\/blogosfera\/wp-content\/uploads\/2024\/12\/Ministra-posa-a-frente-das-lanchas-Foto-Raul-Lansky-scaled-1-150x150.jpeg') 50% 50% no-repeat;width: 125px;height:90px;margin-bottom: 5px;background-size: cover; \"><\/div>\n\t\t\t\t\t\t\t\t\t  <\/div>\n\t\t\t\t\t\t\t\t\t  \n\t\t\t\t\t\t\t\t   <span class=\"yuzo__text--title\" style=\"font-size:13px;\">Minist\u00e9rio dos Direitos Humanos anuncia R$ 5 milh\u00f5...<\/span>\n\t\t\t\t\t\t\t  \n\t\t\t\t\t\t\t  \n\t\t\t\t\t\t\t  <\/a>\n\n\t\t\t\t\t\t  <\/div>\n<\/div> <script>\n\t\t\t\t\t\t  jQuery(document).ready(function( $ ){\n\t\t\t\t\t\t\t\/\/jQuery('.yuzo_related_post').equalizer({ overflow : 'relatedthumb' });\n\t\t\t\t\t\t\tjQuery('.yuzo_related_post .yuzo_wraps').equalizer({ columns : '> div' });\n\t\t\t\t\t\t   })\n\t\t\t\t\t\t  <\/script> <!-- End Yuzo :) -->","protected":false},"excerpt":{"rendered":"<p>No mais recente 30 de mar\u00e7o, durante a movimenta\u00e7\u00e3o do Sem Anistia no Recife, em conversa com o camarada Helmiton Beserra destacamos: os nossos cabelos brancos deixam-nos a oportunidade de repor fatos fundamentais. Isso porque, a partir de certa idade, a nossa mem\u00f3ria \u00e9 hist\u00f3ria. Mais adiante, na Rua da Aurora, com a pedagoga F\u00e1tima [&hellip;]<\/p>\n","protected":false},"author":2,"featured_media":19123,"comment_status":"closed","ping_status":"closed","sticky":false,"template":"","format":"standard","meta":{"fifu_image_url":"","fifu_image_alt":"","footnotes":""},"categories":[4660,4661,544,4352,132,2609],"tags":[],"class_list":["post-19122","post","type-post","status-publish","format-standard","has-post-thumbnail","hentry","category-1o-de-abril","category-31-de-marco","category-ditadura-militar","category-golpe-de-64","category-politica","category-sem-anistia"],"_links":{"self":[{"href":"https:\/\/redept.com.br\/blogosfera\/wp-json\/wp\/v2\/posts\/19122","targetHints":{"allow":["GET"]}}],"collection":[{"href":"https:\/\/redept.com.br\/blogosfera\/wp-json\/wp\/v2\/posts"}],"about":[{"href":"https:\/\/redept.com.br\/blogosfera\/wp-json\/wp\/v2\/types\/post"}],"author":[{"embeddable":true,"href":"https:\/\/redept.com.br\/blogosfera\/wp-json\/wp\/v2\/users\/2"}],"replies":[{"embeddable":true,"href":"https:\/\/redept.com.br\/blogosfera\/wp-json\/wp\/v2\/comments?post=19122"}],"version-history":[{"count":0,"href":"https:\/\/redept.com.br\/blogosfera\/wp-json\/wp\/v2\/posts\/19122\/revisions"}],"wp:featuredmedia":[{"embeddable":true,"href":"https:\/\/redept.com.br\/blogosfera\/wp-json\/wp\/v2\/media\/19123"}],"wp:attachment":[{"href":"https:\/\/redept.com.br\/blogosfera\/wp-json\/wp\/v2\/media?parent=19122"}],"wp:term":[{"taxonomy":"category","embeddable":true,"href":"https:\/\/redept.com.br\/blogosfera\/wp-json\/wp\/v2\/categories?post=19122"},{"taxonomy":"post_tag","embeddable":true,"href":"https:\/\/redept.com.br\/blogosfera\/wp-json\/wp\/v2\/tags?post=19122"}],"curies":[{"name":"wp","href":"https:\/\/api.w.org\/{rel}","templated":true}]}}