{"id":19147,"date":"2025-03-31T15:27:57","date_gmt":"2025-03-31T18:27:57","guid":{"rendered":"https:\/\/redept.org\/blogosfera\/credito-consignado-para-clt-ja-foi-aprovado-para-40-mil-trabalhadores\/"},"modified":"2025-03-31T15:27:57","modified_gmt":"2025-03-31T18:27:57","slug":"credito-consignado-para-clt-ja-foi-aprovado-para-40-mil-trabalhadores","status":"publish","type":"post","link":"https:\/\/redept.com.br\/blogosfera\/credito-consignado-para-clt-ja-foi-aprovado-para-40-mil-trabalhadores\/","title":{"rendered":"Cr\u00e9dito consignado para CLT j\u00e1 foi aprovado para 40 mil trabalhadores"},"content":{"rendered":"<p>Cr\u00e9dito <a href=\"https:\/\/tvtnews.com.br\/tag\/consignado-clt\/\" data-type=\"post_tag\" data-id=\"4744\">consignado para CLT<\/a> e <a href=\"https:\/\/tvtnews.com.br\/tag\/mei\/\" data-type=\"post_tag\" data-id=\"4730\">MEI\u2019s<\/a> j\u00e1 ultrapassou os R$ 500 milh\u00f5es para mais de 40 mil clientes. Os n\u00fameros foram divulgados pela Caixa Econ\u00f4mica Federal nesta segunda-feira (31). Em m\u00e9dia, cada <a href=\"https:\/\/tvtnews.com.br\/tag\/trabalho\/\" data-type=\"post_tag\" data-id=\"4402\">trabalhador<\/a> recebeu R$ 12 mil e o prazo m\u00e9dio \u00e9 de 44 meses. Saiba mais na <strong><a href=\"https:\/\/tvtnews.com.br\/\" data-type=\"page\" data-id=\"733503\">TVT News<\/a><\/strong>.<\/p>\n<\/p>\n<h2>Cr\u00e9dito consignado para CLT na Caixa<\/h2>\n<\/p>\n<p>A <a href=\"https:\/\/tvtnews.com.br\/tag\/caixa\/\" data-type=\"post_tag\" data-id=\"4637\">Caixa<\/a> j\u00e1 contratou mais de R$ 500 milh\u00f5es do Cr\u00e9dito do Trabalhador desde o in\u00edcio da opera\u00e7\u00e3o, em 21 de mar\u00e7o, at\u00e9 esta segunda-feira (31). Foram mais de 40 mil clientes de todos os estados brasileiros, em 3 mil munic\u00edpios, com empr\u00e9stimo aprovado. O ticket m\u00e9dio de contrata\u00e7\u00e3o foi de R$ 12 mil e o prazo m\u00e9dio de 44 meses.<\/p>\n<p>\u201cEsse cr\u00e9dito [consignado para CLT] \u00e9 uma oportunidade para os trabalhadores, inclusive empregados dom\u00e9sticos e rurais, de quitarem suas d\u00edvidas a juros altos, e aliviarem suas contas. \u00c9 importante avaliar todas as op\u00e7\u00f5es, calcular o impacto das parcelas no or\u00e7amento familiar, e escolher a melhor op\u00e7\u00e3o. A Caixa ter\u00e1 sempre o compromisso de oferecer as melhores taxas e condi\u00e7\u00f5es para os clientes\u201d, afirmou Carlos Vieira, presidente da Caixa.<\/p>\n<figure>\n<div>\n<blockquote data-secret=\"60CDOwRbCf\"><p><a href=\"https:\/\/tvtnews.com.br\/credito-do-trabalhador-emprestimos-baratos-fgts\/\">Cr\u00e9dito do Trabalhador fornece empr\u00e9stimos mais baratos com garantia do FGTS<\/a><\/p><\/blockquote>\n<\/div>\n<\/figure>\n<p>At\u00e9 25 de abril o Cr\u00e9dito do Trabalhador \u00e9 contratado pelo <a href=\"https:\/\/tvtnews.com.br\/carteira-de-trabalho-digital-consultas-vagas-sine\/\" data-type=\"post\" data-id=\"735328\">App CTPS Digital<\/a>, do Minist\u00e9rio do Trabalho e Emprego. Ap\u00f3s simula\u00e7\u00e3o realizada no aplicativo, se o cliente escolher a proposta da Caixa, ser\u00e1 direcionado para o Whatsapp Caixa para finalizar a contrata\u00e7\u00e3o. A partir de 25 de abril o cr\u00e9dito poder\u00e1 ser contratado diretamente pelos canais da Caixa.<\/p>\n<\/p>\n<h2>Tire suas d\u00favidas sobre Cr\u00e9dito do Trabalhador<\/h2>\n<\/p>\n<p>Trabalhadores com carteiras assinadas (CLT) e microempreendedores individuais (MEI) ser\u00e3o os grupos benefici\u00e1rios do cr\u00e9dito consignado. O novo formato permite que as parcelas sejam diretamente descontadas da folha salarial, o que reduz a chance de inadimpl\u00eancia para os bancos.<\/p>\n<p>O Cr\u00e9dito do Trabalhador tamb\u00e9m ter\u00e1 taxas de juros mais baixos, devido a maior seguran\u00e7a de que haver\u00e1 pagamento.<\/p>\n<p>Para o trabalhador que j\u00e1 possui um empr\u00e9stimo em aberto, ser\u00e1 poss\u00edvel fazer a troca para a modalidade Cr\u00e9dito do Trabalhador. Por\u00e9m essa possibilidade s\u00f3 estar\u00e1 funcionando a partir de 25 de abril para trocas dentro da mesma institui\u00e7\u00e3o financeira. Para trocas entre institui\u00e7\u00f5es, a modalidade de troca s\u00f3 estar\u00e1 em aberto a partir do dia 6 de junho.<\/p>\n<\/p>\n<h3>Perguntas e respostas sobre o empr\u00e9stimo consignado para CLT e MEI\u2019s<\/h3>\n<h5>Como vai funcionar o cr\u00e9dito consignado para CLT?<\/h5>\n<p>Por meio do app da\u00a0<a href=\"https:\/\/www.gov.br\/pt-br\/temas\/carteira-de-trabalho-digital\" target=\"_blank\" rel=\"noreferrer noopener nofollow\">Carteira de Trabalho Digital (CTPS Digital)<\/a>, o trabalhador tem a op\u00e7\u00e3o de requerer a proposta de cr\u00e9dito. Para isso, seguindo as regras da Lei Geral de Prote\u00e7\u00e3o de Dados (LGPD), autoriza as institui\u00e7\u00f5es financeiras habilitadas pelo Minist\u00e9rio do Trabalho a acessar dados como nome, CPF, margem do sal\u00e1rio dispon\u00edvel para consigna\u00e7\u00e3o e tempo de empresa.<\/p>\n<\/p>\n<figure><figcaption>Para solicitar o Cr\u00e9dito do Trabalhador, a pessoa n\u00e3o precisa enfrentar filas, tudo pode ser feito digitalmente. Foto: Bruno Peres\/Ag\u00eancia Brasil<\/figcaption><\/figure>\n<\/p>\n<h3>Quanto tempo para receber as ofertas?<\/h3>\n<p>A partir da autoriza\u00e7\u00e3o de uso dos dados, o trabalhador recebe as ofertas em at\u00e9 24h, analisa a melhor op\u00e7\u00e3o e faz a contrata\u00e7\u00e3o no canal eletr\u00f4nico do banco.<\/p>\n<h3>Como ser\u00e1 feito o desconto das parcelas?<\/h3>\n<p>As parcelas do empr\u00e9stimo ser\u00e3o descontadas na folha do trabalhador mensalmente, por meio do eSocial, observada a margem consign\u00e1vel de 35% do sal\u00e1rio. Ap\u00f3s a contrata\u00e7\u00e3o, o trabalhador acompanha m\u00eas a m\u00eas as atualiza\u00e7\u00f5es do pagamento. A partir de 25 de abril, o trabalhador tamb\u00e9m poder\u00e1 fazer contrata\u00e7\u00f5es pelos canais eletr\u00f4nicos dos bancos.<\/p>\n<h3>Quem tem direito ao cr\u00e9dito do trabalhador?<\/h3>\n<p>O trabalhador com carteira assinada, inclusive rurais e dom\u00e9sticos, al\u00e9m de MEIs.<\/p>\n<h3>Quando o cr\u00e9dito do trabalhador estar\u00e1 dispon\u00edvel?<\/h3>\n<p>A partir de 21 de mar\u00e7o de 2025.<\/p>\n<figure>\n<div>\n<blockquote data-secret=\"ozZFDn2Qyr\"><p><a href=\"https:\/\/tvtnews.com.br\/emprestimo-consignado-clt-meis-comeca-nesta-sexta\/\">Empr\u00e9stimo consignado para CLT\u2019s e MEI\u2019s j\u00e1 come\u00e7ou a valer<\/a><\/p><\/blockquote>\n<\/div>\n<\/figure>\n<h3>Se eu j\u00e1 tiver um consignado, posso migrar?<\/h3>\n<p>Os trabalhadores que j\u00e1 t\u00eam empr\u00e9stimos com desconto em folha podem migrar o contrato existente para o novo modelo a partir de 25 de abril deste ano.<\/p>\n<figure>\n<div>\n<blockquote data-secret=\"phBbcbPcg6\"><p><a href=\"https:\/\/tvtnews.com.br\/quem-fez-emprestimo-pode-mudar-credito-trabalhador\/\">Cr\u00e9dito do Trabalhador vai reduzir juros de empr\u00e9stimos j\u00e1 feitos<\/a><\/p><\/blockquote>\n<\/div>\n<\/figure>\n<h3>Em caso de demiss\u00e3o, como ficam as parcelas devidas do cr\u00e9dito consignado?<\/h3>\n<p>No caso de desligamento, o desconto ser\u00e1 aplicado sobre as verbas rescis\u00f3rias, observado o limite legal.<\/p>\n<h3>O que pode ser dado como garantia de pagamento do empr\u00e9stimo?<\/h3>\n<p>O trabalhador pode usar at\u00e9 10% do saldo no FGTS para garantias e ainda 100% da multa rescis\u00f3ria em caso de demiss\u00e3o.<\/p>\n<h3>O processo \u00e9 s\u00f3 pela carteira digital ou posso ir aos bancos?<\/h3>\n<p>Inicialmente, somente na CTPS Digital. A partir de 25 de abril, o trabalhador poder\u00e1 tamb\u00e9m iniciar contrata\u00e7\u00f5es pelos canais eletr\u00f4nicos dos bancos. Pela CTPS Digital, o trabalhador tem a possibilidade de receber propostas de todos os bancos interessados, o que permite compara\u00e7\u00e3o e a escolha mais vantajosa.<\/p>\n<h3>As opera\u00e7\u00f5es ser\u00e3o s\u00f3 por bancos habilitados?<\/h3>\n<p>Sim. A estimativa \u00e9 que mais de 80 institui\u00e7\u00f5es financeiras estejam habilitadas. O in\u00edcio da habilita\u00e7\u00e3o se dar\u00e1 a partir da publica\u00e7\u00e3o da Medida Provis\u00f3ria.<\/p>\n<h3>Os bancos ter\u00e3o acesso a todos os dados do trabalhador?<\/h3>\n<p>Apenas os dados necess\u00e1rios para que as institui\u00e7\u00f5es fa\u00e7am propostas de cr\u00e9dito: nome, CPF, margem do sal\u00e1rio dispon\u00edvel para consigna\u00e7\u00e3o e tempo de empresa.<\/p>\n<h3>Ser\u00e1 autom\u00e1tica a migra\u00e7\u00e3o do cr\u00e9dito direto ao consumidor (CDC) para o Cr\u00e9dito do Trabalhador?<\/h3>\n<p>O trabalhador que tiver CDC deve procurar uma institui\u00e7\u00e3o financeira habilitada, caso queira fazer a migra\u00e7\u00e3o para o Cr\u00e9dito Trabalhador.<\/p>\n<h3>Depois de realizar o Cr\u00e9dito do Trabalhador, o trabalhador pode fazer a portabilidade para um banco com taxas melhores?<\/h3>\n<p>Sim. A portabilidade estar\u00e1 dispon\u00edvel a partir de junho de 2025.<\/p>\n<h3>O Cr\u00e9dito do Trabalhador substitui o Saque-Anivers\u00e1rio?<\/h3>\n<p>N\u00e3o, o Saque-Anivers\u00e1rio continuar\u00e1 em vigor.<\/p>\n<figure>\n<div>\n<blockquote data-secret=\"hbsgAJ9yOs\"><p><a href=\"https:\/\/tvtnews.com.br\/governo-libera-fgts-a-quem-optou-saque-aniversario\/\">FGTS para quem aderiu saque-anivers\u00e1rio j\u00e1 est\u00e1 dispon\u00edvel<\/a><\/p><\/blockquote>\n<\/div>\n<\/figure>\n<p>Informa\u00e7\u00f5es da <a href=\"https:\/\/caixanoticias.caixa.gov.br\/Paginas\/Not%C3%ADcias\/2025\/03-MARCO\/CAIXA-j%C3%A1-contratou-mais-de-R%24-500-milh%C3%B5es-do-Cr%C3%A9dito-do-Trabalhador.aspx\" target=\"_blank\" data-type=\"link\" data-id=\"https:\/\/caixanoticias.caixa.gov.br\/Paginas\/Not%C3%ADcias\/2025\/03-MARCO\/CAIXA-j%C3%A1-contratou-mais-de-R$-500-milh%C3%B5es-do-Cr%C3%A9dito-do-Trabalhador.aspx\" rel=\"noreferrer noopener nofollow\">Caixa Not\u00edcias<\/a><\/p>\n<h3>Leia tamb\u00e9m sobre direitos do trabalhador<\/h3>\n<ul>\n<li><a href=\"https:\/\/tvtnews.com.br\/nr-1-nova-norma-aumenta-responsabilidade-da-empresa-na-saude-mental-do-trabalhador\/\">NR-1: nova norma aumenta responsabilidade da empresa na sa\u00fade mental do trabalhador<\/a><\/li>\n<li><a href=\"https:\/\/tvtnews.com.br\/credito-do-trabalhador-emprestimos-baratos-fgts\/\">Cr\u00e9dito do Trabalhador fornece empr\u00e9stimos mais baratos com garantia do FGTS<\/a><\/li>\n<li><a href=\"https:\/\/tvtnews.com.br\/renda-media-dos-trabalhadores-tem-crescimento-interanual-de-58\/\">Renda m\u00e9dia dos trabalhadores tem crescimento interanual de 5,8%<\/a><\/li>\n<li><a href=\"https:\/\/tvtnews.com.br\/credito-consignado-clt-aprovado-40-mil-trabalhador\/\">Cr\u00e9dito consignado para CLT j\u00e1 foi aprovado para 40 mil trabalhadores<\/a><\/li>\n<li><a href=\"https:\/\/tvtnews.com.br\/erika-hilton-apresenta-pec-para-acabar-com-escala-6x1\/\">Erika Hilton apresenta PEC para acabar com escala 6\u00d71<\/a><\/li>\n<\/ul>\n<p>The post <a rel=\"nofollow\" href=\"https:\/\/tvtnews.com.br\/credito-consignado-clt-aprovado-40-mil-trabalhador\/\">Cr\u00e9dito consignado para CLT j\u00e1 foi aprovado para 40 mil trabalhadores<\/a> appeared first on <a rel=\"nofollow\" href=\"https:\/\/tvtnews.com.br\/\">TVT News<\/a>.<\/p>\n<!-- Begin Yuzo --><div class='yuzo_related_post style-1'  data-version='5.12.89'><!-- without result --><div class='yuzo_clearfixed yuzo__title yuzo__title'><h3>Related Post<\/h3><\/div>\n\t\t\t\t\t\t  <div class=\"relatedthumb \" style=\"width:125px;float:left;overflow:hidden;\">  \n\t\t\t\t\t\t\t  \n\t\t\t\t\t\t\t  <a  href=\"https:\/\/redept.com.br\/blogosfera\/governo-reduz-processados-e-ultraprocessados-na-alimentacao-escolar\/\"  >\n\t\t\t\t\t\t\t\t\t  <div class=\"yuzo-img-wrap \" style=\"width: 125px;height:90px;\">\n\t\t\t\t\t\t\t\t\t\t\n\t\t\t\t\t\t\t\t\t\t<div class=\"yuzo-img\" style=\"background:url('https:\/\/redept.com.br\/blogosfera\/wp-content\/uploads\/2025\/02\/3a9b98ce-369a-43b7-b10b-eeadbcbb7d42-150x150.jpeg') 50% 50% no-repeat;width: 125px;height:90px;margin-bottom: 5px;background-size: cover; \"><\/div>\n\t\t\t\t\t\t\t\t\t  <\/div>\n\t\t\t\t\t\t\t\t\t  \n\t\t\t\t\t\t\t\t   <span class=\"yuzo__text--title\" style=\"font-size:13px;\">Governo reduz processados e ultraprocessados na al...<\/span>\n\t\t\t\t\t\t\t  \n\t\t\t\t\t\t\t  \n\t\t\t\t\t\t\t  <\/a>\n\n\t\t\t\t\t\t  <\/div>\n\t\t\t\t\t\t  <div class=\"relatedthumb \" style=\"width:125px;float:left;overflow:hidden;\">  \n\t\t\t\t\t\t\t  \n\t\t\t\t\t\t\t  <a  href=\"https:\/\/redept.com.br\/blogosfera\/deputado-do-pt-cita-bolsonaro-e-nikolas-ferreira-em-mega-esquema-bilionario-do-pcc-nos-combustiveis\/\"  >\n\t\t\t\t\t\t\t\t\t  <div class=\"yuzo-img-wrap \" style=\"width: 125px;height:90px;\">\n\t\t\t\t\t\t\t\t\t\t\n\t\t\t\t\t\t\t\t\t\t<div class=\"yuzo-img\" style=\"background:url('https:\/\/redept.org\/blogosfera\/wp-content\/plugins\/yuzo-related-post\/assets\/images\/default.png') 50% 50% no-repeat;width: 125px;height:90px;margin-bottom: 5px;background-size: cover; \"><\/div>\n\t\t\t\t\t\t\t\t\t  <\/div>\n\t\t\t\t\t\t\t\t\t  \n\t\t\t\t\t\t\t\t   <span class=\"yuzo__text--title\" style=\"font-size:13px;\">Deputado do PT cita Bolsonaro e Nikolas Ferreira e...<\/span>\n\t\t\t\t\t\t\t  \n\t\t\t\t\t\t\t  \n\t\t\t\t\t\t\t  <\/a>\n\n\t\t\t\t\t\t  <\/div>\n\t\t\t\t\t\t  <div class=\"relatedthumb \" style=\"width:125px;float:left;overflow:hidden;\">  \n\t\t\t\t\t\t\t  \n\t\t\t\t\t\t\t  <a  href=\"https:\/\/redept.com.br\/blogosfera\/wellington-dias-assume-presidencia-de-conselho-global-contra-a-fome\/\"  >\n\t\t\t\t\t\t\t\t\t  <div class=\"yuzo-img-wrap \" style=\"width: 125px;height:90px;\">\n\t\t\t\t\t\t\t\t\t\t\n\t\t\t\t\t\t\t\t\t\t<div class=\"yuzo-img\" style=\"background:url('https:\/\/redept.com.br\/blogosfera\/wp-content\/uploads\/2025\/02\/Wellington-dias-foto-mds-150x150.jpeg') 50% 50% no-repeat;width: 125px;height:90px;margin-bottom: 5px;background-size: cover; \"><\/div>\n\t\t\t\t\t\t\t\t\t  <\/div>\n\t\t\t\t\t\t\t\t\t  \n\t\t\t\t\t\t\t\t   <span class=\"yuzo__text--title\" style=\"font-size:13px;\">Wellington Dias assume presid\u00eancia de conselho glo...<\/span>\n\t\t\t\t\t\t\t  \n\t\t\t\t\t\t\t  \n\t\t\t\t\t\t\t  <\/a>\n\n\t\t\t\t\t\t  <\/div>\n\t\t\t\t\t\t  <div class=\"relatedthumb \" style=\"width:125px;float:left;overflow:hidden;\">  \n\t\t\t\t\t\t\t  \n\t\t\t\t\t\t\t  <a  href=\"https:\/\/redept.com.br\/blogosfera\/a-minuta-que-custara-30-anos-de-cadeia-para-bolsonaro\/\"  >\n\t\t\t\t\t\t\t\t\t  <div class=\"yuzo-img-wrap \" style=\"width: 125px;height:90px;\">\n\t\t\t\t\t\t\t\t\t\t\n\t\t\t\t\t\t\t\t\t\t<div class=\"yuzo-img\" style=\"background:url('https:\/\/redept.org\/blogosfera\/wp-content\/plugins\/yuzo-related-post\/assets\/images\/default.png') 50% 50% no-repeat;width: 125px;height:90px;margin-bottom: 5px;background-size: cover; \"><\/div>\n\t\t\t\t\t\t\t\t\t  <\/div>\n\t\t\t\t\t\t\t\t\t  \n\t\t\t\t\t\t\t\t   <span class=\"yuzo__text--title\" style=\"font-size:13px;\">A minuta que custar\u00e1 30 anos de cadeia para Bolson...<\/span>\n\t\t\t\t\t\t\t  \n\t\t\t\t\t\t\t  \n\t\t\t\t\t\t\t  <\/a>\n\n\t\t\t\t\t\t  <\/div>\n<\/div> <script>\n\t\t\t\t\t\t  jQuery(document).ready(function( $ ){\n\t\t\t\t\t\t\t\/\/jQuery('.yuzo_related_post').equalizer({ overflow : 'relatedthumb' });\n\t\t\t\t\t\t\tjQuery('.yuzo_related_post .yuzo_wraps').equalizer({ columns : '> div' });\n\t\t\t\t\t\t   })\n\t\t\t\t\t\t  <\/script> <!-- End Yuzo :) -->","protected":false},"excerpt":{"rendered":"<p>Cr\u00e9dito consignado para CLT e MEI\u2019s j\u00e1 ultrapassou os R$ 500 milh\u00f5es para mais de 40 mil clientes. Os n\u00fameros foram divulgados pela Caixa Econ\u00f4mica Federal nesta segunda-feira (31). Em m\u00e9dia, cada trabalhador recebeu R$ 12 mil e o prazo m\u00e9dio \u00e9 de 44 meses. Saiba mais na TVT News. Cr\u00e9dito consignado para CLT na [&hellip;]<\/p>\n","protected":false},"author":2,"featured_media":0,"comment_status":"closed","ping_status":"closed","sticky":false,"template":"","format":"standard","meta":{"fifu_image_url":"","fifu_image_alt":"","footnotes":""},"categories":[4505,489,221,1258,3774,61,377],"tags":[],"class_list":["post-19147","post","type-post","status-publish","format-standard","hentry","category-consignado-clt","category-destaque-pequeno","category-economia","category-empreendedorismo","category-mei","category-sociedade","category-trabalho"],"_links":{"self":[{"href":"https:\/\/redept.com.br\/blogosfera\/wp-json\/wp\/v2\/posts\/19147","targetHints":{"allow":["GET"]}}],"collection":[{"href":"https:\/\/redept.com.br\/blogosfera\/wp-json\/wp\/v2\/posts"}],"about":[{"href":"https:\/\/redept.com.br\/blogosfera\/wp-json\/wp\/v2\/types\/post"}],"author":[{"embeddable":true,"href":"https:\/\/redept.com.br\/blogosfera\/wp-json\/wp\/v2\/users\/2"}],"replies":[{"embeddable":true,"href":"https:\/\/redept.com.br\/blogosfera\/wp-json\/wp\/v2\/comments?post=19147"}],"version-history":[{"count":0,"href":"https:\/\/redept.com.br\/blogosfera\/wp-json\/wp\/v2\/posts\/19147\/revisions"}],"wp:attachment":[{"href":"https:\/\/redept.com.br\/blogosfera\/wp-json\/wp\/v2\/media?parent=19147"}],"wp:term":[{"taxonomy":"category","embeddable":true,"href":"https:\/\/redept.com.br\/blogosfera\/wp-json\/wp\/v2\/categories?post=19147"},{"taxonomy":"post_tag","embeddable":true,"href":"https:\/\/redept.com.br\/blogosfera\/wp-json\/wp\/v2\/tags?post=19147"}],"curies":[{"name":"wp","href":"https:\/\/api.w.org\/{rel}","templated":true}]}}