{"id":19165,"date":"2025-03-31T16:57:27","date_gmt":"2025-03-31T19:57:27","guid":{"rendered":"https:\/\/redept.org\/blogosfera\/temporal-na-grande-sp-causa-desabamento-de-casa-alagamentos-e-interrupcao-da-circulacao-de-trens\/"},"modified":"2025-03-31T16:57:27","modified_gmt":"2025-03-31T19:57:27","slug":"temporal-na-grande-sp-causa-desabamento-de-casa-alagamentos-e-interrupcao-da-circulacao-de-trens","status":"publish","type":"post","link":"https:\/\/redept.com.br\/blogosfera\/temporal-na-grande-sp-causa-desabamento-de-casa-alagamentos-e-interrupcao-da-circulacao-de-trens\/","title":{"rendered":"Temporal na Grande SP causa desabamento de casa, alagamentos e interrup\u00e7\u00e3o da circula\u00e7\u00e3o de trens"},"content":{"rendered":"<p>A forte chuva que atingiu a Regi\u00e3o Metropolitana de S\u00e3o Paulo nesta segunda-feira (31) trouxe uma s\u00e9rie de transtornos \u00e0 popula\u00e7\u00e3o. Entre os impactos est\u00e3o o desabamento de uma resid\u00eancia, ruas alagadas e a paralisa\u00e7\u00e3o da circula\u00e7\u00e3o de trens em parte da Linha 10-Turquesa da Companhia Paulista de Trens Metropolitanos (CPTM). O temporal tamb\u00e9m provocou quedas de \u00e1rvores, transbordamentos de rios e rajadas de vento. Confira mais em <a href=\"https:\/\/tvtnews.com.br\/\" data-type=\"page\" data-id=\"733503\">TVT News<\/a>.<\/p>\n<p>De acordo com a Defesa Civil, equipes foram acionadas para atuar em \u00e1reas de risco nos munic\u00edpios de Mau\u00e1, Santo Andr\u00e9 e S\u00e3o Bernardo do Campo.<\/p>\n<h2>Interrup\u00e7\u00e3o no transporte ferrovi\u00e1rio<\/h2>\n<p>Por volta das 14h50, a CPTM informou que a circula\u00e7\u00e3o de trens da Linha 10-Turquesa foi interrompida entre as esta\u00e7\u00f5es Prefeito Celso Daniel-Santo Andr\u00e9 e Mau\u00e1 devido a alagamentos na via. Para minimizar os impactos aos passageiros, foram disponibilizados 30 \u00f4nibus do sistema Paese no trecho afetado.<\/p>\n<h2>Desabamento em Mau\u00e1<\/h2>\n<p>Em Mau\u00e1, uma casa desabou no bairro Jardim Zaira durante a tempestade. Uma equipe do Corpo de Bombeiros foi enviada ao local para atender a ocorr\u00eancia. At\u00e9 a \u00faltima atualiza\u00e7\u00e3o desta reportagem, n\u00e3o havia informa\u00e7\u00f5es sobre v\u00edtimas. A Defesa Civil informou ainda que, por volta das 14h35, a cidade registrou chuva intensa acompanhada de fortes rajadas de vento, causando alagamentos generalizados, queda de \u00e1rvores e o transbordamento do rio Corumb\u00e9.<\/p>\n<h2>Alagamentos em Santo Andr\u00e9<\/h2>\n<p>Em Santo Andr\u00e9, as chuvas deixaram diversas vias submersas. V\u00eddeos enviados ao <strong>g1 <\/strong>mostram enchentes na Vila Pires e na Avenida dos Estados. Segundo a Defesa Civil, \u00e0s 14h houve um epis\u00f3dio de chuva torrencial com ventos fortes, resultando no alagamento da Avenida dos Estados, al\u00e9m do transbordamento do C\u00f3rrego Guarar\u00e1 e do Rio Tamanduate\u00ed.<\/p>\n<blockquote data-instgrm-captioned data-instgrm-permalink=\"https:\/\/www.instagram.com\/reel\/DH36P4tJKKC\/?utm_source=ig_embed&amp;utm_campaign=loading\" data-instgrm-version=\"14\">\n<div> <a href=\"https:\/\/www.instagram.com\/reel\/DH36P4tJKKC\/?utm_source=ig_embed&amp;utm_campaign=loading\" target=\"_blank\" rel=\"noopener noreferrer nofollow\"> <\/p>\n<div>\n<div><\/div>\n<div>\n<div><\/div>\n<div><\/div>\n<\/div>\n<\/div>\n<div><\/div>\n<div><\/div>\n<div>\n<div>Ver esta publica\u00e7\u00e3o no Instagram<\/div>\n<\/div>\n<div><\/div>\n<div>\n<div>\n<div><\/div>\n<div><\/div>\n<div><\/div>\n<\/div>\n<div>\n<div><\/div>\n<div><\/div>\n<\/div>\n<div>\n<div><\/div>\n<div><\/div>\n<div><\/div>\n<\/div>\n<\/div>\n<div>\n<div><\/div>\n<div><\/div>\n<\/div>\n<p><\/a><\/p>\n<p><a href=\"https:\/\/www.instagram.com\/reel\/DH36P4tJKKC\/?utm_source=ig_embed&amp;utm_campaign=loading\" target=\"_blank\" rel=\"noopener noreferrer nofollow\">Uma publica\u00e7\u00e3o partilhada por FOLHA DO ABC (@folha_do_abc)<\/a><\/p>\n<\/div>\n<\/blockquote>\n<h2>Estado de aten\u00e7\u00e3o na capital paulista<\/h2>\n<p>Na capital, o Centro de Gerenciamento de Emerg\u00eancias Clim\u00e1ticas (CGE) declarou estado de aten\u00e7\u00e3o para alagamentos \u00e0s 15h35. O radar meteorol\u00f3gico identificou chuva intensa nas subprefeituras de Vila Prudente, S\u00e3o Mateus e Capela do Socorro. \u00c0s 15h57, a subprefeitura do Ipiranga entrou em estado de alerta devido \u00e0 imin\u00eancia de transbordamento do Ribeir\u00e3o dos Meninos na altura da Estrada das L\u00e1grimas, n\u00famero 4237, na Zona Sudeste.<\/p>\n<p>Rajadas de vento tamb\u00e9m foram registradas em diversos pontos da cidade:<\/p>\n<ul>\n<li><strong>34,5 km\/h <\/strong>na Subprefeitura da Lapa, Zona Oeste, \u00e0s 13h30;<\/li>\n<li><strong>31,8 km\/h <\/strong>na Subprefeitura de Santana, Zona Norte, \u00e0s 13h40;<\/li>\n<li><strong>24,4 km\/h <\/strong>na Subprefeitura do Campo Limpo, Zona Sul, \u00e0s 13h40;<\/li>\n<li><strong>20,3 km\/h <\/strong>na Subprefeitura do Ipiranga, Zona Sudeste, \u00e0s 13h50;<\/li>\n<li><strong>20,1 km\/h <\/strong>na Subprefeitura de Vila Prudente, Zona Leste, \u00e0s 14h10.<\/li>\n<\/ul>\n<p>Al\u00e9m disso, houve alagamento na esquina das avenidas Rebou\u00e7as e Faria Lima, na Zona Oeste.<\/p>\n<p>Leia tamb\u00e9m: <a href=\"https:\/\/tvtnews.com.br\/sp-municipios-atingidos-chuvas-discutem-drenagem\/\" data-type=\"post\" data-id=\"736161\">SP: munic\u00edpios mais atingidos por chuvas discutem planos de drenagem<\/a><\/p>\n<h2>Previs\u00e3o do tempo para os pr\u00f3ximos dias<\/h2>\n<p>Segundo o CGE, a primeira semana de abril ser\u00e1 marcada por sol entre nuvens, calor e pancadas de chuva concentradas no final da tarde. Na ter\u00e7a-feira (1), as temperaturas devem variar entre 20\u00b0C e 29\u00b0C, com possibilidade de chuvas moderadas a fortes acompanhadas de raios e rajadas de vento, elevando o risco de alagamentos e queda de \u00e1rvores.<\/p>\n<p>Na quarta-feira (2), o tempo seguir\u00e1 abafado, com temperaturas entre 20\u00b0C e 29\u00b0C e previs\u00e3o de pancadas de chuva isoladas no per\u00edodo vespertino.<\/p>\n<p>As autoridades refor\u00e7am a import\u00e2ncia de evitar \u00e1reas alagadas e de ficar atento \u00e0s atualiza\u00e7\u00f5es das condi\u00e7\u00f5es clim\u00e1ticas.<\/p>\n<\/p>\n<p>The post <a rel=\"nofollow\" href=\"https:\/\/tvtnews.com.br\/temporal-sp-causa-alagamentos-e-interrupcao-trens\/\">Temporal na Grande SP causa desabamento de casa, alagamentos e interrup\u00e7\u00e3o da circula\u00e7\u00e3o de trens<\/a> appeared first on <a rel=\"nofollow\" href=\"https:\/\/tvtnews.com.br\/\">TVT News<\/a>.<\/p>\n<!-- Begin Yuzo --><div class='yuzo_related_post style-1'  data-version='5.12.89'><!-- without result --><div class='yuzo_clearfixed yuzo__title yuzo__title'><h3>Related Post<\/h3><\/div>\n\t\t\t\t\t\t  <div class=\"relatedthumb \" style=\"width:125px;float:left;overflow:hidden;\">  \n\t\t\t\t\t\t\t  \n\t\t\t\t\t\t\t  <a  href=\"https:\/\/redept.com.br\/blogosfera\/o-que-e-noticia-no-jornal-tvt-news-primeira-edicao-07-11-2025\/\"  >\n\t\t\t\t\t\t\t\t\t  <div class=\"yuzo-img-wrap \" style=\"width: 125px;height:90px;\">\n\t\t\t\t\t\t\t\t\t\t\n\t\t\t\t\t\t\t\t\t\t<div class=\"yuzo-img\" style=\"background:url('https:\/\/redept.com.br\/blogosfera\/wp-content\/uploads\/2025\/11\/jornal_tvt_news-8-150x150.jpeg') 50% 50% no-repeat;width: 125px;height:90px;margin-bottom: 5px;background-size: cover; \"><\/div>\n\t\t\t\t\t\t\t\t\t  <\/div>\n\t\t\t\t\t\t\t\t\t  \n\t\t\t\t\t\t\t\t   <span class=\"yuzo__text--title\" style=\"font-size:13px;\">O que \u00e9 not\u00edcia no Jornal TVT News Primeira Edi\u00e7\u00e3o...<\/span>\n\t\t\t\t\t\t\t  \n\t\t\t\t\t\t\t  \n\t\t\t\t\t\t\t  <\/a>\n\n\t\t\t\t\t\t  <\/div>\n\t\t\t\t\t\t  <div class=\"relatedthumb \" style=\"width:125px;float:left;overflow:hidden;\">  \n\t\t\t\t\t\t\t  \n\t\t\t\t\t\t\t  <a  href=\"https:\/\/redept.com.br\/blogosfera\/semana-camponesa-mobiliza-militancia-do-mst-na-bahia-em-defesa-da-reforma-agraria-popular\/\"  >\n\t\t\t\t\t\t\t\t\t  <div class=\"yuzo-img-wrap \" style=\"width: 125px;height:90px;\">\n\t\t\t\t\t\t\t\t\t\t\n\t\t\t\t\t\t\t\t\t\t<div class=\"yuzo-img\" style=\"background:url('https:\/\/redept.com.br\/blogosfera\/wp-content\/uploads\/2025\/07\/1000875415-150x150.jpg') 50% 50% no-repeat;width: 125px;height:90px;margin-bottom: 5px;background-size: cover; \"><\/div>\n\t\t\t\t\t\t\t\t\t  <\/div>\n\t\t\t\t\t\t\t\t\t  \n\t\t\t\t\t\t\t\t   <span class=\"yuzo__text--title\" style=\"font-size:13px;\">Semana Camponesa mobiliza milit\u00e2ncia do MST na Bah...<\/span>\n\t\t\t\t\t\t\t  \n\t\t\t\t\t\t\t  \n\t\t\t\t\t\t\t  <\/a>\n\n\t\t\t\t\t\t  <\/div>\n\t\t\t\t\t\t  <div class=\"relatedthumb \" style=\"width:125px;float:left;overflow:hidden;\">  \n\t\t\t\t\t\t\t  \n\t\t\t\t\t\t\t  <a  href=\"https:\/\/redept.com.br\/blogosfera\/apos-tres-meses-de-bloqueio-e-57-bebes-mortos-de-fome-israel-permite-entrada-de-ajuda-em-gaza\/\"  >\n\t\t\t\t\t\t\t\t\t  <div class=\"yuzo-img-wrap \" style=\"width: 125px;height:90px;\">\n\t\t\t\t\t\t\t\t\t\t\n\t\t\t\t\t\t\t\t\t\t<div class=\"yuzo-img\" style=\"background:url('https:\/\/redept.org\/blogosfera\/wp-content\/plugins\/yuzo-related-post\/assets\/images\/default.png') 50% 50% no-repeat;width: 125px;height:90px;margin-bottom: 5px;background-size: cover; \"><\/div>\n\t\t\t\t\t\t\t\t\t  <\/div>\n\t\t\t\t\t\t\t\t\t  \n\t\t\t\t\t\t\t\t   <span class=\"yuzo__text--title\" style=\"font-size:13px;\">Ap\u00f3s tr\u00eas meses de bloqueio e 57 beb\u00eas mortos de f...<\/span>\n\t\t\t\t\t\t\t  \n\t\t\t\t\t\t\t  \n\t\t\t\t\t\t\t  <\/a>\n\n\t\t\t\t\t\t  <\/div>\n\t\t\t\t\t\t  <div class=\"relatedthumb \" style=\"width:125px;float:left;overflow:hidden;\">  \n\t\t\t\t\t\t\t  \n\t\t\t\t\t\t\t  <a  href=\"https:\/\/redept.com.br\/blogosfera\/privatistas-avancam-sobre-rodovias-em-sao-paulo\/\"  >\n\t\t\t\t\t\t\t\t\t  <div class=\"yuzo-img-wrap \" style=\"width: 125px;height:90px;\">\n\t\t\t\t\t\t\t\t\t\t\n\t\t\t\t\t\t\t\t\t\t<div class=\"yuzo-img\" style=\"background:url('https:\/\/redept.com.br\/blogosfera\/wp-content\/uploads\/2025\/06\/RaposoTavares_Foto-150x150.jpg') 50% 50% no-repeat;width: 125px;height:90px;margin-bottom: 5px;background-size: cover; \"><\/div>\n\t\t\t\t\t\t\t\t\t  <\/div>\n\t\t\t\t\t\t\t\t\t  \n\t\t\t\t\t\t\t\t   <span class=\"yuzo__text--title\" style=\"font-size:13px;\">Privatistas avan\u00e7am sobre rodovias em S\u00e3o Paulo<\/span>\n\t\t\t\t\t\t\t  \n\t\t\t\t\t\t\t  \n\t\t\t\t\t\t\t  <\/a>\n\n\t\t\t\t\t\t  <\/div>\n<\/div> <script>\n\t\t\t\t\t\t  jQuery(document).ready(function( $ ){\n\t\t\t\t\t\t\t\/\/jQuery('.yuzo_related_post').equalizer({ overflow : 'relatedthumb' });\n\t\t\t\t\t\t\tjQuery('.yuzo_related_post .yuzo_wraps').equalizer({ columns : '> div' });\n\t\t\t\t\t\t   })\n\t\t\t\t\t\t  <\/script> <!-- End Yuzo :) -->","protected":false},"excerpt":{"rendered":"<p>A forte chuva que atingiu a Regi\u00e3o Metropolitana de S\u00e3o Paulo nesta segunda-feira (31) trouxe uma s\u00e9rie de transtornos \u00e0 popula\u00e7\u00e3o. Entre os impactos est\u00e3o o desabamento de uma resid\u00eancia, ruas alagadas e a paralisa\u00e7\u00e3o da circula\u00e7\u00e3o de trens em parte da Linha 10-Turquesa da Companhia Paulista de Trens Metropolitanos (CPTM). O temporal tamb\u00e9m provocou [&hellip;]<\/p>\n","protected":false},"author":2,"featured_media":0,"comment_status":"closed","ping_status":"closed","sticky":false,"template":"","format":"standard","meta":{"fifu_image_url":"","fifu_image_alt":"","footnotes":""},"categories":[1011,489,94,4040,29],"tags":[],"class_list":["post-19165","post","type-post","status-publish","format-standard","hentry","category-cidades","category-destaque-pequeno","category-geral","category-grande-sao-paulo","category-sao-paulo"],"_links":{"self":[{"href":"https:\/\/redept.com.br\/blogosfera\/wp-json\/wp\/v2\/posts\/19165","targetHints":{"allow":["GET"]}}],"collection":[{"href":"https:\/\/redept.com.br\/blogosfera\/wp-json\/wp\/v2\/posts"}],"about":[{"href":"https:\/\/redept.com.br\/blogosfera\/wp-json\/wp\/v2\/types\/post"}],"author":[{"embeddable":true,"href":"https:\/\/redept.com.br\/blogosfera\/wp-json\/wp\/v2\/users\/2"}],"replies":[{"embeddable":true,"href":"https:\/\/redept.com.br\/blogosfera\/wp-json\/wp\/v2\/comments?post=19165"}],"version-history":[{"count":0,"href":"https:\/\/redept.com.br\/blogosfera\/wp-json\/wp\/v2\/posts\/19165\/revisions"}],"wp:attachment":[{"href":"https:\/\/redept.com.br\/blogosfera\/wp-json\/wp\/v2\/media?parent=19165"}],"wp:term":[{"taxonomy":"category","embeddable":true,"href":"https:\/\/redept.com.br\/blogosfera\/wp-json\/wp\/v2\/categories?post=19165"},{"taxonomy":"post_tag","embeddable":true,"href":"https:\/\/redept.com.br\/blogosfera\/wp-json\/wp\/v2\/tags?post=19165"}],"curies":[{"name":"wp","href":"https:\/\/api.w.org\/{rel}","templated":true}]}}