{"id":19172,"date":"2025-03-31T16:24:37","date_gmt":"2025-03-31T19:24:37","guid":{"rendered":"https:\/\/redept.org\/blogosfera\/recorde-brasil-tem-396-milhoes-de-trabalhadores-com-carteira-assinada\/"},"modified":"2025-03-31T16:24:37","modified_gmt":"2025-03-31T19:24:37","slug":"recorde-brasil-tem-396-milhoes-de-trabalhadores-com-carteira-assinada","status":"publish","type":"post","link":"https:\/\/redept.com.br\/blogosfera\/recorde-brasil-tem-396-milhoes-de-trabalhadores-com-carteira-assinada\/","title":{"rendered":"Recorde: Brasil tem 39,6 milh\u00f5es de trabalhadores com carteira assinada"},"content":{"rendered":"<p><img loading=\"lazy\" width=\"768\" height=\"425\"src=\"https:\/\/redept.org\/blogosfera\/wp-content\/uploads\/2025\/03\/fa6b5d5f-a494-438b-ab34-b1aead3c69fc.jpeg\" alt=\"\" decoding=\"async\" loading=\"lazy\" srcset=\"https:\/\/redept.org\/blogosfera\/wp-content\/uploads\/2025\/03\/fa6b5d5f-a494-438b-ab34-b1aead3c69fc.jpeg 768w, https:\/\/vermelho.org.br\/wp-content\/uploads\/2025\/03\/fa6b5d5f-a494-438b-ab34-b1aead3c69fc-300x166.jpeg 300w, https:\/\/vermelho.org.br\/wp-content\/uploads\/2025\/03\/fa6b5d5f-a494-438b-ab34-b1aead3c69fc-700x387.jpeg 700w, https:\/\/vermelho.org.br\/wp-content\/uploads\/2025\/03\/fa6b5d5f-a494-438b-ab34-b1aead3c69fc-219x121.jpeg 219w\" sizes=\"auto, (max-width: 768px) 100vw, 768px\"><\/p>\n<p>Com a divulga\u00e7\u00e3o sobre a taxa de desemprego no trimestre terminado em fevereiro, o Brasil atingiu o maior n\u00famero de trabalhadores com carteira assinada na hist\u00f3ria: 39,6 milh\u00f5es. O resultado foi apresentado pelo IBGE (Instituto Brasileiro de Geografia e Estat\u00edstica) com base na PNAD Cont\u00ednua (Pesquisa Nacional por Amostra de Domic\u00edlios) que indicou o aumentou de 0,7% no desemprego em compara\u00e7\u00e3o com o trimestre de setembro a novembro.<\/p>\n<p>Dessa maneira, a desocupa\u00e7\u00e3o no trimestre finalizado em fevereiro ficou em 6,8% (antes era 6,1%, o menor resultado da s\u00e9rie hist\u00f3rica iniciada em 2012). Mesmo com essa varia\u00e7\u00e3o, o pa\u00eds atingiu o recorde de trabalhadores celetistas.<\/p>\n<p>J\u00e1 em compara\u00e7\u00e3o com o mesmo trimestre (dez\/jan\/fev) de 2024, a desocupa\u00e7\u00e3o ficou 1% abaixo do observado (era 7,8%).<\/p>\n<p>Assim, os dados indicam que a popula\u00e7\u00e3o ocupada \u00e9 de 102,7 milh\u00f5es de trabalhadores, redu\u00e7\u00e3o de 1,2% frente ao trimestre anterior, por\u00e9m ainda 2,4% superior ao registrado em compara\u00e7\u00e3o com o mesmo trimestre m\u00f3vel do ano passado.<\/p>\n<p><strong>Leia mais: <\/strong><a href=\"https:\/\/vermelho.org.br\/2025\/02\/26\/brasil-comeca-2025-com-geracao-de-1373-mil-empregos\/\">Brasil come\u00e7a 2025 com gera\u00e7\u00e3o de 137,3 mil empregos<\/a><\/p>\n<p>No sentido inverso, a popula\u00e7\u00e3o sem emprego atinge 10,4%, chegando a 7,5 milh\u00f5es\u00a0de pessoas. No entanto, o IBGE pondera que o contingente \u201cest\u00e1 12,5% menor que o registrado no mesmo trimestre de 2024.\u201d<\/p>\n<p>Conforme Adriana Beringuy, coordenadora de pesquisas domiciliares do IBGE, a \u201calta [da desocupa\u00e7\u00e3o] segue o padr\u00e3o sazonal da PNAD cont\u00ednua com a tendencia de expans\u00e3o da busca por trabalho nos meses do primeiro trimestre de cada ano\u201d.<\/p>\n<p><strong>Recorde de rendimento<\/strong><\/p>\n<p>Outro recorde da s\u00e9rie hist\u00f3rica, al\u00e9m do n\u00famero de trabalhadores com carteira assinada, \u00e9 o de rendimento m\u00e9dio real habitual dos trabalhadores que chegou a R$ 3.378 no trimestre encerrado em fevereiro. O valor teve alta de 1,3% no trimestre e de 3,6% no ano (descontadas a infla\u00e7\u00e3o).<\/p>\n<p>Beringuy destaca que \u201ca alta do rendimento no trimestre est\u00e1 relacionada \u00e0 redu\u00e7\u00e3o do contingente de trabalhadores informais em certos seguimentos das atividades econ\u00f4micas, crescendo, portanto, a propor\u00e7\u00e3o de ocupa\u00e7\u00f5es formais com maiores rendimentos\u201d.<\/p>\n<p>Nesse sentido explorado, a taxa de informalidade reduziu em 0,6% entre o trimestre terminado em novembro para fevereiro, que ficou com 38,1% da popula\u00e7\u00e3o ocupada (ou 39,1 milh\u00f5es de trabalhadores informais).<\/p>\n<p><em>*Com informa\u00e7\u00f5es IBGE<\/em><\/p>\n<p>O post <a href=\"https:\/\/vermelho.org.br\/2025\/03\/31\/recorde-brasil-tem-396-milhoes-de-trabalhadores-com-carteira-assinada\/\">Recorde: Brasil tem 39,6 milh\u00f5es de trabalhadores com carteira assinada<\/a> apareceu primeiro em <a href=\"https:\/\/vermelho.org.br\/\">Vermelho<\/a>.<\/p>\n<!-- Begin Yuzo --><div class='yuzo_related_post style-1'  data-version='5.12.89'><!-- without result --><div class='yuzo_clearfixed yuzo__title yuzo__title'><h3>Related Post<\/h3><\/div>\n\t\t\t\t\t\t  <div class=\"relatedthumb \" style=\"width:125px;float:left;overflow:hidden;\">  \n\t\t\t\t\t\t\t  \n\t\t\t\t\t\t\t  <a  href=\"https:\/\/redept.com.br\/blogosfera\/e-fake-que-o-mst-vai-invadir-os-eua\/\"  >\n\t\t\t\t\t\t\t\t\t  <div class=\"yuzo-img-wrap \" style=\"width: 125px;height:90px;\">\n\t\t\t\t\t\t\t\t\t\t\n\t\t\t\t\t\t\t\t\t\t<div class=\"yuzo-img\" style=\"background:url('https:\/\/redept.com.br\/blogosfera\/wp-content\/uploads\/2026\/01\/Fakeews-150x150.jpeg') 50% 50% no-repeat;width: 125px;height:90px;margin-bottom: 5px;background-size: cover; \"><\/div>\n\t\t\t\t\t\t\t\t\t  <\/div>\n\t\t\t\t\t\t\t\t\t  \n\t\t\t\t\t\t\t\t   <span class=\"yuzo__text--title\" style=\"font-size:13px;\">\u00c9 fake que o MST vai invadir os EUA<\/span>\n\t\t\t\t\t\t\t  \n\t\t\t\t\t\t\t  \n\t\t\t\t\t\t\t  <\/a>\n\n\t\t\t\t\t\t  <\/div>\n\t\t\t\t\t\t  <div class=\"relatedthumb \" style=\"width:125px;float:left;overflow:hidden;\">  \n\t\t\t\t\t\t\t  \n\t\t\t\t\t\t\t  <a  href=\"https:\/\/redept.com.br\/blogosfera\/trabalhistas-vencem-direita-na-australia-em-eleicao-marcada-pelo-anti-trumpismo\/\"  >\n\t\t\t\t\t\t\t\t\t  <div class=\"yuzo-img-wrap \" style=\"width: 125px;height:90px;\">\n\t\t\t\t\t\t\t\t\t\t\n\t\t\t\t\t\t\t\t\t\t<div class=\"yuzo-img\" style=\"background:url('https:\/\/redept.com.br\/blogosfera\/wp-content\/uploads\/2025\/05\/eleicao-australia-albomp-150x150.jpg') 50% 50% no-repeat;width: 125px;height:90px;margin-bottom: 5px;background-size: cover; \"><\/div>\n\t\t\t\t\t\t\t\t\t  <\/div>\n\t\t\t\t\t\t\t\t\t  \n\t\t\t\t\t\t\t\t   <span class=\"yuzo__text--title\" style=\"font-size:13px;\">Trabalhistas vencem direita na Austr\u00e1lia em elei\u00e7\u00e3...<\/span>\n\t\t\t\t\t\t\t  \n\t\t\t\t\t\t\t  \n\t\t\t\t\t\t\t  <\/a>\n\n\t\t\t\t\t\t  <\/div>\n\t\t\t\t\t\t  <div class=\"relatedthumb \" style=\"width:125px;float:left;overflow:hidden;\">  \n\t\t\t\t\t\t\t  \n\t\t\t\t\t\t\t  <a  href=\"https:\/\/redept.com.br\/blogosfera\/ctb-realiza-assembleia-virtual-em-apoio-a-correcao-da-tabela-do-ir\/\"  >\n\t\t\t\t\t\t\t\t\t  <div class=\"yuzo-img-wrap \" style=\"width: 125px;height:90px;\">\n\t\t\t\t\t\t\t\t\t\t\n\t\t\t\t\t\t\t\t\t\t<div class=\"yuzo-img\" style=\"background:url('https:\/\/redept.com.br\/blogosfera\/wp-content\/uploads\/2024\/12\/01-1-150x150.jpg') 50% 50% no-repeat;width: 125px;height:90px;margin-bottom: 5px;background-size: cover; \"><\/div>\n\t\t\t\t\t\t\t\t\t  <\/div>\n\t\t\t\t\t\t\t\t\t  \n\t\t\t\t\t\t\t\t   <span class=\"yuzo__text--title\" style=\"font-size:13px;\">CTB realiza assembleia virtual em apoio \u00e0 corre\u00e7\u00e3o...<\/span>\n\t\t\t\t\t\t\t  \n\t\t\t\t\t\t\t  \n\t\t\t\t\t\t\t  <\/a>\n\n\t\t\t\t\t\t  <\/div>\n\t\t\t\t\t\t  <div class=\"relatedthumb \" style=\"width:125px;float:left;overflow:hidden;\">  \n\t\t\t\t\t\t\t  \n\t\t\t\t\t\t\t  <a  href=\"https:\/\/redept.com.br\/blogosfera\/lula-inaugura-centro-de-simulacao-no-incor-e-anuncia-r-41-milhoes-para-o-sus\/\"  >\n\t\t\t\t\t\t\t\t\t  <div class=\"yuzo-img-wrap \" style=\"width: 125px;height:90px;\">\n\t\t\t\t\t\t\t\t\t\t\n\t\t\t\t\t\t\t\t\t\t<div class=\"yuzo-img\" style=\"background:url('https:\/\/redept.org\/blogosfera\/wp-content\/plugins\/yuzo-related-post\/assets\/images\/default.png') 50% 50% no-repeat;width: 125px;height:90px;margin-bottom: 5px;background-size: cover; \"><\/div>\n\t\t\t\t\t\t\t\t\t  <\/div>\n\t\t\t\t\t\t\t\t\t  \n\t\t\t\t\t\t\t\t   <span class=\"yuzo__text--title\" style=\"font-size:13px;\">Lula inaugura centro de simula\u00e7\u00e3o no InCor e anunc...<\/span>\n\t\t\t\t\t\t\t  \n\t\t\t\t\t\t\t  \n\t\t\t\t\t\t\t  <\/a>\n\n\t\t\t\t\t\t  <\/div>\n<\/div> <script>\n\t\t\t\t\t\t  jQuery(document).ready(function( $ ){\n\t\t\t\t\t\t\t\/\/jQuery('.yuzo_related_post').equalizer({ overflow : 'relatedthumb' });\n\t\t\t\t\t\t\tjQuery('.yuzo_related_post .yuzo_wraps').equalizer({ columns : '> div' });\n\t\t\t\t\t\t   })\n\t\t\t\t\t\t  <\/script> <!-- End Yuzo :) -->","protected":false},"excerpt":{"rendered":"<p>Com a divulga\u00e7\u00e3o sobre a taxa de desemprego no trimestre terminado em fevereiro, o Brasil atingiu o maior n\u00famero de trabalhadores com carteira assinada na hist\u00f3ria: 39,6 milh\u00f5es. O resultado foi apresentado pelo IBGE (Instituto Brasileiro de Geografia e Estat\u00edstica) com base na PNAD Cont\u00ednua (Pesquisa Nacional por Amostra de Domic\u00edlios) que indicou o aumentou [&hellip;]<\/p>\n","protected":false},"author":2,"featured_media":19173,"comment_status":"closed","ping_status":"closed","sticky":false,"template":"","format":"standard","meta":{"fifu_image_url":"","fifu_image_alt":"","footnotes":""},"categories":[4003,4677,368,481,2233,4678,4679,4024,377],"tags":[],"class_list":["post-19172","post","type-post","status-publish","format-standard","has-post-thumbnail","hentry","category-carteira-assinada","category-desemprego-de-longa-duracao","category-desocupacao","category-ibge","category-pnad-continua","category-rendimento-dos-trabalhadores","category-taxa-de-desemprego","category-taxa-de-desocupacao","category-trabalho"],"_links":{"self":[{"href":"https:\/\/redept.com.br\/blogosfera\/wp-json\/wp\/v2\/posts\/19172","targetHints":{"allow":["GET"]}}],"collection":[{"href":"https:\/\/redept.com.br\/blogosfera\/wp-json\/wp\/v2\/posts"}],"about":[{"href":"https:\/\/redept.com.br\/blogosfera\/wp-json\/wp\/v2\/types\/post"}],"author":[{"embeddable":true,"href":"https:\/\/redept.com.br\/blogosfera\/wp-json\/wp\/v2\/users\/2"}],"replies":[{"embeddable":true,"href":"https:\/\/redept.com.br\/blogosfera\/wp-json\/wp\/v2\/comments?post=19172"}],"version-history":[{"count":0,"href":"https:\/\/redept.com.br\/blogosfera\/wp-json\/wp\/v2\/posts\/19172\/revisions"}],"wp:featuredmedia":[{"embeddable":true,"href":"https:\/\/redept.com.br\/blogosfera\/wp-json\/wp\/v2\/media\/19173"}],"wp:attachment":[{"href":"https:\/\/redept.com.br\/blogosfera\/wp-json\/wp\/v2\/media?parent=19172"}],"wp:term":[{"taxonomy":"category","embeddable":true,"href":"https:\/\/redept.com.br\/blogosfera\/wp-json\/wp\/v2\/categories?post=19172"},{"taxonomy":"post_tag","embeddable":true,"href":"https:\/\/redept.com.br\/blogosfera\/wp-json\/wp\/v2\/tags?post=19172"}],"curies":[{"name":"wp","href":"https:\/\/api.w.org\/{rel}","templated":true}]}}