{"id":19508,"date":"2025-04-01T17:47:04","date_gmt":"2025-04-01T20:47:04","guid":{"rendered":"https:\/\/redept.org\/blogosfera\/linha-de-financiamento-do-governo-ja-beneficiou-70-mil-microempreendedores\/"},"modified":"2025-04-01T17:47:04","modified_gmt":"2025-04-01T20:47:04","slug":"linha-de-financiamento-do-governo-ja-beneficiou-70-mil-microempreendedores","status":"publish","type":"post","link":"https:\/\/redept.com.br\/blogosfera\/linha-de-financiamento-do-governo-ja-beneficiou-70-mil-microempreendedores\/","title":{"rendered":"Linha de financiamento do governo j\u00e1 beneficiou 70 mil microempreendedores"},"content":{"rendered":"<p><img loading=\"lazy\" width=\"1024\" height=\"576\"src=\"https:\/\/redept.org\/blogosfera\/wp-content\/uploads\/2025\/04\/mulher-meiMarcelo-CamargoAgencia-Brasil.jpg\" alt=\"\" decoding=\"async\" loading=\"lazy\" srcset=\"https:\/\/vermelho.org.br\/wp-content\/uploads\/2025\/04\/mulher-meiMarcelo-CamargoAgencia-Brasil-1024x576.jpg 1024w, https:\/\/vermelho.org.br\/wp-content\/uploads\/2025\/04\/mulher-meiMarcelo-CamargoAgencia-Brasil-300x169.jpg 300w, https:\/\/vermelho.org.br\/wp-content\/uploads\/2025\/04\/mulher-meiMarcelo-CamargoAgencia-Brasil-768x432.jpg 768w, https:\/\/vermelho.org.br\/wp-content\/uploads\/2025\/04\/mulher-meiMarcelo-CamargoAgencia-Brasil-1536x864.jpg 1536w, https:\/\/redept.org\/blogosfera\/wp-content\/uploads\/2025\/04\/mulher-meiMarcelo-CamargoAgencia-Brasil.jpg 1890w\" sizes=\"auto, (max-width: 1024px) 100vw, 1024px\"><\/p>\n<p>Ao menos 70 mil microempreendedores individuais j\u00e1 foram beneficiados com a contrata\u00e7\u00e3o de R$ 2 bilh\u00f5es por meio do ProCred 360, uma linha de financiamento disponibilizada pelo governo federal para os pequenos neg\u00f3cios. Desse total de recursos, 45% foram para mulheres empreendedoras.<\/p>\n<p>Sancionada em outubro do ano passado, a Lei 14.995 possibilitou a implanta\u00e7\u00e3o do programa que, desde ent\u00e3o, apoiou 29 mil empresas lideradas por mulheres com mais de R$ 900 milh\u00f5es em empr\u00e9stimos concedidos.<\/p>\n<p>\u201cO presidente Lula sempre destacou a import\u00e2ncia de fazer o dinheiro circular entre muitos, especialmente entre pequenos neg\u00f3cios, que s\u00e3o essenciais para a economia do pa\u00eds\u201d, disse M\u00e1rcio Fran\u00e7a, ministro do Empreendedorismo, da Microempresa e da Empresa de Pequeno Porte.<\/p>\n<p>O ProCred, que integra o programa Acredita, \u00e9 voltado a empresas com faturamento anual de at\u00e9 R$ 360 mil e oferece taxas de juros at\u00e9 50% menores do que as praticadas pelo mercado.<\/p>\n<p><strong>Leia tamb\u00e9m: <\/strong><a href=\"https:\/\/vermelho.org.br\/2024\/11\/21\/numero-de-empreendedoras-cresce-mas-renda-ainda-e-30-menor-do-que-a-dos-homens\/\">N\u00famero de empreendedoras cresce, mas renda ainda \u00e9 30% menor do que a dos homens, segundo Sebrae<\/a><\/p>\n<p>Empresas lideradas por mulheres podem obter cr\u00e9dito de at\u00e9 50% do faturamento do ano anterior, enquanto os demais neg\u00f3cios t\u00eam acesso a at\u00e9 30%, ambos com um teto de R$ 150 mil. Fran\u00e7a aponta que a concess\u00e3o especial \u00e0s empresas femininas \u201cn\u00e3o \u00e9 um benef\u00edcio extra, mas um reflexo do fato de que as mulheres s\u00e3o as melhores pagadoras\u201d.<\/p>\n<p>Apesar disso, as mulheres sempre enfrentaram maiores dificuldades para acessar cr\u00e9dito no sistema financeiro tradicional. Embora fossem 46% (5,6 milh\u00f5es) do total de MEIs em 2024, 42% das mulheres tiveram pedidos de financiamento negados, muitas vezes devido a preconceitos de g\u00eanero, falta de garantias ou hist\u00f3rico de cr\u00e9dito insuficiente.<\/p>\n<p>Al\u00e9m disso, as empreendedoras ganham, em m\u00e9dia, 21% menos que os homens e ainda enfrentam desafios como a dupla jornada, que reduz em 17% o tempo dispon\u00edvel para a gest\u00e3o de seus neg\u00f3cios.<\/p>\n<p>Vale destacar que no caso das mulheres negras, a situa\u00e7\u00e3o \u00e9 ainda mais complicada: apenas 24% delas possuem neg\u00f3cios formalizados, contra 41% das brancas. Os dados fazem parte do estudo Panorama do Empreendedorismo Feminino no Brasil, desenvolvido pela Estrat\u00e9gia Elas Empreendem, do MEMP, e lan\u00e7ado em 2024.<\/p>\n<p>Com ag\u00eancias<\/p>\n<p>(PL)<\/p>\n<p>O post <a href=\"https:\/\/vermelho.org.br\/2025\/04\/01\/linha-de-financiamento-do-governo-ja-beneficiou-70-mil-microempreendedores\/\">Linha de financiamento do governo j\u00e1 beneficiou 70 mil microempreendedores<\/a> apareceu primeiro em <a href=\"https:\/\/vermelho.org.br\/\">Vermelho<\/a>.<\/p>\n<!-- Begin Yuzo --><div class='yuzo_related_post style-1'  data-version='5.12.89'><!-- without result --><div class='yuzo_clearfixed yuzo__title yuzo__title'><h3>Related Post<\/h3><\/div>\n\t\t\t\t\t\t  <div class=\"relatedthumb \" style=\"width:125px;float:left;overflow:hidden;\">  \n\t\t\t\t\t\t\t  \n\t\t\t\t\t\t\t  <a  href=\"https:\/\/redept.com.br\/blogosfera\/trump-volta-a-mirar-o-brasil-tarifas-abrem-disputa-por-mercados-globais\/\"  >\n\t\t\t\t\t\t\t\t\t  <div class=\"yuzo-img-wrap \" style=\"width: 125px;height:90px;\">\n\t\t\t\t\t\t\t\t\t\t\n\t\t\t\t\t\t\t\t\t\t<div class=\"yuzo-img\" style=\"background:url('https:\/\/redept.com.br\/blogosfera\/wp-content\/uploads\/2025\/04\/aco-brasileiro-150x150.jpg') 50% 50% no-repeat;width: 125px;height:90px;margin-bottom: 5px;background-size: cover; \"><\/div>\n\t\t\t\t\t\t\t\t\t  <\/div>\n\t\t\t\t\t\t\t\t\t  \n\t\t\t\t\t\t\t\t   <span class=\"yuzo__text--title\" style=\"font-size:13px;\">Trump volta a mirar o Brasil: tarifas abrem disput...<\/span>\n\t\t\t\t\t\t\t  \n\t\t\t\t\t\t\t  \n\t\t\t\t\t\t\t  <\/a>\n\n\t\t\t\t\t\t  <\/div>\n\t\t\t\t\t\t  <div class=\"relatedthumb \" style=\"width:125px;float:left;overflow:hidden;\">  \n\t\t\t\t\t\t\t  \n\t\t\t\t\t\t\t  <a  href=\"https:\/\/redept.com.br\/blogosfera\/hugo-motta-diz-que-providencias-sobre-mandato-de-zambelli-ja-estao-sendo-tomadas-apos-anuncio-de-prisao\/\"  >\n\t\t\t\t\t\t\t\t\t  <div class=\"yuzo-img-wrap \" style=\"width: 125px;height:90px;\">\n\t\t\t\t\t\t\t\t\t\t\n\t\t\t\t\t\t\t\t\t\t<div class=\"yuzo-img\" style=\"background:url('https:\/\/redept.org\/blogosfera\/wp-content\/plugins\/yuzo-related-post\/assets\/images\/default.png') 50% 50% no-repeat;width: 125px;height:90px;margin-bottom: 5px;background-size: cover; \"><\/div>\n\t\t\t\t\t\t\t\t\t  <\/div>\n\t\t\t\t\t\t\t\t\t  \n\t\t\t\t\t\t\t\t   <span class=\"yuzo__text--title\" style=\"font-size:13px;\">Hugo Motta diz que provid\u00eancias sobre mandato de Z...<\/span>\n\t\t\t\t\t\t\t  \n\t\t\t\t\t\t\t  \n\t\t\t\t\t\t\t  <\/a>\n\n\t\t\t\t\t\t  <\/div>\n\t\t\t\t\t\t  <div class=\"relatedthumb \" style=\"width:125px;float:left;overflow:hidden;\">  \n\t\t\t\t\t\t\t  \n\t\t\t\t\t\t\t  <a  href=\"https:\/\/redept.com.br\/blogosfera\/presidente-da-cpmi-do-inss-rasga-regimento-e-frauda-votacao-para-blindar-responsaveis-por-esquema\/\"  >\n\t\t\t\t\t\t\t\t\t  <div class=\"yuzo-img-wrap \" style=\"width: 125px;height:90px;\">\n\t\t\t\t\t\t\t\t\t\t\n\t\t\t\t\t\t\t\t\t\t<div class=\"yuzo-img\" style=\"background:url('https:\/\/redept.org\/blogosfera\/wp-content\/plugins\/yuzo-related-post\/assets\/images\/default.png') 50% 50% no-repeat;width: 125px;height:90px;margin-bottom: 5px;background-size: cover; \"><\/div>\n\t\t\t\t\t\t\t\t\t  <\/div>\n\t\t\t\t\t\t\t\t\t  \n\t\t\t\t\t\t\t\t   <span class=\"yuzo__text--title\" style=\"font-size:13px;\">Presidente da CPMI do INSS rasga regimento e fraud...<\/span>\n\t\t\t\t\t\t\t  \n\t\t\t\t\t\t\t  \n\t\t\t\t\t\t\t  <\/a>\n\n\t\t\t\t\t\t  <\/div>\n\t\t\t\t\t\t  <div class=\"relatedthumb \" style=\"width:125px;float:left;overflow:hidden;\">  \n\t\t\t\t\t\t\t  \n\t\t\t\t\t\t\t  <a  href=\"https:\/\/redept.com.br\/blogosfera\/lula-critica-poderosos-que-se-julgam-divindades-e-atacam-defensores-da-paz\/\"  >\n\t\t\t\t\t\t\t\t\t  <div class=\"yuzo-img-wrap \" style=\"width: 125px;height:90px;\">\n\t\t\t\t\t\t\t\t\t\t\n\t\t\t\t\t\t\t\t\t\t<div class=\"yuzo-img\" style=\"background:url('https:\/\/redept.com.br\/blogosfera\/wp-content\/uploads\/2026\/04\/lula-leao14_stuckert-150x150.jpg') 50% 50% no-repeat;width: 125px;height:90px;margin-bottom: 5px;background-size: cover; \"><\/div>\n\t\t\t\t\t\t\t\t\t  <\/div>\n\t\t\t\t\t\t\t\t\t  \n\t\t\t\t\t\t\t\t   <span class=\"yuzo__text--title\" style=\"font-size:13px;\">Lula critica \u201cpoderosos que se julgam divindades\u201d ...<\/span>\n\t\t\t\t\t\t\t  \n\t\t\t\t\t\t\t  \n\t\t\t\t\t\t\t  <\/a>\n\n\t\t\t\t\t\t  <\/div>\n<\/div> <script>\n\t\t\t\t\t\t  jQuery(document).ready(function( $ ){\n\t\t\t\t\t\t\t\/\/jQuery('.yuzo_related_post').equalizer({ overflow : 'relatedthumb' });\n\t\t\t\t\t\t\tjQuery('.yuzo_related_post .yuzo_wraps').equalizer({ columns : '> div' });\n\t\t\t\t\t\t   })\n\t\t\t\t\t\t  <\/script> <!-- End Yuzo :) -->","protected":false},"excerpt":{"rendered":"<p>Ao menos 70 mil microempreendedores individuais j\u00e1 foram beneficiados com a contrata\u00e7\u00e3o de R$ 2 bilh\u00f5es por meio do ProCred 360, uma linha de financiamento disponibilizada pelo governo federal para os pequenos neg\u00f3cios. Desse total de recursos, 45% foram para mulheres empreendedoras. Sancionada em outubro do ano passado, a Lei 14.995 possibilitou a implanta\u00e7\u00e3o do [&hellip;]<\/p>\n","protected":false},"author":2,"featured_media":19509,"comment_status":"closed","ping_status":"closed","sticky":false,"template":"","format":"standard","meta":{"fifu_image_url":"","fifu_image_alt":"","footnotes":""},"categories":[221,1258,3775,4747],"tags":[],"class_list":["post-19508","post","type-post","status-publish","format-standard","has-post-thumbnail","hentry","category-economia","category-empreendedorismo","category-microempreendedor-individual","category-mulheres-empreendedoras"],"_links":{"self":[{"href":"https:\/\/redept.com.br\/blogosfera\/wp-json\/wp\/v2\/posts\/19508","targetHints":{"allow":["GET"]}}],"collection":[{"href":"https:\/\/redept.com.br\/blogosfera\/wp-json\/wp\/v2\/posts"}],"about":[{"href":"https:\/\/redept.com.br\/blogosfera\/wp-json\/wp\/v2\/types\/post"}],"author":[{"embeddable":true,"href":"https:\/\/redept.com.br\/blogosfera\/wp-json\/wp\/v2\/users\/2"}],"replies":[{"embeddable":true,"href":"https:\/\/redept.com.br\/blogosfera\/wp-json\/wp\/v2\/comments?post=19508"}],"version-history":[{"count":0,"href":"https:\/\/redept.com.br\/blogosfera\/wp-json\/wp\/v2\/posts\/19508\/revisions"}],"wp:featuredmedia":[{"embeddable":true,"href":"https:\/\/redept.com.br\/blogosfera\/wp-json\/wp\/v2\/media\/19509"}],"wp:attachment":[{"href":"https:\/\/redept.com.br\/blogosfera\/wp-json\/wp\/v2\/media?parent=19508"}],"wp:term":[{"taxonomy":"category","embeddable":true,"href":"https:\/\/redept.com.br\/blogosfera\/wp-json\/wp\/v2\/categories?post=19508"},{"taxonomy":"post_tag","embeddable":true,"href":"https:\/\/redept.com.br\/blogosfera\/wp-json\/wp\/v2\/tags?post=19508"}],"curies":[{"name":"wp","href":"https:\/\/api.w.org\/{rel}","templated":true}]}}