{"id":19826,"date":"2025-04-03T08:00:00","date_gmt":"2025-04-03T11:00:00","guid":{"rendered":"https:\/\/redept.org\/blogosfera\/metade-dos-brasileiros-segue-sem-conhecer-as-vitrines-do-governo-lula\/"},"modified":"2025-04-03T08:00:00","modified_gmt":"2025-04-03T11:00:00","slug":"metade-dos-brasileiros-segue-sem-conhecer-as-vitrines-do-governo-lula","status":"publish","type":"post","link":"https:\/\/redept.com.br\/blogosfera\/metade-dos-brasileiros-segue-sem-conhecer-as-vitrines-do-governo-lula\/","title":{"rendered":"Metade dos brasileiros segue sem conhecer as vitrines do governo Lula"},"content":{"rendered":"<p><img loading=\"lazy\" width=\"1024\" height=\"728\"src=\"https:\/\/redept.org\/blogosfera\/wp-content\/uploads\/2025\/04\/54397835689_901479392e_o-2048x1456-1.jpg\" alt=\"\" decoding=\"async\" loading=\"lazy\" srcset=\"https:\/\/vermelho.org.br\/wp-content\/uploads\/2025\/04\/54397835689_901479392e_o-1024x728.jpg 1024w, https:\/\/vermelho.org.br\/wp-content\/uploads\/2025\/04\/54397835689_901479392e_o-300x213.jpg 300w, https:\/\/vermelho.org.br\/wp-content\/uploads\/2025\/04\/54397835689_901479392e_o-768x546.jpg 768w, https:\/\/vermelho.org.br\/wp-content\/uploads\/2025\/04\/54397835689_901479392e_o-1536x1092.jpg 1536w, https:\/\/redept.org\/blogosfera\/wp-content\/uploads\/2025\/04\/54397835689_901479392e_o-2048x1456-1.jpg 2048w\" sizes=\"auto, (max-width: 1024px) 100vw, 1024px\"><\/p>\n<p>Comunicar-se com o povo continua a ser um desafio tit\u00e2nico para a terceira gest\u00e3o de Luiz In\u00e1cio Lula da Silva (PT) no Planalto. Passados dois meses e meio da posse do publicit\u00e1rio Sid\u00f4nio Palmeira como ministro da Secretaria de Comunica\u00e7\u00e3o Social (Secom) da Presid\u00eancia da Rep\u00fablica, metade dos brasileiros segue sem conhecer os principais programas do governo.<\/p>\n<p>\u00c9 o que aponta a nova rodada da pesquisa Genial\/Quaest divulgada nesta quarta-feira (2). O levantamento ouviu 2.004 eleitores de 27 a 31 de mar\u00e7o, com margem de erro de dois pontos percentuais.<\/p>\n<p>Al\u00e9m de diagnosticar uma alta na desaprova\u00e7\u00e3o ao governo, a pesquisa mostrou que \u00e9 pequena a visibilidade dos projetos mais ousados do mandato, iniciado em janeiro de 2023. \u00c9 o caso de vitrines como o lan\u00e7amento do P\u00e9 de Meia, a amplia\u00e7\u00e3o do programa Farm\u00e1cia Popular e a isen\u00e7\u00e3o do Imposto de Renda Pessoa F\u00edsica (IRPF) para quem ganha at\u00e9 R$ 5 mil.<\/p>\n<p><strong>Bolsa Fam\u00edlia, ainda<\/strong><\/p>\n<p>Quando questionados qual dos programas federais t\u00eam \u201cmais tem impacto positivo na sua vida hoje\u201d, 20% dos entrevistados citam o bom e velho Bolsa Fam\u00edlia. Embora seja associado diretamente a Lula, o mais exitoso programa de transfer\u00eancia de renda foi institu\u00eddo por medida provis\u00f3ria em 2003 e transformado em lei no ano seguinte. Mais de 20 anos depois de sua cria\u00e7\u00e3o, a iniciativa beneficia mais de 20,56 milh\u00f5es de fam\u00edlias, com pagamento m\u00e9dio mensal de R$ 671,81.<\/p>\n<p>Por\u00e9m, desde o relan\u00e7amento do Bolsa Fam\u00edlia, em mar\u00e7o de 2023, n\u00e3o h\u00e1 reajuste no valor do benef\u00edcio. O congelamento se mant\u00e9m mesmo ap\u00f3s uma crise de carestia no Brasil. Em 2024, a infla\u00e7\u00e3o dos alimentos foi de 7,69%, conforme o IBGE (Instituto Brasileiro de Geografia e Estat\u00edstica), enquanto a cesta b\u00e1sica encareceu 14,22%, segundo a Abras (Associa\u00e7\u00e3o Brasileira de Supermercados).<\/p>\n<p>Entre os programas associados a Lula e lan\u00e7ados no mandato atual, o mais citado como relevante \u00e9 a mudan\u00e7a na tabela do imposto de renda (10%). Na sequ\u00eancia, aparecem o Farm\u00e1cia Popular ampliado (9%), o P\u00e9 de Meia (7%), as novas regras no saque de anivers\u00e1rio do FGTS (4%) e o programa Desenrola (3%). Para 33%, no entanto, nenhum dos programas federais lhes traz impacto direto.<\/p>\n<p>A popula\u00e7\u00e3o tampouco sabe o que o governo tem feito para enfrentar os gargalos da atualidade. De acordo com a pesquisa, 56% dos brasileiros n\u00e3o sabem que o governo zerou impostos de importa\u00e7\u00e3o de 11 alimentos, a fim de reduzir seus pre\u00e7os para o chamado \u201cconsumidor final\u201d.<\/p>\n<p><strong>Menos imposto<\/strong><\/p>\n<p>Com rela\u00e7\u00e3o \u00e0 proposta do governo para reformular o imposto de renda, isentando total ou parcialmente os mais pobres, a taxa de desconhecimento assusta. Em 27 de novembro passado, num \u201cpronunciamento \u00e0 Na\u00e7\u00e3o\u201d do ministro da Fazenda, Fernando Haddad, o aumento da faixa de isen\u00e7\u00e3o do Imposto de Renda se tornou p\u00fablico pela primeira vez. A proposta foi repisada pelo pr\u00f3prio Lula em eventos p\u00fablicos e entrevistas \u00e0 imprensa.<\/p>\n<p>Quem ganha at\u00e9 R$ 5 mil se tornar\u00e1 isento, e quem recebe at\u00e9 R$ 7 mil ter\u00e1 descontos. Segundo o governo, \u201c90% dos brasileiros que pagam Imposto de Renda (mais de 90 milh\u00f5es de pessoas) estar\u00e3o na faixa da isen\u00e7\u00e3o total ou parcial, e 65% dos que declaram do IRPF (26 milh\u00f5es de pessoas) ser\u00e3o totalmente isentos\u201d.<\/p>\n<p>Sim, h\u00e1 poucas a\u00e7\u00f5es governamentais mais ousadas em termos de justi\u00e7a tribut\u00e1ria. Mesmo assim, o \u00edndice de brasileiros que ouviram falar da medida passou de 43% em dezembro para apenas 53% em mar\u00e7o \u2013 um avan\u00e7o modesto. Ainda hoje, h\u00e1 46% de entrevistados que, estimulados a opinarem sobre esse progresso, sequer sabem do que se trata.<\/p>\n<p>Pior: 51% afirmam que a melhora para suas pr\u00f3prias finan\u00e7as pessoais ser\u00e1 \u201cpequena\u201d. Mesmo entre os que ser\u00e3o totalmente isentos de imposto de renda, 44% minimizam uma conquista que, nas palavras de Haddad, equivale a um \u201c14\u00ba sal\u00e1rio\u201d anual.<\/p>\n<p><strong>Rumo correto<\/strong><\/p>\n<p>N\u00e3o \u00e9 por acaso que, instados a avaliarem o notici\u00e1rio geral sobre o governo Lula, 47% dizem que as \u00faltimas not\u00edcias s\u00e3o \u201cmais negativas\u201d e somente 23% afirmam que s\u00e3o \u201cmais positivas\u201d. Como regra, as boas not\u00edcias n\u00e3o t\u00eam chegado a pelo menos metade da popula\u00e7\u00e3o. Na vis\u00e3o de 44% dos brasileiros, mesmo com a troca de ministros na Secom, a comunica\u00e7\u00e3o do governo \u201cest\u00e1 igual\u201d. Para 21%, piorou. Precisamente 50% indicam que, com base nas \u201capari\u00e7\u00f5es de Lula\u201d em 2025, a percep\u00e7\u00e3o sobre o presidente \u201ctem piorado\u201d.<\/p>\n<p>Em mais de dez anos no Planalto, Lula jamais esteve \u00e0s voltas com \u00edndices t\u00e3o baixos de popularidade, a despeito das tais \u201cvitrines\u201d e dos bons indicadores econ\u00f4micos. A pesquisa Genial\/Quaest sugere que o foco do governo pode n\u00e3o ser t\u00e3o influente na opini\u00e3o p\u00fablica. Conforme o levantamento, as maiores preocupa\u00e7\u00f5es dos brasileiros hoje s\u00e3o a viol\u00eancia\/seguran\u00e7a (29%) e a quest\u00e3o social (23%), um e outro \u00e0 frente da economia (19%).<\/p>\n<p>At\u00e9 a elei\u00e7\u00e3o presidencial de 2026 \u2013 teste maior para este governo \u2013, h\u00e1 tempo e margem para a recupera\u00e7\u00e3o de seus \u00edndices de apoio. Mas est\u00e1 claro que \u00e9 preciso divulgar melhor as vitrines da gest\u00e3o. O governo Lula 3 precisa efetivamente ousar tanto nas a\u00e7\u00f5es quanto na comunica\u00e7\u00e3o.<\/p>\n<p>Nesta quinta-feira (3), um evento no Centro de Conven\u00e7\u00f5es Ulysses Guimar\u00e3es, em Bras\u00edlia, batizado de \u201cO Brasil dando a Volta por Cima\u201d, se prop\u00f5e a mostrar as \u201centregas do governo federal nos dois primeiros anos de mandato\u201d. O rumo \u00e9 correto, mas n\u00e3o pode ser uma for\u00e7a-tarefa pontual. A sorte est\u00e1 lan\u00e7ada para o presidente Lula.<\/p>\n<p>O post <a href=\"https:\/\/vermelho.org.br\/2025\/04\/03\/metade-dos-brasileiros-segue-sem-conhecer-as-vitrines-do-governo-lula\/\">Metade dos brasileiros segue sem conhecer as vitrines do governo Lula<\/a> apareceu primeiro em <a href=\"https:\/\/vermelho.org.br\/\">Vermelho<\/a>.<\/p>\n<!-- Begin Yuzo --><div class='yuzo_related_post style-1'  data-version='5.12.89'><!-- without result --><div class='yuzo_clearfixed yuzo__title yuzo__title'><h3>Related Post<\/h3><\/div>\n\t\t\t\t\t\t  <div class=\"relatedthumb \" style=\"width:125px;float:left;overflow:hidden;\">  \n\t\t\t\t\t\t\t  \n\t\t\t\t\t\t\t  <a  href=\"https:\/\/redept.com.br\/blogosfera\/especialista-critica-falta-de-transparencia-no-aumento-da-passagem-em-sp-calculo-do-custo-e-mal-feito\/\"  >\n\t\t\t\t\t\t\t\t\t  <div class=\"yuzo-img-wrap \" style=\"width: 125px;height:90px;\">\n\t\t\t\t\t\t\t\t\t\t\n\t\t\t\t\t\t\t\t\t\t<div class=\"yuzo-img\" style=\"background:url('https:\/\/redept.org\/blogosfera\/wp-content\/plugins\/yuzo-related-post\/assets\/images\/default.png') 50% 50% no-repeat;width: 125px;height:90px;margin-bottom: 5px;background-size: cover; \"><\/div>\n\t\t\t\t\t\t\t\t\t  <\/div>\n\t\t\t\t\t\t\t\t\t  \n\t\t\t\t\t\t\t\t   <span class=\"yuzo__text--title\" style=\"font-size:13px;\">Especialista critica falta de transpar\u00eancia no aum...<\/span>\n\t\t\t\t\t\t\t  \n\t\t\t\t\t\t\t  \n\t\t\t\t\t\t\t  <\/a>\n\n\t\t\t\t\t\t  <\/div>\n\t\t\t\t\t\t  <div class=\"relatedthumb \" style=\"width:125px;float:left;overflow:hidden;\">  \n\t\t\t\t\t\t\t  \n\t\t\t\t\t\t\t  <a  href=\"https:\/\/redept.com.br\/blogosfera\/cut-aposta-em-plebiscito-popular-para-pressionar-congresso-por-reducao-da-jornada-e-taxacao-dos-super-ricos\/\"  >\n\t\t\t\t\t\t\t\t\t  <div class=\"yuzo-img-wrap \" style=\"width: 125px;height:90px;\">\n\t\t\t\t\t\t\t\t\t\t\n\t\t\t\t\t\t\t\t\t\t<div class=\"yuzo-img\" style=\"background:url('https:\/\/redept.org\/blogosfera\/wp-content\/plugins\/yuzo-related-post\/assets\/images\/default.png') 50% 50% no-repeat;width: 125px;height:90px;margin-bottom: 5px;background-size: cover; \"><\/div>\n\t\t\t\t\t\t\t\t\t  <\/div>\n\t\t\t\t\t\t\t\t\t  \n\t\t\t\t\t\t\t\t   <span class=\"yuzo__text--title\" style=\"font-size:13px;\">CUT aposta em plebiscito popular para pressionar C...<\/span>\n\t\t\t\t\t\t\t  \n\t\t\t\t\t\t\t  \n\t\t\t\t\t\t\t  <\/a>\n\n\t\t\t\t\t\t  <\/div>\n\t\t\t\t\t\t  <div class=\"relatedthumb \" style=\"width:125px;float:left;overflow:hidden;\">  \n\t\t\t\t\t\t\t  \n\t\t\t\t\t\t\t  <a  href=\"https:\/\/redept.com.br\/blogosfera\/militante-comunista-historico-pericles-de-souza-morre-aos-82-anos-na-bahia\/\"  >\n\t\t\t\t\t\t\t\t\t  <div class=\"yuzo-img-wrap \" style=\"width: 125px;height:90px;\">\n\t\t\t\t\t\t\t\t\t\t\n\t\t\t\t\t\t\t\t\t\t<div class=\"yuzo-img\" style=\"background:url('https:\/\/redept.com.br\/blogosfera\/wp-content\/uploads\/2025\/09\/pericles-de-souza-divulgacao-150x150.jpg') 50% 50% no-repeat;width: 125px;height:90px;margin-bottom: 5px;background-size: cover; \"><\/div>\n\t\t\t\t\t\t\t\t\t  <\/div>\n\t\t\t\t\t\t\t\t\t  \n\t\t\t\t\t\t\t\t   <span class=\"yuzo__text--title\" style=\"font-size:13px;\">Militante comunista hist\u00f3rico, P\u00e9ricles de Souza m...<\/span>\n\t\t\t\t\t\t\t  \n\t\t\t\t\t\t\t  \n\t\t\t\t\t\t\t  <\/a>\n\n\t\t\t\t\t\t  <\/div>\n\t\t\t\t\t\t  <div class=\"relatedthumb \" style=\"width:125px;float:left;overflow:hidden;\">  \n\t\t\t\t\t\t\t  \n\t\t\t\t\t\t\t  <a  href=\"https:\/\/redept.com.br\/blogosfera\/desmonte-de-trump-na-educacao-ameaca-estudantes-com-deficiencia-e-de-baixa-renda\/\"  >\n\t\t\t\t\t\t\t\t\t  <div class=\"yuzo-img-wrap \" style=\"width: 125px;height:90px;\">\n\t\t\t\t\t\t\t\t\t\t\n\t\t\t\t\t\t\t\t\t\t<div class=\"yuzo-img\" style=\"background:url('https:\/\/redept.com.br\/blogosfera\/wp-content\/uploads\/2025\/10\/53840040996_9c31a33a63_c-150x150.jpg') 50% 50% no-repeat;width: 125px;height:90px;margin-bottom: 5px;background-size: cover; \"><\/div>\n\t\t\t\t\t\t\t\t\t  <\/div>\n\t\t\t\t\t\t\t\t\t  \n\t\t\t\t\t\t\t\t   <span class=\"yuzo__text--title\" style=\"font-size:13px;\">Desmonte de Trump na educa\u00e7\u00e3o amea\u00e7a estudantes co...<\/span>\n\t\t\t\t\t\t\t  \n\t\t\t\t\t\t\t  \n\t\t\t\t\t\t\t  <\/a>\n\n\t\t\t\t\t\t  <\/div>\n<\/div> <script>\n\t\t\t\t\t\t  jQuery(document).ready(function( $ ){\n\t\t\t\t\t\t\t\/\/jQuery('.yuzo_related_post').equalizer({ overflow : 'relatedthumb' });\n\t\t\t\t\t\t\tjQuery('.yuzo_related_post .yuzo_wraps').equalizer({ columns : '> div' });\n\t\t\t\t\t\t   })\n\t\t\t\t\t\t  <\/script> <!-- End Yuzo :) -->","protected":false},"excerpt":{"rendered":"<p>Comunicar-se com o povo continua a ser um desafio tit\u00e2nico para a terceira gest\u00e3o de Luiz In\u00e1cio Lula da Silva (PT) no Planalto. Passados dois meses e meio da posse do publicit\u00e1rio Sid\u00f4nio Palmeira como ministro da Secretaria de Comunica\u00e7\u00e3o Social (Secom) da Presid\u00eancia da Rep\u00fablica, metade dos brasileiros segue sem conhecer os principais programas [&hellip;]<\/p>\n","protected":false},"author":2,"featured_media":19827,"comment_status":"closed","ping_status":"closed","sticky":false,"template":"","format":"standard","meta":{"fifu_image_url":"","fifu_image_alt":"","footnotes":""},"categories":[17,867,132,3081,3082],"tags":[],"class_list":["post-19826","post","type-post","status-publish","format-standard","has-post-thumbnail","hentry","category-governo-lula","category-pesquisa","category-politica","category-secom","category-sidonio-palmeira"],"_links":{"self":[{"href":"https:\/\/redept.com.br\/blogosfera\/wp-json\/wp\/v2\/posts\/19826","targetHints":{"allow":["GET"]}}],"collection":[{"href":"https:\/\/redept.com.br\/blogosfera\/wp-json\/wp\/v2\/posts"}],"about":[{"href":"https:\/\/redept.com.br\/blogosfera\/wp-json\/wp\/v2\/types\/post"}],"author":[{"embeddable":true,"href":"https:\/\/redept.com.br\/blogosfera\/wp-json\/wp\/v2\/users\/2"}],"replies":[{"embeddable":true,"href":"https:\/\/redept.com.br\/blogosfera\/wp-json\/wp\/v2\/comments?post=19826"}],"version-history":[{"count":0,"href":"https:\/\/redept.com.br\/blogosfera\/wp-json\/wp\/v2\/posts\/19826\/revisions"}],"wp:featuredmedia":[{"embeddable":true,"href":"https:\/\/redept.com.br\/blogosfera\/wp-json\/wp\/v2\/media\/19827"}],"wp:attachment":[{"href":"https:\/\/redept.com.br\/blogosfera\/wp-json\/wp\/v2\/media?parent=19826"}],"wp:term":[{"taxonomy":"category","embeddable":true,"href":"https:\/\/redept.com.br\/blogosfera\/wp-json\/wp\/v2\/categories?post=19826"},{"taxonomy":"post_tag","embeddable":true,"href":"https:\/\/redept.com.br\/blogosfera\/wp-json\/wp\/v2\/tags?post=19826"}],"curies":[{"name":"wp","href":"https:\/\/api.w.org\/{rel}","templated":true}]}}