{"id":20488,"date":"2025-04-06T17:20:13","date_gmt":"2025-04-06T20:20:13","guid":{"rendered":"https:\/\/redept.org\/blogosfera\/procon-rs-aponta-diferenca-de-ate-268-entre-kg-do-ovo-de-pascoa-e-da-barra-de-chocolate\/"},"modified":"2025-04-06T17:20:13","modified_gmt":"2025-04-06T20:20:13","slug":"procon-rs-aponta-diferenca-de-ate-268-entre-kg-do-ovo-de-pascoa-e-da-barra-de-chocolate","status":"publish","type":"post","link":"https:\/\/redept.com.br\/blogosfera\/procon-rs-aponta-diferenca-de-ate-268-entre-kg-do-ovo-de-pascoa-e-da-barra-de-chocolate\/","title":{"rendered":"Procon-RS aponta diferen\u00e7a de at\u00e9 268% entre kg do ovo de P\u00e1scoa e da barra de chocolate"},"content":{"rendered":"<section>\n<div>\n<p>O Procon-RS divulgou neste domingo (6) os resultados de uma pesquisa realizada pela \u00f3rg\u00e3o no aplicativo Menor Pre\u00e7o Nota Ga\u00facha que comparou a diferen\u00e7a de pre\u00e7os entre o quilograma dos ovos de P\u00e1scoa e o das barras de chocolate no Rio Grande do Sul. O levantamento apontou diferen\u00e7as de at\u00e9 268% entre produtos de uma mesma marca. A P\u00e1scoa ser\u00e1 celebrada em 20 de abril neste ano.<\/p>\n<p>No estudo realizado nesta semana, entre os dias 31 de mar\u00e7o e 4 de abril, foi poss\u00edvel identificar que o quilo do ovo de P\u00e1scoa de determinada marca custava R$ 367,83, enquanto a barra de chocolate da mesma marca custava R$ 99,88 por quilo (diferen\u00e7a de 268%). Outras marcas de barras de chocolate foram encontradas com o pre\u00e7o por quilo variando entre R$ 64,81 e R$ 149,00, representando uma diferen\u00e7a de 132%. J\u00e1 o quilo dos ovos de chocolate apresentaram pre\u00e7os entre R$ 421,78 e R$ 599,33, o que representa uma varia\u00e7\u00e3o de cerca de 42%.<\/p>\n<p>A pesquisa foi realizada no aplicativo Menor Pre\u00e7o Nota Ga\u00facha, onde \u00e9 poss\u00edvel pesquisar produtos e identificar os locais com os menores pre\u00e7os. A plataforma passou a reunir as informa\u00e7\u00f5es dos valores pagos pelo consumidor e o pre\u00e7o por unidade de medida (no caso dos chocolates, a unidade de medida utilizada \u00e9 o quilograma) a partir da inclus\u00e3o da Lei do Superendividamento, no C\u00f3digo de Defesa do Consumidor.<\/p>\n<p>\u201cNeste momento, a grande recomenda\u00e7\u00e3o que podemos dar \u00e0 sociedade \u00e9 que busque o m\u00e1ximo de informa\u00e7\u00f5es poss\u00edvel, fazendo uma boa pesquisa de pre\u00e7os. O governo do Estado disponibiliza uma excelente ferramenta, que \u00e9 o app Menor Pre\u00e7o Nota Ga\u00facha. Por meio dele, o consumidor consegue comparar os valores por quilo de chocolate e os locais onde os produtos apresentam o melhor custo-benef\u00edcio\u201d, diz o secret\u00e1rio de Justi\u00e7a, Cidadania e Direitos Humanos, Fabr\u00edcio Peruchin.<\/p>\n<p>O Procon-RS alerta que, em caso de irregularidades, o consumidor deve primeiro procurar o fornecedor do produto e tentar resolver a situa\u00e7\u00e3o diretamente. Caso n\u00e3o haja solu\u00e7\u00e3o, deve procurar o Procon municipal da sua cidade (confira aqui a lista). Se n\u00e3o houver Procon municipal dispon\u00edvel, o consumidor deve apresentar a sua demanda ao Procon RS.<\/p>\n<\/p><\/div>\n<\/section>\n<p>O post <a href=\"https:\/\/sul21.com.br\/noticias\/geral\/2025\/04\/procon-rs-aponta-diferenca-de-ate-268-entre-kg-do-ovo-de-pascoa-e-da-barra-de-chocolate\/\">Procon-RS aponta diferen\u00e7a de at\u00e9 268% entre kg do ovo de P\u00e1scoa e da barra de chocolate<\/a> apareceu primeiro em <a href=\"https:\/\/sul21.com.br\/\">Sul 21<\/a>.<\/p>\n<!-- Begin Yuzo --><div class='yuzo_related_post style-1'  data-version='5.12.89'><!-- without result --><div class='yuzo_clearfixed yuzo__title yuzo__title'><h3>Related Post<\/h3><\/div>\n\t\t\t\t\t\t  <div class=\"relatedthumb \" style=\"width:125px;float:left;overflow:hidden;\">  \n\t\t\t\t\t\t\t  \n\t\t\t\t\t\t\t  <a  href=\"https:\/\/redept.com.br\/blogosfera\/o-golpe-nao-comecou-no-dia-8-de-janeiro-de-2023-mas-sim-quando-bolsonaro-e-moro-fraudaram-criminosamente-a-eleicao-de-2018\/\"  >\n\t\t\t\t\t\t\t\t\t  <div class=\"yuzo-img-wrap \" style=\"width: 125px;height:90px;\">\n\t\t\t\t\t\t\t\t\t\t\n\t\t\t\t\t\t\t\t\t\t<div class=\"yuzo-img\" style=\"background:url('https:\/\/redept.org\/blogosfera\/wp-content\/plugins\/yuzo-related-post\/assets\/images\/default.png') 50% 50% no-repeat;width: 125px;height:90px;margin-bottom: 5px;background-size: cover; \"><\/div>\n\t\t\t\t\t\t\t\t\t  <\/div>\n\t\t\t\t\t\t\t\t\t  \n\t\t\t\t\t\t\t\t   <span class=\"yuzo__text--title\" style=\"font-size:13px;\">O golpe n\u00e3o come\u00e7ou no dia 8 de Janeiro de 2023, m...<\/span>\n\t\t\t\t\t\t\t  \n\t\t\t\t\t\t\t  \n\t\t\t\t\t\t\t  <\/a>\n\n\t\t\t\t\t\t  <\/div>\n\t\t\t\t\t\t  <div class=\"relatedthumb \" style=\"width:125px;float:left;overflow:hidden;\">  \n\t\t\t\t\t\t\t  \n\t\t\t\t\t\t\t  <a  href=\"https:\/\/redept.com.br\/blogosfera\/nabil-bonduki-aciona-justica-contra-aumento-da-passagem-em-sp-nunes-marca-reuniao-para-analise-do-reajuste-no-meio-do-recesso\/\"  >\n\t\t\t\t\t\t\t\t\t  <div class=\"yuzo-img-wrap \" style=\"width: 125px;height:90px;\">\n\t\t\t\t\t\t\t\t\t\t\n\t\t\t\t\t\t\t\t\t\t<div class=\"yuzo-img\" style=\"background:url('https:\/\/redept.org\/blogosfera\/wp-content\/plugins\/yuzo-related-post\/assets\/images\/default.png') 50% 50% no-repeat;width: 125px;height:90px;margin-bottom: 5px;background-size: cover; \"><\/div>\n\t\t\t\t\t\t\t\t\t  <\/div>\n\t\t\t\t\t\t\t\t\t  \n\t\t\t\t\t\t\t\t   <span class=\"yuzo__text--title\" style=\"font-size:13px;\">Nabil Bonduki aciona Justi\u00e7a contra aumento da pas...<\/span>\n\t\t\t\t\t\t\t  \n\t\t\t\t\t\t\t  \n\t\t\t\t\t\t\t  <\/a>\n\n\t\t\t\t\t\t  <\/div>\n\t\t\t\t\t\t  <div class=\"relatedthumb \" style=\"width:125px;float:left;overflow:hidden;\">  \n\t\t\t\t\t\t\t  \n\t\t\t\t\t\t\t  <a  href=\"https:\/\/redept.com.br\/blogosfera\/petrobras-vai-escoar-mais-gas-do-pre-sal-para-baixar-preco-a-industria\/\"  >\n\t\t\t\t\t\t\t\t\t  <div class=\"yuzo-img-wrap \" style=\"width: 125px;height:90px;\">\n\t\t\t\t\t\t\t\t\t\t\n\t\t\t\t\t\t\t\t\t\t<div class=\"yuzo-img\" style=\"background:url('https:\/\/redept.com.br\/blogosfera\/wp-content\/uploads\/2025\/07\/A-presidente-da-Petrobras-Magda-Chambriard-150x150.jpg') 50% 50% no-repeat;width: 125px;height:90px;margin-bottom: 5px;background-size: cover; \"><\/div>\n\t\t\t\t\t\t\t\t\t  <\/div>\n\t\t\t\t\t\t\t\t\t  \n\t\t\t\t\t\t\t\t   <span class=\"yuzo__text--title\" style=\"font-size:13px;\">Petrobras vai escoar mais g\u00e1s do pr\u00e9-sal para baix...<\/span>\n\t\t\t\t\t\t\t  \n\t\t\t\t\t\t\t  \n\t\t\t\t\t\t\t  <\/a>\n\n\t\t\t\t\t\t  <\/div>\n\t\t\t\t\t\t  <div class=\"relatedthumb \" style=\"width:125px;float:left;overflow:hidden;\">  \n\t\t\t\t\t\t\t  \n\t\t\t\t\t\t\t  <a  href=\"https:\/\/redept.com.br\/blogosfera\/mercado-de-trabalho-a-evidente-discriminacao-e-desigualdade-racial\/\"  >\n\t\t\t\t\t\t\t\t\t  <div class=\"yuzo-img-wrap \" style=\"width: 125px;height:90px;\">\n\t\t\t\t\t\t\t\t\t\t\n\t\t\t\t\t\t\t\t\t\t<div class=\"yuzo-img\" style=\"background:url('https:\/\/redept.com.br\/blogosfera\/wp-content\/uploads\/2024\/11\/mercado-de-trabalho-nivaldo-150x150.jpg') 50% 50% no-repeat;width: 125px;height:90px;margin-bottom: 5px;background-size: cover; \"><\/div>\n\t\t\t\t\t\t\t\t\t  <\/div>\n\t\t\t\t\t\t\t\t\t  \n\t\t\t\t\t\t\t\t   <span class=\"yuzo__text--title\" style=\"font-size:13px;\">Mercado de trabalho, a evidente discrimina\u00e7\u00e3o e de...<\/span>\n\t\t\t\t\t\t\t  \n\t\t\t\t\t\t\t  \n\t\t\t\t\t\t\t  <\/a>\n\n\t\t\t\t\t\t  <\/div>\n<\/div> <script>\n\t\t\t\t\t\t  jQuery(document).ready(function( $ ){\n\t\t\t\t\t\t\t\/\/jQuery('.yuzo_related_post').equalizer({ overflow : 'relatedthumb' });\n\t\t\t\t\t\t\tjQuery('.yuzo_related_post .yuzo_wraps').equalizer({ columns : '> div' });\n\t\t\t\t\t\t   })\n\t\t\t\t\t\t  <\/script> <!-- End Yuzo :) -->","protected":false},"excerpt":{"rendered":"<p>O Procon-RS divulgou neste domingo (6) os resultados de uma pesquisa realizada pela \u00f3rg\u00e3o no aplicativo Menor Pre\u00e7o Nota Ga\u00facha que comparou a diferen\u00e7a de pre\u00e7os entre o quilograma dos ovos de P\u00e1scoa e o das barras de chocolate no Rio Grande do Sul. O levantamento apontou diferen\u00e7as de at\u00e9 268% entre produtos de uma [&hellip;]<\/p>\n","protected":false},"author":2,"featured_media":0,"comment_status":"closed","ping_status":"closed","sticky":false,"template":"","format":"standard","meta":{"fifu_image_url":"","fifu_image_alt":"","footnotes":""},"categories":[1],"tags":[],"class_list":["post-20488","post","type-post","status-publish","format-standard","hentry","category-uncategorized"],"_links":{"self":[{"href":"https:\/\/redept.com.br\/blogosfera\/wp-json\/wp\/v2\/posts\/20488","targetHints":{"allow":["GET"]}}],"collection":[{"href":"https:\/\/redept.com.br\/blogosfera\/wp-json\/wp\/v2\/posts"}],"about":[{"href":"https:\/\/redept.com.br\/blogosfera\/wp-json\/wp\/v2\/types\/post"}],"author":[{"embeddable":true,"href":"https:\/\/redept.com.br\/blogosfera\/wp-json\/wp\/v2\/users\/2"}],"replies":[{"embeddable":true,"href":"https:\/\/redept.com.br\/blogosfera\/wp-json\/wp\/v2\/comments?post=20488"}],"version-history":[{"count":0,"href":"https:\/\/redept.com.br\/blogosfera\/wp-json\/wp\/v2\/posts\/20488\/revisions"}],"wp:attachment":[{"href":"https:\/\/redept.com.br\/blogosfera\/wp-json\/wp\/v2\/media?parent=20488"}],"wp:term":[{"taxonomy":"category","embeddable":true,"href":"https:\/\/redept.com.br\/blogosfera\/wp-json\/wp\/v2\/categories?post=20488"},{"taxonomy":"post_tag","embeddable":true,"href":"https:\/\/redept.com.br\/blogosfera\/wp-json\/wp\/v2\/tags?post=20488"}],"curies":[{"name":"wp","href":"https:\/\/api.w.org\/{rel}","templated":true}]}}