{"id":21082,"date":"2025-04-09T12:40:34","date_gmt":"2025-04-09T15:40:34","guid":{"rendered":"https:\/\/redept.org\/blogosfera\/metro-do-rio-fecha-11-estacoes-apos-queda-de-muro-provocada-por-obras\/"},"modified":"2025-04-09T12:40:34","modified_gmt":"2025-04-09T15:40:34","slug":"metro-do-rio-fecha-11-estacoes-apos-queda-de-muro-provocada-por-obras","status":"publish","type":"post","link":"https:\/\/redept.com.br\/blogosfera\/metro-do-rio-fecha-11-estacoes-apos-queda-de-muro-provocada-por-obras\/","title":{"rendered":"Metr\u00f4 do Rio fecha 11 esta\u00e7\u00f5es ap\u00f3s queda de muro provocada por obras"},"content":{"rendered":"<p>Na manh\u00e3 desta quarta-feira (9), o <strong>Metr\u00f4 do Rio<\/strong> fechou onze esta\u00e7\u00f5es ap\u00f3s a queda de um muro pr\u00f3ximo \u00e0 esta\u00e7\u00e3o de metr\u00f4 Engenho da Rainha, na zona norte da capital.\u00a0<\/p>\n<p>O acidente aconteceu durante o trabalho de uma equipe da concession\u00e1ria \u00c1guas do Rio, que reparava uma tubula\u00e7\u00e3o na \u00e1rea externa do metr\u00f4, na Avenida Pastor Martin Luther King Jr.\u00a0<\/p>\n<p>Apenas a rota entre as esta\u00e7\u00f5es Maria da Gra\u00e7a e Botafogo est\u00e3o operando no momento. J\u00e1 as esta\u00e7\u00f5es Pavuna, Engenheiro Rubens Paiva, Acari\/Fazenda Botafogo, Coelho Neto, Col\u00e9gio, Iraj\u00e1, Vicente de Carvalho, Thomaz Coelho, Engenho da Rainha, Inha\u00fama e Del Castilho foram fechadas para a seguran\u00e7a das equipes que est\u00e3o atuando no local.\u00a0<\/p>\n<p>A SuperVia, empresa respons\u00e1vel pelo transporte ferrovi\u00e1rio da cidade, refor\u00e7ou as linhas de \u00f4nibus e trens urbanos para atender a demanda dos passageiros impactados.\u00a0<\/p>\n<p>O <strong>Metr\u00f4Rio<\/strong> informou em nota que est\u00e1 em contato com a \u00c1guas do Rio para que a opera\u00e7\u00e3o da linha 2 seja restabelecida.\u00a0<\/p>\n<h2>Manuten\u00e7\u00e3o deixa bairros sem \u00e1gua<\/h2>\n<p>O reparo da \u00c1guas do Rio tamb\u00e9m afetou o abastecimento de \u00e1gua em dez bairros da regi\u00e3o: Engenho da Rainha, S\u00e3o Francisco Xavier, Mangueira, Triagem, Maria da Gra\u00e7a, Inha\u00fama, Del Castilho, Jacar\u00e9, Jacarezinho e Rocha.<\/p>\n<p>De acordo com a concession\u00e1ria, a obra deve ser finalizada nesta tarde.\u00a0<\/p>\n<h2>Metr\u00f4Rio deve aumentar a tarifa em breve<\/h2>\n<p>A Comiss\u00e3o de Transportes da Assembleia Legislativa do Estado do Rio de Janeiro (Alerj) realizou hoje uma audi\u00eancia p\u00fablica para debater o aumento para quase oito reais da tarifa do metr\u00f4 que deve acontecer no dia 12 de abril.\u00a0<\/p>\n<p>Contudo, de acordo com nota da Secretaria de Transporte e Mobilidade Urbana, o reajuste da tarifa do metr\u00f4 ainda pode ser derrubado, com a cria\u00e7\u00e3o do programa Tarifa RJ, que institui um valor de tarifa \u00fanico para os transportes da regi\u00e3o metropolitana.<\/p>\n<p>O rep\u00f3rter do <strong><a href=\"https:\/\/tvtnews.com.br\/jornal-tvt-news-primeira-edicao-09-04-2025\/\">Jornal TVT News Primeira Edi\u00e7\u00e3o<\/a><\/strong> esteve na Alerj e trouxe mais detalhes. <a href=\"https:\/\/youtu.be\/8mad1hN6hP0\" target=\"_blank\" rel=\"noreferrer noopener nofollow\">Assista<\/a>:<\/p>\n<figure>\n<div>\n<\/div>\n<\/figure>\n<h3>Leia mais not\u00edcias<\/h3>\n<figure>\n<div>\n<blockquote data-secret=\"L9O4UbA5vT\"><p><a href=\"https:\/\/tvtnews.com.br\/brasil-exemplar-combate-desigualdade-social-haddad\/\">Brasil \u00e9 exemplar no combate \u00e0 desigualdade social, diz Haddad<\/a><\/p><\/blockquote>\n<\/div>\n<\/figure>\n<p>The post <a rel=\"nofollow\" href=\"https:\/\/tvtnews.com.br\/metro-do-rio-fecha-11-estacoes-apos-queda-de-muro\/\">Metr\u00f4 do Rio fecha 11 esta\u00e7\u00f5es ap\u00f3s queda de muro provocada por obras<\/a> appeared first on <a rel=\"nofollow\" href=\"https:\/\/tvtnews.com.br\/\">TVT News<\/a>.<\/p>\n<!-- Begin Yuzo --><div class='yuzo_related_post style-1'  data-version='5.12.89'><!-- without result --><div class='yuzo_clearfixed yuzo__title yuzo__title'><h3>Related Post<\/h3><\/div>\n\t\t\t\t\t\t  <div class=\"relatedthumb \" style=\"width:125px;float:left;overflow:hidden;\">  \n\t\t\t\t\t\t\t  \n\t\t\t\t\t\t\t  <a  href=\"https:\/\/redept.com.br\/blogosfera\/camila-jara-esta-recebendo-ameacas-de-morte-apos-episodio-com-nikolas-ferreira-diz-alencar-santana-video\/\"  >\n\t\t\t\t\t\t\t\t\t  <div class=\"yuzo-img-wrap \" style=\"width: 125px;height:90px;\">\n\t\t\t\t\t\t\t\t\t\t\n\t\t\t\t\t\t\t\t\t\t<div class=\"yuzo-img\" style=\"background:url('https:\/\/redept.org\/blogosfera\/wp-content\/plugins\/yuzo-related-post\/assets\/images\/default.png') 50% 50% no-repeat;width: 125px;height:90px;margin-bottom: 5px;background-size: cover; \"><\/div>\n\t\t\t\t\t\t\t\t\t  <\/div>\n\t\t\t\t\t\t\t\t\t  \n\t\t\t\t\t\t\t\t   <span class=\"yuzo__text--title\" style=\"font-size:13px;\">\u201cCamila Jara est\u00e1 recebendo amea\u00e7as de morte\u201d ap\u00f3s...<\/span>\n\t\t\t\t\t\t\t  \n\t\t\t\t\t\t\t  \n\t\t\t\t\t\t\t  <\/a>\n\n\t\t\t\t\t\t  <\/div>\n\t\t\t\t\t\t  <div class=\"relatedthumb \" style=\"width:125px;float:left;overflow:hidden;\">  \n\t\t\t\t\t\t\t  \n\t\t\t\t\t\t\t  <a  href=\"https:\/\/redept.com.br\/blogosfera\/rogerio-reforca-luta-por-direitos-e-protecao-a-comunidade-lgbtqiapn\/\"  >\n\t\t\t\t\t\t\t\t\t  <div class=\"yuzo-img-wrap \" style=\"width: 125px;height:90px;\">\n\t\t\t\t\t\t\t\t\t\t\n\t\t\t\t\t\t\t\t\t\t<div class=\"yuzo-img\" style=\"background:url('https:\/\/redept.org\/blogosfera\/wp-content\/plugins\/yuzo-related-post\/assets\/images\/default.png') 50% 50% no-repeat;width: 125px;height:90px;margin-bottom: 5px;background-size: cover; \"><\/div>\n\t\t\t\t\t\t\t\t\t  <\/div>\n\t\t\t\t\t\t\t\t\t  \n\t\t\t\t\t\t\t\t   <span class=\"yuzo__text--title\" style=\"font-size:13px;\">Rog\u00e9rio refor\u00e7a luta por direitos e prote\u00e7\u00e3o \u00e0 com...<\/span>\n\t\t\t\t\t\t\t  \n\t\t\t\t\t\t\t  \n\t\t\t\t\t\t\t  <\/a>\n\n\t\t\t\t\t\t  <\/div>\n\t\t\t\t\t\t  <div class=\"relatedthumb \" style=\"width:125px;float:left;overflow:hidden;\">  \n\t\t\t\t\t\t\t  \n\t\t\t\t\t\t\t  <a  href=\"https:\/\/redept.com.br\/blogosfera\/justica-dos-eua-define-limites-da-guarda-nacional-apos-decretos-de-trump\/\"  >\n\t\t\t\t\t\t\t\t\t  <div class=\"yuzo-img-wrap \" style=\"width: 125px;height:90px;\">\n\t\t\t\t\t\t\t\t\t\t\n\t\t\t\t\t\t\t\t\t\t<div class=\"yuzo-img\" style=\"background:url('https:\/\/redept.com.br\/blogosfera\/wp-content\/uploads\/2025\/10\/captura-de-tela-2025-10-09-144606-150x150.png') 50% 50% no-repeat;width: 125px;height:90px;margin-bottom: 5px;background-size: cover; \"><\/div>\n\t\t\t\t\t\t\t\t\t  <\/div>\n\t\t\t\t\t\t\t\t\t  \n\t\t\t\t\t\t\t\t   <span class=\"yuzo__text--title\" style=\"font-size:13px;\">Justi\u00e7a dos EUA define limites da Guarda Nacional ...<\/span>\n\t\t\t\t\t\t\t  \n\t\t\t\t\t\t\t  \n\t\t\t\t\t\t\t  <\/a>\n\n\t\t\t\t\t\t  <\/div>\n\t\t\t\t\t\t  <div class=\"relatedthumb \" style=\"width:125px;float:left;overflow:hidden;\">  \n\t\t\t\t\t\t\t  \n\t\t\t\t\t\t\t  <a  href=\"https:\/\/redept.com.br\/blogosfera\/o-desespero-do-chacal\/\"  >\n\t\t\t\t\t\t\t\t\t  <div class=\"yuzo-img-wrap \" style=\"width: 125px;height:90px;\">\n\t\t\t\t\t\t\t\t\t\t\n\t\t\t\t\t\t\t\t\t\t<div class=\"yuzo-img\" style=\"background:url('https:\/\/redept.org\/blogosfera\/wp-content\/plugins\/yuzo-related-post\/assets\/images\/default.png') 50% 50% no-repeat;width: 125px;height:90px;margin-bottom: 5px;background-size: cover; \"><\/div>\n\t\t\t\t\t\t\t\t\t  <\/div>\n\t\t\t\t\t\t\t\t\t  \n\t\t\t\t\t\t\t\t   <span class=\"yuzo__text--title\" style=\"font-size:13px;\">O desespero do Chacal<\/span>\n\t\t\t\t\t\t\t  \n\t\t\t\t\t\t\t  \n\t\t\t\t\t\t\t  <\/a>\n\n\t\t\t\t\t\t  <\/div>\n<\/div> <script>\n\t\t\t\t\t\t  jQuery(document).ready(function( $ ){\n\t\t\t\t\t\t\t\/\/jQuery('.yuzo_related_post').equalizer({ overflow : 'relatedthumb' });\n\t\t\t\t\t\t\tjQuery('.yuzo_related_post .yuzo_wraps').equalizer({ columns : '> div' });\n\t\t\t\t\t\t   })\n\t\t\t\t\t\t  <\/script> <!-- End Yuzo :) -->","protected":false},"excerpt":{"rendered":"<p>Na manh\u00e3 desta quarta-feira (9), o Metr\u00f4 do Rio fechou onze esta\u00e7\u00f5es ap\u00f3s a queda de um muro pr\u00f3ximo \u00e0 esta\u00e7\u00e3o de metr\u00f4 Engenho da Rainha, na zona norte da capital.\u00a0 O acidente aconteceu durante o trabalho de uma equipe da concession\u00e1ria \u00c1guas do Rio, que reparava uma tubula\u00e7\u00e3o na \u00e1rea externa do metr\u00f4, na [&hellip;]<\/p>\n","protected":false},"author":2,"featured_media":0,"comment_status":"closed","ping_status":"closed","sticky":false,"template":"","format":"standard","meta":{"fifu_image_url":"","fifu_image_alt":"","footnotes":""},"categories":[489,94,49,2921],"tags":[],"class_list":["post-21082","post","type-post","status-publish","format-standard","hentry","category-destaque-pequeno","category-geral","category-rio-de-janeiro","category-transportes"],"_links":{"self":[{"href":"https:\/\/redept.com.br\/blogosfera\/wp-json\/wp\/v2\/posts\/21082","targetHints":{"allow":["GET"]}}],"collection":[{"href":"https:\/\/redept.com.br\/blogosfera\/wp-json\/wp\/v2\/posts"}],"about":[{"href":"https:\/\/redept.com.br\/blogosfera\/wp-json\/wp\/v2\/types\/post"}],"author":[{"embeddable":true,"href":"https:\/\/redept.com.br\/blogosfera\/wp-json\/wp\/v2\/users\/2"}],"replies":[{"embeddable":true,"href":"https:\/\/redept.com.br\/blogosfera\/wp-json\/wp\/v2\/comments?post=21082"}],"version-history":[{"count":0,"href":"https:\/\/redept.com.br\/blogosfera\/wp-json\/wp\/v2\/posts\/21082\/revisions"}],"wp:attachment":[{"href":"https:\/\/redept.com.br\/blogosfera\/wp-json\/wp\/v2\/media?parent=21082"}],"wp:term":[{"taxonomy":"category","embeddable":true,"href":"https:\/\/redept.com.br\/blogosfera\/wp-json\/wp\/v2\/categories?post=21082"},{"taxonomy":"post_tag","embeddable":true,"href":"https:\/\/redept.com.br\/blogosfera\/wp-json\/wp\/v2\/tags?post=21082"}],"curies":[{"name":"wp","href":"https:\/\/api.w.org\/{rel}","templated":true}]}}