{"id":21119,"date":"2025-04-09T15:33:57","date_gmt":"2025-04-09T18:33:57","guid":{"rendered":"https:\/\/redept.org\/blogosfera\/vendas-no-comercio-varejista-crescem-05-em-fevereiro-e-marca-recorde\/"},"modified":"2025-04-09T15:33:57","modified_gmt":"2025-04-09T18:33:57","slug":"vendas-no-comercio-varejista-crescem-05-em-fevereiro-e-marca-recorde","status":"publish","type":"post","link":"https:\/\/redept.com.br\/blogosfera\/vendas-no-comercio-varejista-crescem-05-em-fevereiro-e-marca-recorde\/","title":{"rendered":"Vendas no com\u00e9rcio varejista crescem 0,5% em fevereiro e marca recorde"},"content":{"rendered":"<p><img loading=\"lazy\" width=\"1024\" height=\"682\"src=\"https:\/\/redept.org\/blogosfera\/wp-content\/uploads\/2025\/04\/1064929-edit_04214-2048x1363-1.jpg\" alt=\"\" decoding=\"async\" loading=\"lazy\" srcset=\"https:\/\/vermelho.org.br\/wp-content\/uploads\/2023\/02\/1064929-edit_04214-1024x682.jpg 1024w, https:\/\/vermelho.org.br\/wp-content\/uploads\/2023\/02\/1064929-edit_04214-300x200.jpg 300w, https:\/\/vermelho.org.br\/wp-content\/uploads\/2023\/02\/1064929-edit_04214-768x511.jpg 768w, https:\/\/vermelho.org.br\/wp-content\/uploads\/2023\/02\/1064929-edit_04214-1536x1022.jpg 1536w, https:\/\/redept.org\/blogosfera\/wp-content\/uploads\/2025\/04\/1064929-edit_04214-2048x1363-1.jpg 2048w, https:\/\/vermelho.org.br\/wp-content\/uploads\/2023\/02\/1064929-edit_04214-272x182.jpg 272w\" sizes=\"auto, (max-width: 1024px) 100vw, 1024px\"><\/p>\n<p>As vendas no com\u00e9rcio varejista cresceram 0,5% em fevereiro, comparado a janeiro, e com isso alcan\u00e7aram o maior patamar da s\u00e9rie hist\u00f3rica iniciada em janeiro de 2000 \u2013 superando em 0,3% o recorde anterior de outubro de 2024. Os n\u00fameros fazem parte da Pesquisa Mensal de Com\u00e9rcio, divulgada nesta quarta (9), pelo Instituto Brasileiro de Geografia e Estat\u00edstica (IBGE).<\/p>\n<p>O IBGE ainda destaca que na s\u00e9rie sem ajuste sazonal,\u00a0o com\u00e9rcio varejista subiu 1,5% frente a fevereiro de 2024, enquanto no\u00a0acumulado no ano\u00a0foi de 2,3% e no\u00a0acumulado nos \u00faltimos 12 meses\u00a0marcou crescimento de 3,6%.<\/p>\n<p><strong>Leia mais: <\/strong><a href=\"https:\/\/vermelho.org.br\/2025\/02\/13\/comercio-varejista-cresce-47-em-2024-maior-alta-desde-2012\/\">Com\u00e9rcio varejista cresce 4,7% em 2024, maior alta desde 2012<\/a><\/p>\n<p>Como destaca o instituto, o \u00edndice voltou a crescer em fevereiro depois de quatro meses de estabilidade, com varia\u00e7\u00f5es pr\u00f3ximas a zero. E ainda que quatro das oito atividades investigadas na pesquisa avan\u00e7aram em fevereiro:<\/p>\n<ul>\n<li>Hiper e supermercados, produtos aliment\u00edcios, bebidas e fumo: 1,1%;<\/li>\n<li>M\u00f3veis e eletrodom\u00e9sticos: 0,9%;<\/li>\n<li>Artigos farmac\u00eauticos, m\u00e9dicos, ortop\u00e9dicos e de perfumaria: 0,3%;<\/li>\n<li>Outros artigos de uso pessoal e dom\u00e9stico: 0,1%.<\/li>\n<\/ul>\n<p>\u201cEm fevereiro, observamos a volta de um protagonismo para o setor de hiper e supermercados, ap\u00f3s um per\u00edodo de seis meses, desde agosto, com varia\u00e7\u00f5es pr\u00f3ximas de zero, com estabilidade. Condi\u00e7\u00f5es macroecon\u00f4micas mais complexas nos \u00faltimos meses, como a queda do n\u00famero de pessoas ocupadas, a estabilidade da massa de rendimento real e a infla\u00e7\u00e3o da alimenta\u00e7\u00e3o em domic\u00edlio, n\u00e3o incentivam o consumo de bens que n\u00e3o sejam de primeira necessidade. Com isso, as pessoas tendem a optar por produtos mais b\u00e1sicos, o que explica o crescimento maior do setor em rela\u00e7\u00e3o aos outros\u201d, diz o gerente da Pesquisa Mensal de Com\u00e9rcio, Cristiano Santos.<\/p>\n<p>J\u00e1 as atividades que registraram queda s\u00e3o: livros, jornais, revistas e papelaria (-7,8%), Equipamentos e material para escrit\u00f3rio, inform\u00e1tica e comunica\u00e7\u00e3o (-3,2%), Tecidos, vestu\u00e1rio e cal\u00e7ados (-0,1%) e Combust\u00edveis e lubrificantes (-0,1%).<\/p>\n<p>\u201cA quest\u00e3o do setor de livros, jornais, revistas e papelaria \u00e9 mais profunda, visto que podemos observar uma evas\u00e3o dos produtos f\u00edsicos dessa atividade, que est\u00e3o indo para o consumo, para servi\u00e7os como plataformas digitais. O que normalmente segura o resultado dessa atividade nos meses de crescimento, como costuma ser fevereiro, com crescimentos de 1,4% em 2023 e 17,2% em 2024, \u00e9 o material did\u00e1tico. Em fevereiro de 2025, n\u00e3o houve suporte de receita vindo de material did\u00e1tico, como aconteceu para o mesmo m\u00eas nos \u00faltimos anos. Outro fator que influenciou no resultado foi o fechamento de mais lojas f\u00edsicas, sobretudo livrarias\u201d, explica.<\/p>\n<p><strong>Anual<\/strong><\/p>\n<p>Como j\u00e1 destacado, em compara\u00e7\u00e3o com fevereiro de 2026 o crescimento no volume de vendas no com\u00e9rcio varejista foi de 1,5%. Neste aspecto, cinco dos oito setores tiveram aumento: M\u00f3veis e eletrodom\u00e9sticos (9,3%), Tecidos, vestu\u00e1rio e cal\u00e7ados (8,6%), Artigos farmac\u00eauticos, m\u00e9dicos, ortop\u00e9dicos e de perfumaria (3,2%), Outros artigos de uso pessoal e dom\u00e9stico (2,6%) e Combust\u00edveis e lubrificantes (1,5%).<\/p>\n<p>Pelo lado dos que tiveram queda est\u00e3o: Livros, jornais, revistas e papelaria (-5,2%), Equipamentos e material para escrit\u00f3rio inform\u00e1tica e comunica\u00e7\u00e3o (-3,2%) e Hiper, supermercados, produtos aliment\u00edcios, bebidas e fumo (-0,3%).<\/p>\n<p>O post <a href=\"https:\/\/vermelho.org.br\/2025\/04\/09\/vendas-no-comercio-varejista-crescem-05-em-fevereiro-e-marca-recorde\/\">Vendas no com\u00e9rcio varejista crescem 0,5% em fevereiro e marca recorde<\/a> apareceu primeiro em <a href=\"https:\/\/vermelho.org.br\/\">Vermelho<\/a>.<\/p>\n<!-- Begin Yuzo --><div class='yuzo_related_post style-1'  data-version='5.12.89'><!-- without result --><div class='yuzo_clearfixed yuzo__title yuzo__title'><h3>Related Post<\/h3><\/div>\n\t\t\t\t\t\t  <div class=\"relatedthumb \" style=\"width:125px;float:left;overflow:hidden;\">  \n\t\t\t\t\t\t\t  \n\t\t\t\t\t\t\t  <a  href=\"https:\/\/redept.com.br\/blogosfera\/conheca-o-samba-enredo-da-academicos-do-tatuape-de-sp-inspirado-na-luta-do-mst\/\"  >\n\t\t\t\t\t\t\t\t\t  <div class=\"yuzo-img-wrap \" style=\"width: 125px;height:90px;\">\n\t\t\t\t\t\t\t\t\t\t\n\t\t\t\t\t\t\t\t\t\t<div class=\"yuzo-img\" style=\"background:url('https:\/\/redept.com.br\/blogosfera\/wp-content\/uploads\/2025\/08\/1-1-150x150.jpeg') 50% 50% no-repeat;width: 125px;height:90px;margin-bottom: 5px;background-size: cover; \"><\/div>\n\t\t\t\t\t\t\t\t\t  <\/div>\n\t\t\t\t\t\t\t\t\t  \n\t\t\t\t\t\t\t\t   <span class=\"yuzo__text--title\" style=\"font-size:13px;\">Conhe\u00e7a o samba-enredo da Acad\u00eamicos do Tatuap\u00e9 de...<\/span>\n\t\t\t\t\t\t\t  \n\t\t\t\t\t\t\t  \n\t\t\t\t\t\t\t  <\/a>\n\n\t\t\t\t\t\t  <\/div>\n\t\t\t\t\t\t  <div class=\"relatedthumb \" style=\"width:125px;float:left;overflow:hidden;\">  \n\t\t\t\t\t\t\t  \n\t\t\t\t\t\t\t  <a  href=\"https:\/\/redept.com.br\/blogosfera\/motta-articulou-semana-de-tregua-mas-mantem-magoa-com-pt-e-isencao-do-ir-como-refem\/\"  >\n\t\t\t\t\t\t\t\t\t  <div class=\"yuzo-img-wrap \" style=\"width: 125px;height:90px;\">\n\t\t\t\t\t\t\t\t\t\t\n\t\t\t\t\t\t\t\t\t\t<div class=\"yuzo-img\" style=\"background:url('https:\/\/redept.org\/blogosfera\/wp-content\/plugins\/yuzo-related-post\/assets\/images\/default.png') 50% 50% no-repeat;width: 125px;height:90px;margin-bottom: 5px;background-size: cover; \"><\/div>\n\t\t\t\t\t\t\t\t\t  <\/div>\n\t\t\t\t\t\t\t\t\t  \n\t\t\t\t\t\t\t\t   <span class=\"yuzo__text--title\" style=\"font-size:13px;\">Motta articulou semana de \u2018tr\u00e9gua\u2019, mas mant\u00e9m \u2018m\u00e1...<\/span>\n\t\t\t\t\t\t\t  \n\t\t\t\t\t\t\t  \n\t\t\t\t\t\t\t  <\/a>\n\n\t\t\t\t\t\t  <\/div>\n\t\t\t\t\t\t  <div class=\"relatedthumb \" style=\"width:125px;float:left;overflow:hidden;\">  \n\t\t\t\t\t\t\t  \n\t\t\t\t\t\t\t  <a  href=\"https:\/\/redept.com.br\/blogosfera\/na-linha-de-frente-da-corrida-do-fim-do-mundo-esquenta-pra-cop30\/\"  >\n\t\t\t\t\t\t\t\t\t  <div class=\"yuzo-img-wrap \" style=\"width: 125px;height:90px;\">\n\t\t\t\t\t\t\t\t\t\t\n\t\t\t\t\t\t\t\t\t\t<div class=\"yuzo-img\" style=\"background:url('https:\/\/redept.org\/blogosfera\/wp-content\/plugins\/yuzo-related-post\/assets\/images\/default.png') 50% 50% no-repeat;width: 125px;height:90px;margin-bottom: 5px;background-size: cover; \"><\/div>\n\t\t\t\t\t\t\t\t\t  <\/div>\n\t\t\t\t\t\t\t\t\t  \n\t\t\t\t\t\t\t\t   <span class=\"yuzo__text--title\" style=\"font-size:13px;\">Na linha de frente da corrida do fim do mundo | Es...<\/span>\n\t\t\t\t\t\t\t  \n\t\t\t\t\t\t\t  \n\t\t\t\t\t\t\t  <\/a>\n\n\t\t\t\t\t\t  <\/div>\n\t\t\t\t\t\t  <div class=\"relatedthumb \" style=\"width:125px;float:left;overflow:hidden;\">  \n\t\t\t\t\t\t\t  \n\t\t\t\t\t\t\t  <a  href=\"https:\/\/redept.com.br\/blogosfera\/linha-amarela-instalada-por-soldados-israelenses-levanta-preocupacao-em-gaza-alerta-the-guardian\/\"  >\n\t\t\t\t\t\t\t\t\t  <div class=\"yuzo-img-wrap \" style=\"width: 125px;height:90px;\">\n\t\t\t\t\t\t\t\t\t\t\n\t\t\t\t\t\t\t\t\t\t<div class=\"yuzo-img\" style=\"background:url('https:\/\/redept.org\/blogosfera\/wp-content\/plugins\/yuzo-related-post\/assets\/images\/default.png') 50% 50% no-repeat;width: 125px;height:90px;margin-bottom: 5px;background-size: cover; \"><\/div>\n\t\t\t\t\t\t\t\t\t  <\/div>\n\t\t\t\t\t\t\t\t\t  \n\t\t\t\t\t\t\t\t   <span class=\"yuzo__text--title\" style=\"font-size:13px;\">Linha amarela instalada por soldados israelenses l...<\/span>\n\t\t\t\t\t\t\t  \n\t\t\t\t\t\t\t  \n\t\t\t\t\t\t\t  <\/a>\n\n\t\t\t\t\t\t  <\/div>\n<\/div> <script>\n\t\t\t\t\t\t  jQuery(document).ready(function( $ ){\n\t\t\t\t\t\t\t\/\/jQuery('.yuzo_related_post').equalizer({ overflow : 'relatedthumb' });\n\t\t\t\t\t\t\tjQuery('.yuzo_related_post .yuzo_wraps').equalizer({ columns : '> div' });\n\t\t\t\t\t\t   })\n\t\t\t\t\t\t  <\/script> <!-- End Yuzo :) -->","protected":false},"excerpt":{"rendered":"<p>As vendas no com\u00e9rcio varejista cresceram 0,5% em fevereiro, comparado a janeiro, e com isso alcan\u00e7aram o maior patamar da s\u00e9rie hist\u00f3rica iniciada em janeiro de 2000 \u2013 superando em 0,3% o recorde anterior de outubro de 2024. Os n\u00fameros fazem parte da Pesquisa Mensal de Com\u00e9rcio, divulgada nesta quarta (9), pelo Instituto Brasileiro de [&hellip;]<\/p>\n","protected":false},"author":2,"featured_media":21120,"comment_status":"closed","ping_status":"closed","sticky":false,"template":"","format":"standard","meta":{"fifu_image_url":"","fifu_image_alt":"","footnotes":""},"categories":[1767,3740,221,481,4962],"tags":[],"class_list":["post-21119","post","type-post","status-publish","format-standard","has-post-thumbnail","hentry","category-comercio","category-comercio-varejista","category-economia","category-ibge","category-pesquisa-mensal-de-comercio"],"_links":{"self":[{"href":"https:\/\/redept.com.br\/blogosfera\/wp-json\/wp\/v2\/posts\/21119","targetHints":{"allow":["GET"]}}],"collection":[{"href":"https:\/\/redept.com.br\/blogosfera\/wp-json\/wp\/v2\/posts"}],"about":[{"href":"https:\/\/redept.com.br\/blogosfera\/wp-json\/wp\/v2\/types\/post"}],"author":[{"embeddable":true,"href":"https:\/\/redept.com.br\/blogosfera\/wp-json\/wp\/v2\/users\/2"}],"replies":[{"embeddable":true,"href":"https:\/\/redept.com.br\/blogosfera\/wp-json\/wp\/v2\/comments?post=21119"}],"version-history":[{"count":0,"href":"https:\/\/redept.com.br\/blogosfera\/wp-json\/wp\/v2\/posts\/21119\/revisions"}],"wp:featuredmedia":[{"embeddable":true,"href":"https:\/\/redept.com.br\/blogosfera\/wp-json\/wp\/v2\/media\/21120"}],"wp:attachment":[{"href":"https:\/\/redept.com.br\/blogosfera\/wp-json\/wp\/v2\/media?parent=21119"}],"wp:term":[{"taxonomy":"category","embeddable":true,"href":"https:\/\/redept.com.br\/blogosfera\/wp-json\/wp\/v2\/categories?post=21119"},{"taxonomy":"post_tag","embeddable":true,"href":"https:\/\/redept.com.br\/blogosfera\/wp-json\/wp\/v2\/tags?post=21119"}],"curies":[{"name":"wp","href":"https:\/\/api.w.org\/{rel}","templated":true}]}}