{"id":21910,"date":"2025-04-13T12:22:02","date_gmt":"2025-04-13T15:22:02","guid":{"rendered":"https:\/\/redept.org\/blogosfera\/china-pede-fim-de-tarifas-reciprocas-de-trump-eua-dao-prazo-para-inicio-de-taxas-sobre-semicondutores\/"},"modified":"2025-04-13T12:22:02","modified_gmt":"2025-04-13T15:22:02","slug":"china-pede-fim-de-tarifas-reciprocas-de-trump-eua-dao-prazo-para-inicio-de-taxas-sobre-semicondutores","status":"publish","type":"post","link":"https:\/\/redept.com.br\/blogosfera\/china-pede-fim-de-tarifas-reciprocas-de-trump-eua-dao-prazo-para-inicio-de-taxas-sobre-semicondutores\/","title":{"rendered":"China pede fim de tarifas rec\u00edprocas de Trump; EUA d\u00e3o prazo para in\u00edcio de taxas sobre semicondutores"},"content":{"rendered":"<h2><\/h2>\n<p>A China pediu aos Estados Unidos, neste domingo (13), que \u201celiminem completamente\u201d suas tarifas rec\u00edprocas, depois que Washington anunciou uma isen\u00e7\u00e3o para celulares, computadores e outros produtos eletr\u00f4nicos.<\/p>\n<p>\u201cInstamos os Estados Unidos (\u2026) a tomarem medidas importantes para corrigir seus erros, eliminar completamente a pr\u00e1tica err\u00f4nea de tarifas rec\u00edprocas e voltar ao caminho certo do respeito m\u00fatuo\u201d, disse um porta-voz do Minist\u00e9rio do Com\u00e9rcio em um comunicado.<\/p>\n<p>Na sexta-feira, o Servi\u00e7o de Alf\u00e2ndega dos EUA anunciou que smartphones, laptops, chips de mem\u00f3ria e outros produtos seriam exclu\u00eddos das tarifas globais implementadas pelo presidente Donald Trump h\u00e1 uma semana.<\/p>\n<p>O Minist\u00e9rio do Com\u00e9rcio da China disse que o an\u00fancio foi um \u201cpequeno passo\u201d e que a China estava \u201cavaliando o impacto\u201d da decis\u00e3o.<\/p>\n<p>As isen\u00e7\u00f5es beneficiar\u00e3o empresas de tecnologia dos EUA, como Nvidia e Dell, assim como a Apple, que fabrica iPhones e outros produtos de ponta na China. A maioria dos produtos chineses ainda enfrenta uma tarifa geral de 145% para entrar nos Estados Unidos.<\/p>\n<p>O secret\u00e1rio do Com\u00e9rcio dos Estados Unidos disse, neste domingo (13), que as tarifas sobre os semicondutores provavelmente come\u00e7ar\u00e3o \u201cem um m\u00eas ou dois\u201d.<\/p>\n<p>\u201cN\u00e3o podemos depender da China para as coisas fundamentais de que precisamos. Nossos medicamentos e nossos semicondutores precisam ser fabricados nos Estados Unidos\u201d, disse Howard Lutnick ao programa \u201cThis Week\u201d, da ABC.<\/p><\/p>\n<!-- Begin Yuzo --><div class='yuzo_related_post style-1'  data-version='5.12.89'><!-- without result --><div class='yuzo_clearfixed yuzo__title yuzo__title'><h3>Related Post<\/h3><\/div>\n\t\t\t\t\t\t  <div class=\"relatedthumb \" style=\"width:125px;float:left;overflow:hidden;\">  \n\t\t\t\t\t\t\t  \n\t\t\t\t\t\t\t  <a  href=\"https:\/\/redept.com.br\/blogosfera\/politica-nao-e-lugar-de-preto-vereadoras-do-pt-de-campinas-sao-vitimas-de-ataques-racistas-e-misoginos-com-ameaca-de-morte\/\"  >\n\t\t\t\t\t\t\t\t\t  <div class=\"yuzo-img-wrap \" style=\"width: 125px;height:90px;\">\n\t\t\t\t\t\t\t\t\t\t\n\t\t\t\t\t\t\t\t\t\t<div class=\"yuzo-img\" style=\"background:url('https:\/\/redept.org\/blogosfera\/wp-content\/plugins\/yuzo-related-post\/assets\/images\/default.png') 50% 50% no-repeat;width: 125px;height:90px;margin-bottom: 5px;background-size: cover; \"><\/div>\n\t\t\t\t\t\t\t\t\t  <\/div>\n\t\t\t\t\t\t\t\t\t  \n\t\t\t\t\t\t\t\t   <span class=\"yuzo__text--title\" style=\"font-size:13px;\">\u2018Pol\u00edtica n\u00e3o \u00e9 lugar de preto\u2019: verea...<\/span>\n\t\t\t\t\t\t\t  \n\t\t\t\t\t\t\t  \n\t\t\t\t\t\t\t  <\/a>\n\n\t\t\t\t\t\t  <\/div>\n\t\t\t\t\t\t  <div class=\"relatedthumb \" style=\"width:125px;float:left;overflow:hidden;\">  \n\t\t\t\t\t\t\t  \n\t\t\t\t\t\t\t  <a  href=\"https:\/\/redept.com.br\/blogosfera\/mae-que-matou-cortou-penis-e-colocou-fogo-em-corpo-de-abusador-da-filha-de-11-anos-e-absolvida-e-considerada-inocente\/\"  >\n\t\t\t\t\t\t\t\t\t  <div class=\"yuzo-img-wrap \" style=\"width: 125px;height:90px;\">\n\t\t\t\t\t\t\t\t\t\t\n\t\t\t\t\t\t\t\t\t\t<div class=\"yuzo-img\" style=\"background:url('https:\/\/redept.org\/blogosfera\/wp-content\/plugins\/yuzo-related-post\/assets\/images\/default.png') 50% 50% no-repeat;width: 125px;height:90px;margin-bottom: 5px;background-size: cover; \"><\/div>\n\t\t\t\t\t\t\t\t\t  <\/div>\n\t\t\t\t\t\t\t\t\t  \n\t\t\t\t\t\t\t\t   <span class=\"yuzo__text--title\" style=\"font-size:13px;\">M\u00e3e que matou, cortou p\u00eanis e colocou fogo em corp...<\/span>\n\t\t\t\t\t\t\t  \n\t\t\t\t\t\t\t  \n\t\t\t\t\t\t\t  <\/a>\n\n\t\t\t\t\t\t  <\/div>\n\t\t\t\t\t\t  <div class=\"relatedthumb \" style=\"width:125px;float:left;overflow:hidden;\">  \n\t\t\t\t\t\t\t  \n\t\t\t\t\t\t\t  <a  href=\"https:\/\/redept.com.br\/blogosfera\/cozinha-solidaria-sao-marcos-reconhecida-pelo-papa-francisco\/\"  >\n\t\t\t\t\t\t\t\t\t  <div class=\"yuzo-img-wrap \" style=\"width: 125px;height:90px;\">\n\t\t\t\t\t\t\t\t\t\t\n\t\t\t\t\t\t\t\t\t\t<div class=\"yuzo-img\" style=\"background:url('https:\/\/redept.org\/blogosfera\/wp-content\/plugins\/yuzo-related-post\/assets\/images\/default.png') 50% 50% no-repeat;width: 125px;height:90px;margin-bottom: 5px;background-size: cover; \"><\/div>\n\t\t\t\t\t\t\t\t\t  <\/div>\n\t\t\t\t\t\t\t\t\t  \n\t\t\t\t\t\t\t\t   <span class=\"yuzo__text--title\" style=\"font-size:13px;\">Cozinha Solid\u00e1ria S\u00e3o Marcos: reconhecida pelo Pap...<\/span>\n\t\t\t\t\t\t\t  \n\t\t\t\t\t\t\t  \n\t\t\t\t\t\t\t  <\/a>\n\n\t\t\t\t\t\t  <\/div>\n\t\t\t\t\t\t  <div class=\"relatedthumb \" style=\"width:125px;float:left;overflow:hidden;\">  \n\t\t\t\t\t\t\t  \n\t\t\t\t\t\t\t  <a  href=\"https:\/\/redept.com.br\/blogosfera\/ruralista-que-ameacou-dorothy-stang-circula-no-churrascao-do-agro-na-cop30\/\"  >\n\t\t\t\t\t\t\t\t\t  <div class=\"yuzo-img-wrap \" style=\"width: 125px;height:90px;\">\n\t\t\t\t\t\t\t\t\t\t\n\t\t\t\t\t\t\t\t\t\t<div class=\"yuzo-img\" style=\"background:url('https:\/\/redept.com.br\/blogosfera\/wp-content\/uploads\/2025\/11\/favaro-churrasco-cop-fernando-martinho-150x150.jpg') 50% 50% no-repeat;width: 125px;height:90px;margin-bottom: 5px;background-size: cover; \"><\/div>\n\t\t\t\t\t\t\t\t\t  <\/div>\n\t\t\t\t\t\t\t\t\t  \n\t\t\t\t\t\t\t\t   <span class=\"yuzo__text--title\" style=\"font-size:13px;\">Ruralista que amea\u00e7ou Dorothy Stang circula no chu...<\/span>\n\t\t\t\t\t\t\t  \n\t\t\t\t\t\t\t  \n\t\t\t\t\t\t\t  <\/a>\n\n\t\t\t\t\t\t  <\/div>\n<\/div> <script>\n\t\t\t\t\t\t  jQuery(document).ready(function( $ ){\n\t\t\t\t\t\t\t\/\/jQuery('.yuzo_related_post').equalizer({ overflow : 'relatedthumb' });\n\t\t\t\t\t\t\tjQuery('.yuzo_related_post .yuzo_wraps').equalizer({ columns : '> div' });\n\t\t\t\t\t\t   })\n\t\t\t\t\t\t  <\/script> <!-- End Yuzo :) -->","protected":false},"excerpt":{"rendered":"<p>A China pediu aos Estados Unidos, neste domingo (13), que \u201celiminem completamente\u201d suas tarifas rec\u00edprocas, depois que Washington anunciou uma isen\u00e7\u00e3o para celulares, computadores e outros produtos eletr\u00f4nicos. \u201cInstamos os Estados Unidos (\u2026) a tomarem medidas importantes para corrigir seus erros, eliminar completamente a pr\u00e1tica err\u00f4nea de tarifas rec\u00edprocas e voltar ao caminho certo do [&hellip;]<\/p>\n","protected":false},"author":2,"featured_media":0,"comment_status":"closed","ping_status":"closed","sticky":false,"template":"","format":"standard","meta":{"fifu_image_url":"","fifu_image_alt":"","footnotes":""},"categories":[50],"tags":[],"class_list":["post-21910","post","type-post","status-publish","format-standard","hentry","category-internacional"],"_links":{"self":[{"href":"https:\/\/redept.com.br\/blogosfera\/wp-json\/wp\/v2\/posts\/21910","targetHints":{"allow":["GET"]}}],"collection":[{"href":"https:\/\/redept.com.br\/blogosfera\/wp-json\/wp\/v2\/posts"}],"about":[{"href":"https:\/\/redept.com.br\/blogosfera\/wp-json\/wp\/v2\/types\/post"}],"author":[{"embeddable":true,"href":"https:\/\/redept.com.br\/blogosfera\/wp-json\/wp\/v2\/users\/2"}],"replies":[{"embeddable":true,"href":"https:\/\/redept.com.br\/blogosfera\/wp-json\/wp\/v2\/comments?post=21910"}],"version-history":[{"count":0,"href":"https:\/\/redept.com.br\/blogosfera\/wp-json\/wp\/v2\/posts\/21910\/revisions"}],"wp:attachment":[{"href":"https:\/\/redept.com.br\/blogosfera\/wp-json\/wp\/v2\/media?parent=21910"}],"wp:term":[{"taxonomy":"category","embeddable":true,"href":"https:\/\/redept.com.br\/blogosfera\/wp-json\/wp\/v2\/categories?post=21910"},{"taxonomy":"post_tag","embeddable":true,"href":"https:\/\/redept.com.br\/blogosfera\/wp-json\/wp\/v2\/tags?post=21910"}],"curies":[{"name":"wp","href":"https:\/\/api.w.org\/{rel}","templated":true}]}}