{"id":21912,"date":"2025-04-13T14:23:42","date_gmt":"2025-04-13T17:23:42","guid":{"rendered":"https:\/\/redept.org\/blogosfera\/equatorianos-nao-conseguem-votar-na-venezuela-e-governo-noboa-complica-maior-colegio-eleitoral-na-america-latina\/"},"modified":"2025-04-13T14:23:42","modified_gmt":"2025-04-13T17:23:42","slug":"equatorianos-nao-conseguem-votar-na-venezuela-e-governo-noboa-complica-maior-colegio-eleitoral-na-america-latina","status":"publish","type":"post","link":"https:\/\/redept.com.br\/blogosfera\/equatorianos-nao-conseguem-votar-na-venezuela-e-governo-noboa-complica-maior-colegio-eleitoral-na-america-latina\/","title":{"rendered":"Equatorianos n\u00e3o conseguem votar na Venezuela e governo Noboa complica maior col\u00e9gio eleitoral na Am\u00e9rica Latina"},"content":{"rendered":"<p>A maior comunidade equatoriana na Am\u00e9rica Latina n\u00e3o votou neste domingo (13) pelo segundo turno das elei\u00e7\u00f5es presidenciais. Na <a href=\"https:\/\/www.brasildefato.com.br\/2025\/04\/13\/equador-pode-eleger-primeira-presidenta-pais-decide-entre-governo-repressivo-de-noboa-e-progressismo-de-luisa-gonzalez\/\">disputa entre a candidata da Revolu\u00e7\u00e3o Cidad\u00e3, Luisa Gonzalez, e o atual presidente de direita, Daniel Noboa<\/a>, quem est\u00e1 na capital venezuelana de Caracas n\u00e3o teve acesso ao consulado do Equador para escolher o seu candidato.<\/p>\n<p>A maioria deles questiona a conduta do governo equatoriano, j\u00e1 que o col\u00e9gio eleitoral da Venezuela \u00e9 o maior fora do Equador. Ao todo, mais de 10 mil equatorianos est\u00e3o aptos a votar no pa\u00eds vizinho.<\/p>\n<p>Tudo come\u00e7ou no s\u00e1bado (12), quando o Conselho Nacional Eleitoral (CNE) do Equador anunciou que o consulado do pa\u00eds na Venezuela n\u00e3o poderia realizar a vota\u00e7\u00e3o. A justificativa usada pelo \u00f3rg\u00e3o foi que n\u00e3o havia permiss\u00e3o nem condi\u00e7\u00f5es log\u00edsticas para isso. A representa\u00e7\u00e3o diplom\u00e1tica equatoriana em Caracas, no entanto, j\u00e1 havia recebido autoriza\u00e7\u00e3o do governo venezuelano para a vota\u00e7\u00e3o.<\/p>\n<p>O CNE alega que o<a href=\"https:\/\/www.brasildefato.com.br\/2024\/04\/16\/venezuela-fecha-consulados-e-embaixada-no-equador-e-apoia-pedido-para-expulsao-de-pais-da-onu\/\"> rompimento das rela\u00e7\u00f5es diplom\u00e1ticas entre os dois pa\u00edses \u00e9 o principal motivo para isso<\/a>. A Venezuela anunciou em abril de 2024 o fechamento dos consulados e de sua embaixada no Equador, em repres\u00e1lia ao governo de Daniel Noboa pela<a href=\"https:\/\/www.brasildefato.com.br\/2024\/04\/10\/invadir-embaixada-do-mexico-foi-ato-internacional-mais-arbitrario-da-historia-contemporanea-do-equador-diz-ex-chanceler\/\"> invas\u00e3o da embaixada mexicana para a pris\u00e3o do ex-vice-presidente equatoriano Jorge Glas<\/a>.<\/p>\n<p>Na ocasi\u00e3o, Maduro pediu que seja restitu\u00eddo o status de asilado pol\u00edtico a Jorge Glas, concedido pelo governo do mexicano um dia antes da invas\u00e3o da embaixada, e declarou que apoia \u201cplenamente\u201d o pedido do M\u00e9xico \u00e0 Corte Internacional de Justi\u00e7a para que o Equador seja expulso da ONU.<\/p>\n<p>Ao todo, 300 mil equatorianos vivem na Venezuela. Eles afirmam, no entanto, estarem respaldados pela pr\u00f3pria Constitui\u00e7\u00e3o do Equador. Os artigos 62 e 63 da Carta Magna garante o voto de qualquer cidad\u00e3o equatoriano.<\/p>\n<p>Eliana Correa \u00e9 \u201cassembleista\u201d da Revolu\u00e7\u00e3o Cidad\u00e3 para Am\u00e9rica Latina, Caribe e \u00c1frica. O cargo funciona como uma representa\u00e7\u00e3o dos imigrantes equatorianos nas elei\u00e7\u00f5es. De acordo com ela, o consulado em Caracas tinha totais condi\u00e7\u00f5es de receber as elei\u00e7\u00f5es do pa\u00eds, j\u00e1 que, al\u00e9m de tudo, est\u00e1 sendo administrado pela Su\u00ed\u00e7a, um pa\u00eds que receber\u00e1 eleitores.<\/p>\n<p>\u201cDizer que n\u00e3o tem condi\u00e7\u00f5es \u00e9 mentira, porque o CNE pode mudar o col\u00e9gio eleitoral antes de celebrar a vota\u00e7\u00e3o. Se tem problema com esse col\u00e9gio, muda para outro. Disse que n\u00e3o havia funcion\u00e1rios, mas aqui est\u00e3o os funcion\u00e1rios. O pr\u00f3prio governo venezuelano nos deu apoio e autoriza\u00e7\u00e3o para isso. O que vemos \u00e9 falta de vontade pol\u00edtica e operatividade. Tirou o direito desses 10 mil equatorianos\u201d, afirmou ao <strong>Brasil de Fato<\/strong>.<\/p>\n<p>Depois de Caracas est\u00e3o Chile, Col\u00f4mbia e Argentina como maiores col\u00e9gios eleitorais equatorianos na Am\u00e9rica Latina. em toda Am\u00e9rica, s\u00f3 os Estados Unidos tem um contingente maior de eleitores equatorianos.<\/p>\n<p>A maioria dos eleitores na Venezuela sempre votou pela Revolu\u00e7\u00e3o Cidad\u00e3. O pr\u00f3prio ex-presidente Rafael Correa venceu no pa\u00eds em 2013. Ao todo, recebeu 70.94% dos votos. Segundo Eliana Correa, a tend\u00eancia \u00e9 que Luisa Gonz\u00e1lez recebesse a maioria dos votos, o que faria uma diferen\u00e7a no resultado final. <\/p>\n<p>Luciano Cardenas \u00e9 mobilizador da Revolu\u00e7\u00e3o Cidad\u00e3 na Venezuela e est\u00e1 h\u00e1 41 anos vivendo no pa\u00eds. Ele afirma que essa manobra do governo mostra uma postura \u201cditatorial\u201d de Noboa, que quer usar outras ferramentas fora da campanha eleitoral para garantir a sua vit\u00f3ria.<\/p>\n<p>\u201cEssa ditadura do Noboa n\u00e3o nos permitiu votar j\u00e1 no primeiro turno e viola pela segunda vez nosso direito. Isso est\u00e1 violando nossos direitos pol\u00edticos, o que n\u00e3o podemos aceitar. Eles formam uma ditadura disfar\u00e7ada de democracia. A maioria dos venezuelanos que est\u00e3o aqui votariam na Luisa\u201d, disse ao <strong>Brasil de Fato<\/strong>.<\/p>\n<h4>Mais den\u00fancias<\/h4>\n<p>Movimentos de esquerda tamb\u00e9m t\u00eam denunciado outras irregularidades no pleito, como a mudan\u00e7a de 18 col\u00e9gios eleitorais depois do prazo m\u00ednimo estipulado de 24 horas. Em documento assinado pela Revolu\u00e7\u00e3o Cidad\u00e3 e outros 4 partidos, os movimentos afirmam que observadores internacionais foram impedidos de entrar no pa\u00eds e questionam o decreto de estado de exce\u00e7\u00e3o.<\/p>\n<p>A carta pede tamb\u00e9m apoio de organismos internacionais como a ONU e a Comiss\u00e3o Interamericana de Direitos Humanos para denunciar as irregularidades. Wilson Borba \u00e9 diretor da Revolu\u00e7\u00e3o Cidad\u00e3 na Venezuela. Ele afirma que, neste contexto, \u00e9 fundamental o apoio externo para denunciar essas viola\u00e7\u00f5es.<\/p>\n<p>\u201cVamos estar aqui para estar o tempo que seja necess\u00e1rio para garantir a nossa Constitui\u00e7\u00e3o. Por isso que nossa presen\u00e7a como dirigentes pol\u00edticos, como comunidade \u00e9 uma luta. Isso n\u00e3o \u00e9 s\u00f3 uma quest\u00e3o pol\u00edtica porque afeta todos os equatorianos. Por isso pedimos apoio externo para resolver essa quest\u00e3o\u201d, afirmou ao Brasil de Fato.<\/p>\n<p>Noboa e Gonz\u00e1lez terminaram o primeiro turno praticamente empatados, com uma diferen\u00e7a de 0,17% a favor da candidata de esquerda. No segundo turno, analistas e pesquisas apontam uma disputa voto a voto. Mas a disputa tamb\u00e9m est\u00e1 sendo envolta em atmosfera de tens\u00e3o: \u00e0s v\u00e9speras do pleito, Noboa decretou estado de exce\u00e7\u00e3o em boa parte do pa\u00eds.<\/p>\n<p>Esta ser\u00e1 a segunda vez que os candidatos se enfrentam no segundo turno de uma corrida eleitoral para a Presid\u00eancia. A primeira foi em 2023, em uma elei\u00e7\u00e3o antecipada para completar os 15 meses de mandato de Guillermo Lasso, que havia convocado uma vota\u00e7\u00e3o r\u00e1pida para evitar o impeachment por suposto desvio de dinheiro. \u00c0 \u00e9poca, Noboa venceu com margem apertada de 52,1% dos votos.<\/p><\/p>\n<!-- Begin Yuzo --><div class='yuzo_related_post style-1'  data-version='5.12.89'><!-- without result --><div class='yuzo_clearfixed yuzo__title yuzo__title'><h3>Related Post<\/h3><\/div>\n\t\t\t\t\t\t  <div class=\"relatedthumb \" style=\"width:125px;float:left;overflow:hidden;\">  \n\t\t\t\t\t\t\t  \n\t\t\t\t\t\t\t  <a  href=\"https:\/\/redept.com.br\/blogosfera\/a-meta-de-wellington-dias-natal-com-comida-farta-na-mesa-dos-brasileiros\/\"  >\n\t\t\t\t\t\t\t\t\t  <div class=\"yuzo-img-wrap \" style=\"width: 125px;height:90px;\">\n\t\t\t\t\t\t\t\t\t\t\n\t\t\t\t\t\t\t\t\t\t<div class=\"yuzo-img\" style=\"background:url('https:\/\/redept.org\/blogosfera\/wp-content\/plugins\/yuzo-related-post\/assets\/images\/default.png') 50% 50% no-repeat;width: 125px;height:90px;margin-bottom: 5px;background-size: cover; \"><\/div>\n\t\t\t\t\t\t\t\t\t  <\/div>\n\t\t\t\t\t\t\t\t\t  \n\t\t\t\t\t\t\t\t   <span class=\"yuzo__text--title\" style=\"font-size:13px;\">A meta de Wellington Dias: Natal com comida farta ...<\/span>\n\t\t\t\t\t\t\t  \n\t\t\t\t\t\t\t  \n\t\t\t\t\t\t\t  <\/a>\n\n\t\t\t\t\t\t  <\/div>\n\t\t\t\t\t\t  <div class=\"relatedthumb \" style=\"width:125px;float:left;overflow:hidden;\">  \n\t\t\t\t\t\t\t  \n\t\t\t\t\t\t\t  <a  href=\"https:\/\/sul21.com.br\/noticias\/saude\/2025\/08\/organizacao-contratada-pela-prefeitura-descumpre-obrigacoes-na-gestao-do-hospital-da-restinga\/\"  >\n\t\t\t\t\t\t\t\t\t  <div class=\"yuzo-img-wrap \" style=\"width: 125px;height:90px;\">\n\t\t\t\t\t\t\t\t\t\t\n\t\t\t\t\t\t\t\t\t\t<div class=\"yuzo-img\" style=\"background:url('https:\/\/redept.org\/blogosfera\/wp-content\/plugins\/yuzo-related-post\/assets\/images\/default.png') 50% 50% no-repeat;width: 125px;height:90px;margin-bottom: 5px;background-size: cover; \"><\/div>\n\t\t\t\t\t\t\t\t\t  <\/div>\n\t\t\t\t\t\t\t\t\t  \n\t\t\t\t\t\t\t\t   <span class=\"yuzo__text--title\" style=\"font-size:13px;\">Organiza\u00e7\u00e3o contratada pela Prefeitura descumpre o...<\/span>\n\t\t\t\t\t\t\t  \n\t\t\t\t\t\t\t  \n\t\t\t\t\t\t\t  <\/a>\n\n\t\t\t\t\t\t  <\/div>\n\t\t\t\t\t\t  <div class=\"relatedthumb \" style=\"width:125px;float:left;overflow:hidden;\">  \n\t\t\t\t\t\t\t  \n\t\t\t\t\t\t\t  <a  href=\"https:\/\/redept.com.br\/blogosfera\/tarcisio-volta-a-citar-ihra-na-contramao-de-lula-tema-e-pauta-mundial-no-polarizante-debate-esquerda-x-direita\/\"  >\n\t\t\t\t\t\t\t\t\t  <div class=\"yuzo-img-wrap \" style=\"width: 125px;height:90px;\">\n\t\t\t\t\t\t\t\t\t\t\n\t\t\t\t\t\t\t\t\t\t<div class=\"yuzo-img\" style=\"background:url('https:\/\/redept.org\/blogosfera\/wp-content\/plugins\/yuzo-related-post\/assets\/images\/default.png') 50% 50% no-repeat;width: 125px;height:90px;margin-bottom: 5px;background-size: cover; \"><\/div>\n\t\t\t\t\t\t\t\t\t  <\/div>\n\t\t\t\t\t\t\t\t\t  \n\t\t\t\t\t\t\t\t   <span class=\"yuzo__text--title\" style=\"font-size:13px;\">Tarc\u00edsio volta a citar IHRA na contram\u00e3o de Lula; ...<\/span>\n\t\t\t\t\t\t\t  \n\t\t\t\t\t\t\t  \n\t\t\t\t\t\t\t  <\/a>\n\n\t\t\t\t\t\t  <\/div>\n\t\t\t\t\t\t  <div class=\"relatedthumb \" style=\"width:125px;float:left;overflow:hidden;\">  \n\t\t\t\t\t\t\t  \n\t\t\t\t\t\t\t  <a  href=\"https:\/\/redept.com.br\/blogosfera\/eua-interceptam-terceiro-petroleiro-perto-da-venezuela-dizem-agencias\/\"  >\n\t\t\t\t\t\t\t\t\t  <div class=\"yuzo-img-wrap \" style=\"width: 125px;height:90px;\">\n\t\t\t\t\t\t\t\t\t\t\n\t\t\t\t\t\t\t\t\t\t<div class=\"yuzo-img\" style=\"background:url('https:\/\/redept.com.br\/blogosfera\/wp-content\/uploads\/2025\/12\/75256144_1004-150x150.webp') 50% 50% no-repeat;width: 125px;height:90px;margin-bottom: 5px;background-size: cover; \"><\/div>\n\t\t\t\t\t\t\t\t\t  <\/div>\n\t\t\t\t\t\t\t\t\t  \n\t\t\t\t\t\t\t\t   <span class=\"yuzo__text--title\" style=\"font-size:13px;\">EUA interceptam terceiro petroleiro perto da Venez...<\/span>\n\t\t\t\t\t\t\t  \n\t\t\t\t\t\t\t  \n\t\t\t\t\t\t\t  <\/a>\n\n\t\t\t\t\t\t  <\/div>\n<\/div> <script>\n\t\t\t\t\t\t  jQuery(document).ready(function( $ ){\n\t\t\t\t\t\t\t\/\/jQuery('.yuzo_related_post').equalizer({ overflow : 'relatedthumb' });\n\t\t\t\t\t\t\tjQuery('.yuzo_related_post .yuzo_wraps').equalizer({ columns : '> div' });\n\t\t\t\t\t\t   })\n\t\t\t\t\t\t  <\/script> <!-- End Yuzo :) -->","protected":false},"excerpt":{"rendered":"<p>A maior comunidade equatoriana na Am\u00e9rica Latina n\u00e3o votou neste domingo (13) pelo segundo turno das elei\u00e7\u00f5es presidenciais. Na disputa entre a candidata da Revolu\u00e7\u00e3o Cidad\u00e3, Luisa Gonzalez, e o atual presidente de direita, Daniel Noboa, quem est\u00e1 na capital venezuelana de Caracas n\u00e3o teve acesso ao consulado do Equador para escolher o seu candidato. [&hellip;]<\/p>\n","protected":false},"author":2,"featured_media":0,"comment_status":"closed","ping_status":"closed","sticky":false,"template":"","format":"standard","meta":{"fifu_image_url":"","fifu_image_alt":"","footnotes":""},"categories":[655,50,1049],"tags":[],"class_list":["post-21912","post","type-post","status-publish","format-standard","hentry","category-equador","category-internacional","category-venezuela"],"_links":{"self":[{"href":"https:\/\/redept.com.br\/blogosfera\/wp-json\/wp\/v2\/posts\/21912","targetHints":{"allow":["GET"]}}],"collection":[{"href":"https:\/\/redept.com.br\/blogosfera\/wp-json\/wp\/v2\/posts"}],"about":[{"href":"https:\/\/redept.com.br\/blogosfera\/wp-json\/wp\/v2\/types\/post"}],"author":[{"embeddable":true,"href":"https:\/\/redept.com.br\/blogosfera\/wp-json\/wp\/v2\/users\/2"}],"replies":[{"embeddable":true,"href":"https:\/\/redept.com.br\/blogosfera\/wp-json\/wp\/v2\/comments?post=21912"}],"version-history":[{"count":0,"href":"https:\/\/redept.com.br\/blogosfera\/wp-json\/wp\/v2\/posts\/21912\/revisions"}],"wp:attachment":[{"href":"https:\/\/redept.com.br\/blogosfera\/wp-json\/wp\/v2\/media?parent=21912"}],"wp:term":[{"taxonomy":"category","embeddable":true,"href":"https:\/\/redept.com.br\/blogosfera\/wp-json\/wp\/v2\/categories?post=21912"},{"taxonomy":"post_tag","embeddable":true,"href":"https:\/\/redept.com.br\/blogosfera\/wp-json\/wp\/v2\/tags?post=21912"}],"curies":[{"name":"wp","href":"https:\/\/api.w.org\/{rel}","templated":true}]}}