{"id":21913,"date":"2025-04-13T15:30:44","date_gmt":"2025-04-13T18:30:44","guid":{"rendered":"https:\/\/redept.org\/blogosfera\/senegales-morto-pela-pm-faria-neste-domingo-cha-de-bebe-diz-jornal-entidades-pedem-que-tarcisio-seja-investigado\/"},"modified":"2025-04-13T15:30:44","modified_gmt":"2025-04-13T18:30:44","slug":"senegales-morto-pela-pm-faria-neste-domingo-cha-de-bebe-diz-jornal-entidades-pedem-que-tarcisio-seja-investigado","status":"publish","type":"post","link":"https:\/\/redept.com.br\/blogosfera\/senegales-morto-pela-pm-faria-neste-domingo-cha-de-bebe-diz-jornal-entidades-pedem-que-tarcisio-seja-investigado\/","title":{"rendered":"Senegal\u00eas morto pela PM faria neste domingo ch\u00e1 de beb\u00ea, diz jornal; entidades pedem que Tarcisio seja investigado"},"content":{"rendered":"<p>O trabalhador senegal\u00eas Ngange Mbaye, morto pela pol\u00edcia militar de S\u00e3o Paulo na sexta-feira, faria, junto com sua companheira gr\u00e1vida de sete meses, um ch\u00e1 de beb\u00ea para seu filho, segundo advogado da v\u00edtima ouvido pelo portal <em>UOL<\/em>.<\/p>\n<p><strong>\u00a0<\/strong>\u201cMinha preocupa\u00e7\u00e3o agora \u00e9 com ela, ainda mais que ela est\u00e1 gr\u00e1vida. N\u00e3o \u00e9 f\u00e1cil. Vamos buscar todos os direitos que eles tiverem\u201d, disse ao UOL Adriano Santos, que tamb\u00e9m integra a Comiss\u00e3o de Seguran\u00e7a P\u00fablica da OAB (Ordem dos Advogados do Brasil), em S\u00e3o Miguel Paulista (SP).<\/p>\n<p>O trabalhador ambulante foi atingido no peito por um oficial da Pol\u00edcia Militar (PM) na tarde da sexta (11), ap\u00f3s ter sua mercadoria apreendida pelos agentes. Ele foi levado de ambul\u00e2ncia at\u00e9 o hospital Santa Casa de Miseric\u00f3rdia, mas n\u00e3o resistiu. O senegal\u00eas deixou a companheira e dois filhos.<\/p>\n<p>O assassinato levou mais de 60 entidades do movimento negro a pedir \u00e0 Comiss\u00e3o Interamericana de Direitos Humanos (CIDH), da Organiza\u00e7\u00e3o dos Estados Americanos (OEA) que investigue com celeridade tanto o governador de S\u00e3o Paulo, Tarc\u00edsio de Freitas (Republicanos), como o secret\u00e1rio de Seguran\u00e7a P\u00fablica, Guilherme Derrite (PP).<\/p>\n<p>Uneafro \u2013 uma das entidades que co-assinam o pedido \u2013 j\u00e1 havia denunciado ambos os dirigentes \u00e0 OEA em dezembro, pelo aumento da letalidade policial. <\/p>\n<p>\u201cEssa a\u00e7\u00e3o marca o in\u00edcio de uma campanha permanente em S\u00e3o Paulo contra a pol\u00edtica de Seguran\u00e7a P\u00fablica implementada pelo governador Tarc\u00edsio de Freitas e seu secret\u00e1rio, Guilherme Derrite\u201d, disse, na \u00e9poca, Douglas Belchior\u00a0, da Uneafro.\u201d<\/p>\n<p>\u201cEntendemos que o recrudescimento \u00e9 uma resposta imediata \u00e0 militariza\u00e7\u00e3o da administra\u00e7\u00e3o p\u00fablica e tem um como principal objetivo o derramamento de sangue nas periferias do estado, principalmente, como indicam todos os \u00edndices, do povo negro. Vamos trabalhar pelo impeachment do governador e exigimos uma imediata interrup\u00e7\u00e3o das mortes por policiais militares.\u201d<\/p>\n<h4>Al\u00e9m de morte, mais viol\u00eancia<\/h4>\n<p>Centenas de imigrantes senegaleses sa\u00edram \u00e0s ruas neste s\u00e1bado (12) na regi\u00e3o do Br\u00e1s, em S\u00e3o Paulo, para protestar contra<a href=\"https:\/\/www.brasildefato.com.br\/2025\/04\/11\/trabalhador-senegales-e-morto-por-pm-na-regiao-do-bras-em-sao-paulo\/\">\u00a0a morte de Mbaye<\/a>. O ato terminou com a Pol\u00edcia Militar reprimindo os manifestantes com bombas de g\u00e1s lacrimog\u00eanio. O ato pac\u00edfico da comunidade senegalesa, em grande parte ambulantes como Mbaye, se concentrou no largo da Conc\u00f3rdia e, a partir das 10h, percorreu as ruas do bairro comercial com gritos de \u201cpol\u00edcia assassina e racista\u201d.<\/p>\n<p>No decorrer de todo o ato, tamb\u00e9m convocado pelo Sindicato dos Camel\u00f4s Independentes de S\u00e3o Paulo, os senegaleses exibiam cartazes com pedidos de justi\u00e7a por Mbaye. Familiares e amigos do senegal\u00eas estavam visivelmente emocionados.<\/p>\n<p>Com grande efetivo, incluindo agentes do Batalh\u00e3o de A\u00e7\u00f5es Especiais de Pol\u00edcia (BAEP) e da Cavalaria, a pol\u00edcia acompanhou a manifesta\u00e7\u00e3o durante todo seu trajeto. No fim, com escudos, bombas e armas, os agentes dispersaram a multid\u00e3o ap\u00f3s supostamente terem sido atingidos por um objeto. <\/p>\n<figure>\n<div>\n<div><\/div>\n<\/div>\n<\/figure>\n<!-- Begin Yuzo --><div class='yuzo_related_post style-1'  data-version='5.12.89'><!-- without result --><div class='yuzo_clearfixed yuzo__title yuzo__title'><h3>Related Post<\/h3><\/div>\n\t\t\t\t\t\t  <div class=\"relatedthumb \" style=\"width:125px;float:left;overflow:hidden;\">  \n\t\t\t\t\t\t\t  \n\t\t\t\t\t\t\t  <a  href=\"https:\/\/redept.com.br\/blogosfera\/nos-primeiros-18-dias-do-ano-sorocaba-sp-ja-registrou-tres-feminicidios\/\"  >\n\t\t\t\t\t\t\t\t\t  <div class=\"yuzo-img-wrap \" style=\"width: 125px;height:90px;\">\n\t\t\t\t\t\t\t\t\t\t\n\t\t\t\t\t\t\t\t\t\t<div class=\"yuzo-img\" style=\"background:url('https:\/\/redept.com.br\/blogosfera\/wp-content\/uploads\/2026\/02\/54971664641_6dc907ce4a_c-150x150.jpg') 50% 50% no-repeat;width: 125px;height:90px;margin-bottom: 5px;background-size: cover; \"><\/div>\n\t\t\t\t\t\t\t\t\t  <\/div>\n\t\t\t\t\t\t\t\t\t  \n\t\t\t\t\t\t\t\t   <span class=\"yuzo__text--title\" style=\"font-size:13px;\">Nos primeiros 18 dias do ano, Sorocaba (SP) j\u00e1 reg...<\/span>\n\t\t\t\t\t\t\t  \n\t\t\t\t\t\t\t  \n\t\t\t\t\t\t\t  <\/a>\n\n\t\t\t\t\t\t  <\/div>\n\t\t\t\t\t\t  <div class=\"relatedthumb \" style=\"width:125px;float:left;overflow:hidden;\">  \n\t\t\t\t\t\t\t  \n\t\t\t\t\t\t\t  <a  href=\"https:\/\/redept.com.br\/blogosfera\/centrais-entregarao-a-lula-carta-defendendo-o-fim-da-escala-6x1\/\"  >\n\t\t\t\t\t\t\t\t\t  <div class=\"yuzo-img-wrap \" style=\"width: 125px;height:90px;\">\n\t\t\t\t\t\t\t\t\t\t\n\t\t\t\t\t\t\t\t\t\t<div class=\"yuzo-img\" style=\"background:url('https:\/\/redept.org\/blogosfera\/wp-content\/plugins\/yuzo-related-post\/assets\/images\/default.png') 50% 50% no-repeat;width: 125px;height:90px;margin-bottom: 5px;background-size: cover; \"><\/div>\n\t\t\t\t\t\t\t\t\t  <\/div>\n\t\t\t\t\t\t\t\t\t  \n\t\t\t\t\t\t\t\t   <span class=\"yuzo__text--title\" style=\"font-size:13px;\">Centrais entregar\u00e3o a Lula carta defendendo o fim ...<\/span>\n\t\t\t\t\t\t\t  \n\t\t\t\t\t\t\t  \n\t\t\t\t\t\t\t  <\/a>\n\n\t\t\t\t\t\t  <\/div>\n\t\t\t\t\t\t  <div class=\"relatedthumb \" style=\"width:125px;float:left;overflow:hidden;\">  \n\t\t\t\t\t\t\t  \n\t\t\t\t\t\t\t  <a  href=\"https:\/\/redept.com.br\/blogosfera\/aprovados-usp-matricula-deve-ser-feita-entre-23-e-25-de-fevereiro\/\"  >\n\t\t\t\t\t\t\t\t\t  <div class=\"yuzo-img-wrap \" style=\"width: 125px;height:90px;\">\n\t\t\t\t\t\t\t\t\t\t\n\t\t\t\t\t\t\t\t\t\t<div class=\"yuzo-img\" style=\"background:url('https:\/\/redept.org\/blogosfera\/wp-content\/plugins\/yuzo-related-post\/assets\/images\/default.png') 50% 50% no-repeat;width: 125px;height:90px;margin-bottom: 5px;background-size: cover; \"><\/div>\n\t\t\t\t\t\t\t\t\t  <\/div>\n\t\t\t\t\t\t\t\t\t  \n\t\t\t\t\t\t\t\t   <span class=\"yuzo__text--title\" style=\"font-size:13px;\">Aprovados USP: matr\u00edcula deve ser feita entre 23 e...<\/span>\n\t\t\t\t\t\t\t  \n\t\t\t\t\t\t\t  \n\t\t\t\t\t\t\t  <\/a>\n\n\t\t\t\t\t\t  <\/div>\n\t\t\t\t\t\t  <div class=\"relatedthumb \" style=\"width:125px;float:left;overflow:hidden;\">  \n\t\t\t\t\t\t\t  \n\t\t\t\t\t\t\t  <a  href=\"https:\/\/sul21.com.br\/opiniao\/2025\/11\/o-guardiao-da-infancia-a-importancia-vital-do-conselheiro-tutelar-por-rodrigo-dos-reis\/\"  >\n\t\t\t\t\t\t\t\t\t  <div class=\"yuzo-img-wrap \" style=\"width: 125px;height:90px;\">\n\t\t\t\t\t\t\t\t\t\t\n\t\t\t\t\t\t\t\t\t\t<div class=\"yuzo-img\" style=\"background:url('https:\/\/redept.org\/blogosfera\/wp-content\/plugins\/yuzo-related-post\/assets\/images\/default.png') 50% 50% no-repeat;width: 125px;height:90px;margin-bottom: 5px;background-size: cover; \"><\/div>\n\t\t\t\t\t\t\t\t\t  <\/div>\n\t\t\t\t\t\t\t\t\t  \n\t\t\t\t\t\t\t\t   <span class=\"yuzo__text--title\" style=\"font-size:13px;\">O guardi\u00e3o da inf\u00e2ncia: a import\u00e2ncia vital do Con...<\/span>\n\t\t\t\t\t\t\t  \n\t\t\t\t\t\t\t  \n\t\t\t\t\t\t\t  <\/a>\n\n\t\t\t\t\t\t  <\/div>\n<\/div> <script>\n\t\t\t\t\t\t  jQuery(document).ready(function( $ ){\n\t\t\t\t\t\t\t\/\/jQuery('.yuzo_related_post').equalizer({ overflow : 'relatedthumb' });\n\t\t\t\t\t\t\tjQuery('.yuzo_related_post .yuzo_wraps').equalizer({ columns : '> div' });\n\t\t\t\t\t\t   })\n\t\t\t\t\t\t  <\/script> <!-- End Yuzo :) -->","protected":false},"excerpt":{"rendered":"<p>O trabalhador senegal\u00eas Ngange Mbaye, morto pela pol\u00edcia militar de S\u00e3o Paulo na sexta-feira, faria, junto com sua companheira gr\u00e1vida de sete meses, um ch\u00e1 de beb\u00ea para seu filho, segundo advogado da v\u00edtima ouvido pelo portal UOL. \u00a0\u201cMinha preocupa\u00e7\u00e3o agora \u00e9 com ela, ainda mais que ela est\u00e1 gr\u00e1vida. N\u00e3o \u00e9 f\u00e1cil. Vamos buscar [&hellip;]<\/p>\n","protected":false},"author":2,"featured_media":0,"comment_status":"closed","ping_status":"closed","sticky":false,"template":"","format":"standard","meta":{"fifu_image_url":"","fifu_image_alt":"","footnotes":""},"categories":[307,50],"tags":[],"class_list":["post-21913","post","type-post","status-publish","format-standard","hentry","category-direitos-humanos","category-internacional"],"_links":{"self":[{"href":"https:\/\/redept.com.br\/blogosfera\/wp-json\/wp\/v2\/posts\/21913","targetHints":{"allow":["GET"]}}],"collection":[{"href":"https:\/\/redept.com.br\/blogosfera\/wp-json\/wp\/v2\/posts"}],"about":[{"href":"https:\/\/redept.com.br\/blogosfera\/wp-json\/wp\/v2\/types\/post"}],"author":[{"embeddable":true,"href":"https:\/\/redept.com.br\/blogosfera\/wp-json\/wp\/v2\/users\/2"}],"replies":[{"embeddable":true,"href":"https:\/\/redept.com.br\/blogosfera\/wp-json\/wp\/v2\/comments?post=21913"}],"version-history":[{"count":0,"href":"https:\/\/redept.com.br\/blogosfera\/wp-json\/wp\/v2\/posts\/21913\/revisions"}],"wp:attachment":[{"href":"https:\/\/redept.com.br\/blogosfera\/wp-json\/wp\/v2\/media?parent=21913"}],"wp:term":[{"taxonomy":"category","embeddable":true,"href":"https:\/\/redept.com.br\/blogosfera\/wp-json\/wp\/v2\/categories?post=21913"},{"taxonomy":"post_tag","embeddable":true,"href":"https:\/\/redept.com.br\/blogosfera\/wp-json\/wp\/v2\/tags?post=21913"}],"curies":[{"name":"wp","href":"https:\/\/api.w.org\/{rel}","templated":true}]}}