{"id":21914,"date":"2025-04-13T15:32:56","date_gmt":"2025-04-13T18:32:56","guid":{"rendered":"https:\/\/redept.org\/blogosfera\/brasil-e-china-inauguram-nova-rota-maritima-direta-entre-os-dois-paises\/"},"modified":"2025-04-13T15:32:56","modified_gmt":"2025-04-13T18:32:56","slug":"brasil-e-china-inauguram-nova-rota-maritima-direta-entre-os-dois-paises","status":"publish","type":"post","link":"https:\/\/redept.com.br\/blogosfera\/brasil-e-china-inauguram-nova-rota-maritima-direta-entre-os-dois-paises\/","title":{"rendered":"Brasil e China inauguram nova rota mar\u00edtima direta entre os dois pa\u00edses"},"content":{"rendered":"<p><img fetchpriority=\"high\" width=\"905\" height=\"528\"src=\"https:\/\/redept.org\/blogosfera\/wp-content\/uploads\/2025\/04\/Brasil-China.jpg\" alt=\"\" decoding=\"async\" srcset=\"https:\/\/redept.org\/blogosfera\/wp-content\/uploads\/2025\/04\/Brasil-China.jpg 905w, https:\/\/vermelho.org.br\/wp-content\/uploads\/2025\/04\/Brasil-China-300x175.jpg 300w, https:\/\/vermelho.org.br\/wp-content\/uploads\/2025\/04\/Brasil-China-768x448.jpg 768w\" sizes=\"(max-width: 905px) 100vw, 905px\"><\/p>\n<p>O governo popular municipal de Zhuhai, China, e o Grupo Parlamentar Brasil-China da C\u00e2mara dos Deputados promovem, nesta segunda-feira (14), em Bras\u00edlia, a cerim\u00f4nia de inaugura\u00e7\u00e3o da nova rota mar\u00edtima direta entre os dois pa\u00edses.<\/p>\n<p>De acordo com a Embaixada da China, a rota mar\u00edtima internacional Porto Gaolan (Zhuhai)-Brasil entra opera\u00e7\u00e3o reduzindo o tempo de transporte em at\u00e9 30 dias e os custos log\u00edsticos em mais de 30%.<\/p>\n<p>Partindo do Porto Gaolan em Zhuhai, no sul da China, a rota conectar\u00e1 diretamente ao Porto de Santana (AP) e ao Porto de Salvador (BA).<\/p>\n<p>Leia mais: <a href=\"https:\/\/vermelho.org.br\/2025\/02\/14\/presidente-do-grupo-parlamentar-brasil-china-preve-fracasso-dos-eua-e-freios-em-trump\/\">Presidente do Grupo Parlamentar Brasil-China prev\u00ea fracasso dos EUA e freios em Trump<\/a><\/p>\n<p>A Xinhua, ag\u00eancia estatal de not\u00edcias chinesa, diz que a linha vai cobrir as principais zonas de produ\u00e7\u00e3o mineral e agr\u00edcola brasileira, bem como seu cintur\u00e3o industrial do Nordeste.<\/p>\n<p>\u201cTamb\u00e9m ampliar\u00e1 o acesso a mercados emergentes na Am\u00e9rica do Sul, fornecendo solu\u00e7\u00f5es log\u00edsticas econ\u00f4micas e eficientes para empresas do interior, estreitando a coopera\u00e7\u00e3o econ\u00f4mica e comercial China-Brasil\u201d, diz a Xinhua.<\/p>\n<p>Os navios partir\u00e3o do sul da China, e atravessar\u00e3o diretamente o Estreito de Malaca e o Cabo da Boa Esperan\u00e7a para o Porto de Santana (primeira parada) e para o Porto de Salvador (destino final), chegando diretamente a zona econ\u00f4mica do Brasil.<\/p>\n<p>O Grupo Parlamentar Brasil-China destaca que, assim como os oceanos conectam terras distantes, esta nova rota fortalece os la\u00e7os entre Zhuhai e o Brasil, abrindo caminhos para prosperidade m\u00fatua.<\/p>\n<p>\u201cInspirados pela vis\u00e3o de um futuro compartilhado, damos este passo hist\u00f3rico para ampliar o interc\u00e2mbio comercial e promover novas oportunidades entre nossas na\u00e7\u00f5es\u201d, diz o grupo parlamentar.<\/p>\n<p>O post <a href=\"https:\/\/vermelho.org.br\/2025\/04\/13\/brasil-e-china-inauguram-nova-rota-maritima-direta-entre-os-dois-paises\/\">Brasil e China inauguram nova rota mar\u00edtima direta entre os dois pa\u00edses<\/a> apareceu primeiro em <a href=\"https:\/\/vermelho.org.br\/\">Vermelho<\/a>.<\/p>\n<!-- Begin Yuzo --><div class='yuzo_related_post style-1'  data-version='5.12.89'><!-- without result --><div class='yuzo_clearfixed yuzo__title yuzo__title'><h3>Related Post<\/h3><\/div>\n\t\t\t\t\t\t  <div class=\"relatedthumb \" style=\"width:125px;float:left;overflow:hidden;\">  \n\t\t\t\t\t\t\t  \n\t\t\t\t\t\t\t  <a  href=\"https:\/\/redept.com.br\/blogosfera\/reporter-e-escritor-carlos-wagner-reune-memorias-de-benzedeiras-gauchas-em-livro\/\"  >\n\t\t\t\t\t\t\t\t\t  <div class=\"yuzo-img-wrap \" style=\"width: 125px;height:90px;\">\n\t\t\t\t\t\t\t\t\t\t\n\t\t\t\t\t\t\t\t\t\t<div class=\"yuzo-img\" style=\"background:url('https:\/\/redept.org\/blogosfera\/wp-content\/plugins\/yuzo-related-post\/assets\/images\/default.png') 50% 50% no-repeat;width: 125px;height:90px;margin-bottom: 5px;background-size: cover; \"><\/div>\n\t\t\t\t\t\t\t\t\t  <\/div>\n\t\t\t\t\t\t\t\t\t  \n\t\t\t\t\t\t\t\t   <span class=\"yuzo__text--title\" style=\"font-size:13px;\">Rep\u00f3rter e escritor, Carlos Wagner re\u00fane mem\u00f3rias ...<\/span>\n\t\t\t\t\t\t\t  \n\t\t\t\t\t\t\t  \n\t\t\t\t\t\t\t  <\/a>\n\n\t\t\t\t\t\t  <\/div>\n\t\t\t\t\t\t  <div class=\"relatedthumb \" style=\"width:125px;float:left;overflow:hidden;\">  \n\t\t\t\t\t\t\t  \n\t\t\t\t\t\t\t  <a  href=\"https:\/\/redept.com.br\/blogosfera\/parlamentar-cobra-acoes-do-mp-contra-apologia-ao-estupro-por-alunos-de-medicina\/\"  >\n\t\t\t\t\t\t\t\t\t  <div class=\"yuzo-img-wrap \" style=\"width: 125px;height:90px;\">\n\t\t\t\t\t\t\t\t\t\t\n\t\t\t\t\t\t\t\t\t\t<div class=\"yuzo-img\" style=\"background:url('https:\/\/redept.org\/blogosfera\/wp-content\/plugins\/yuzo-related-post\/assets\/images\/default.png') 50% 50% no-repeat;width: 125px;height:90px;margin-bottom: 5px;background-size: cover; \"><\/div>\n\t\t\t\t\t\t\t\t\t  <\/div>\n\t\t\t\t\t\t\t\t\t  \n\t\t\t\t\t\t\t\t   <span class=\"yuzo__text--title\" style=\"font-size:13px;\">Parlamentar cobra a\u00e7\u00f5es do MP contra apologia ao e...<\/span>\n\t\t\t\t\t\t\t  \n\t\t\t\t\t\t\t  \n\t\t\t\t\t\t\t  <\/a>\n\n\t\t\t\t\t\t  <\/div>\n\t\t\t\t\t\t  <div class=\"relatedthumb \" style=\"width:125px;float:left;overflow:hidden;\">  \n\t\t\t\t\t\t\t  \n\t\t\t\t\t\t\t  <a  href=\"https:\/\/redept.com.br\/blogosfera\/pesquisa-atlasintel-mostra-lula-a-frente-e-disputa-acirrada-no-2o-turno\/\"  >\n\t\t\t\t\t\t\t\t\t  <div class=\"yuzo-img-wrap \" style=\"width: 125px;height:90px;\">\n\t\t\t\t\t\t\t\t\t\t\n\t\t\t\t\t\t\t\t\t\t<div class=\"yuzo-img\" style=\"background:url('https:\/\/redept.com.br\/blogosfera\/wp-content\/uploads\/2026\/03\/primeiro-turno-150x150.png') 50% 50% no-repeat;width: 125px;height:90px;margin-bottom: 5px;background-size: cover; \"><\/div>\n\t\t\t\t\t\t\t\t\t  <\/div>\n\t\t\t\t\t\t\t\t\t  \n\t\t\t\t\t\t\t\t   <span class=\"yuzo__text--title\" style=\"font-size:13px;\">Pesquisa AtlasIntel mostra Lula \u00e0 frente e disputa...<\/span>\n\t\t\t\t\t\t\t  \n\t\t\t\t\t\t\t  \n\t\t\t\t\t\t\t  <\/a>\n\n\t\t\t\t\t\t  <\/div>\n\t\t\t\t\t\t  <div class=\"relatedthumb \" style=\"width:125px;float:left;overflow:hidden;\">  \n\t\t\t\t\t\t\t  \n\t\t\t\t\t\t\t  <a  href=\"https:\/\/redept.com.br\/blogosfera\/jose-guimaraes-assume-ministerio-e-fala-em-derrotar-o-fascismo\/\"  >\n\t\t\t\t\t\t\t\t\t  <div class=\"yuzo-img-wrap \" style=\"width: 125px;height:90px;\">\n\t\t\t\t\t\t\t\t\t\t\n\t\t\t\t\t\t\t\t\t\t<div class=\"yuzo-img\" style=\"background:url('https:\/\/redept.org\/blogosfera\/wp-content\/plugins\/yuzo-related-post\/assets\/images\/default.png') 50% 50% no-repeat;width: 125px;height:90px;margin-bottom: 5px;background-size: cover; \"><\/div>\n\t\t\t\t\t\t\t\t\t  <\/div>\n\t\t\t\t\t\t\t\t\t  \n\t\t\t\t\t\t\t\t   <span class=\"yuzo__text--title\" style=\"font-size:13px;\">Jos\u00e9 Guimar\u00e3es assume minist\u00e9rio e fala em \u201cderrot...<\/span>\n\t\t\t\t\t\t\t  \n\t\t\t\t\t\t\t  \n\t\t\t\t\t\t\t  <\/a>\n\n\t\t\t\t\t\t  <\/div>\n<\/div> <script>\n\t\t\t\t\t\t  jQuery(document).ready(function( $ ){\n\t\t\t\t\t\t\t\/\/jQuery('.yuzo_related_post').equalizer({ overflow : 'relatedthumb' });\n\t\t\t\t\t\t\tjQuery('.yuzo_related_post .yuzo_wraps').equalizer({ columns : '> div' });\n\t\t\t\t\t\t   })\n\t\t\t\t\t\t  <\/script> <!-- End Yuzo :) -->","protected":false},"excerpt":{"rendered":"<p>O governo popular municipal de Zhuhai, China, e o Grupo Parlamentar Brasil-China da C\u00e2mara dos Deputados promovem, nesta segunda-feira (14), em Bras\u00edlia, a cerim\u00f4nia de inaugura\u00e7\u00e3o da nova rota mar\u00edtima direta entre os dois pa\u00edses. De acordo com a Embaixada da China, a rota mar\u00edtima internacional Porto Gaolan (Zhuhai)-Brasil entra opera\u00e7\u00e3o reduzindo o tempo de [&hellip;]<\/p>\n","protected":false},"author":2,"featured_media":21915,"comment_status":"closed","ping_status":"closed","sticky":false,"template":"","format":"standard","meta":{"fifu_image_url":"","fifu_image_alt":"","footnotes":""},"categories":[45,292,3764,50,5054,670,5055,5056],"tags":[],"class_list":["post-21914","post","type-post","status-publish","format-standard","has-post-thumbnail","hentry","category-brasil","category-china","category-grupo-parlamentar-brasil-china","category-internacional","category-rota-maritima","category-salvador","category-santana","category-zhuhai"],"_links":{"self":[{"href":"https:\/\/redept.com.br\/blogosfera\/wp-json\/wp\/v2\/posts\/21914","targetHints":{"allow":["GET"]}}],"collection":[{"href":"https:\/\/redept.com.br\/blogosfera\/wp-json\/wp\/v2\/posts"}],"about":[{"href":"https:\/\/redept.com.br\/blogosfera\/wp-json\/wp\/v2\/types\/post"}],"author":[{"embeddable":true,"href":"https:\/\/redept.com.br\/blogosfera\/wp-json\/wp\/v2\/users\/2"}],"replies":[{"embeddable":true,"href":"https:\/\/redept.com.br\/blogosfera\/wp-json\/wp\/v2\/comments?post=21914"}],"version-history":[{"count":0,"href":"https:\/\/redept.com.br\/blogosfera\/wp-json\/wp\/v2\/posts\/21914\/revisions"}],"wp:featuredmedia":[{"embeddable":true,"href":"https:\/\/redept.com.br\/blogosfera\/wp-json\/wp\/v2\/media\/21915"}],"wp:attachment":[{"href":"https:\/\/redept.com.br\/blogosfera\/wp-json\/wp\/v2\/media?parent=21914"}],"wp:term":[{"taxonomy":"category","embeddable":true,"href":"https:\/\/redept.com.br\/blogosfera\/wp-json\/wp\/v2\/categories?post=21914"},{"taxonomy":"post_tag","embeddable":true,"href":"https:\/\/redept.com.br\/blogosfera\/wp-json\/wp\/v2\/tags?post=21914"}],"curies":[{"name":"wp","href":"https:\/\/api.w.org\/{rel}","templated":true}]}}