{"id":21916,"date":"2025-04-13T16:09:29","date_gmt":"2025-04-13T19:09:29","guid":{"rendered":"https:\/\/redept.org\/blogosfera\/chapa-de-oposicao-vence-eleicoes-para-o-dce-da-ufmt\/"},"modified":"2025-04-13T16:09:29","modified_gmt":"2025-04-13T19:09:29","slug":"chapa-de-oposicao-vence-eleicoes-para-o-dce-da-ufmt","status":"publish","type":"post","link":"https:\/\/redept.com.br\/blogosfera\/chapa-de-oposicao-vence-eleicoes-para-o-dce-da-ufmt\/","title":{"rendered":"Chapa de oposi\u00e7\u00e3o vence elei\u00e7\u00f5es para o DCE da UFMT"},"content":{"rendered":"<p><img fetchpriority=\"high\" width=\"1280\" height=\"960\"src=\"https:\/\/redept.org\/blogosfera\/wp-content\/uploads\/2025\/04\/IMG_5804.jpg\" alt=\"\" link_thumbnail=\"\" decoding=\"async\" srcset=\"https:\/\/redept.org\/blogosfera\/wp-content\/uploads\/2025\/04\/IMG_5804.jpg 1280w, https:\/\/averdade.org.br\/wp-content\/uploads\/2025\/04\/IMG_5804-350x263.jpg 350w, https:\/\/averdade.org.br\/wp-content\/uploads\/2025\/04\/IMG_5804-1024x768.jpg 1024w, https:\/\/averdade.org.br\/wp-content\/uploads\/2025\/04\/IMG_5804-250x188.jpg 250w, https:\/\/averdade.org.br\/wp-content\/uploads\/2025\/04\/IMG_5804-768x576.jpg 768w, https:\/\/averdade.org.br\/wp-content\/uploads\/2025\/04\/IMG_5804-150x113.jpg 150w, https:\/\/averdade.org.br\/wp-content\/uploads\/2025\/04\/IMG_5804-300x225.jpg 300w, https:\/\/averdade.org.br\/wp-content\/uploads\/2025\/04\/IMG_5804-696x522.jpg 696w, https:\/\/averdade.org.br\/wp-content\/uploads\/2025\/04\/IMG_5804-1068x801.jpg 1068w\" sizes=\"(max-width: 1280px) 100vw, 1280px\"><\/p>\n<p><strong>Ap\u00f3s uma s\u00e9rie de lutas e a organiza\u00e7\u00e3o de dezenas de estudantes, Movimento Correnteza vence elei\u00e7\u00f5es para o Diret\u00f3rio Central dos Estudantes da UFMT.<\/strong><\/p>\n<p><strong>Ana Pistori | Cuiab\u00e1<\/strong><\/p>\n<hr>\n<p>JUVENTUDE \u2013 No \u00faltimo dia 2 de abril, aconteceram as elei\u00e7\u00f5es para uma das entidades estudantis mais importantes do Mato Grosso: o Diret\u00f3rio Central dos Estudantes da Universidade Federal de Mato Grosso <em>Campus <\/em>Cuiab\u00e1. O Movimento Correnteza, o Movimento de Mulheres Olga Benario e a Uni\u00e3o da Juventude Rebeli\u00e3o sa\u00edram vitoriosos da disputa, com 62% da vota\u00e7\u00e3o.<\/p>\n<p>Defendendo principalmente as pautas do RU gratuito e da constru\u00e7\u00e3o da creche universit\u00e1ria, a chapa do Movimento Correnteza, do Movimento de Mulheres Olga Benario e de diversos estudantes independentes, vanguardeados pela Uni\u00e3o da Juventude Rebeli\u00e3o, disputaram o processo que elegeu democraticamente a nova gest\u00e3o do DCE da UFMT.<\/p>\n<p>Da inscri\u00e7\u00e3o at\u00e9 o dia de pedir votos, a chapa eleita demonstrou ousadia ao propor a constru\u00e7\u00e3o de um DCE combativo, que organiza os estudantes na luta por uma universidade gratuita, de qualidade e socialmente referenciada.<\/p>\n<h4><strong>O contato cotidiano e cont\u00ednuo na UFMT<\/strong><\/h4>\n<p>Ao longo dos \u00faltimos anos, o Movimento Correnteza tem lutado pelas condi\u00e7\u00f5es de permanecer na UFMT. Em 2023, <a href=\"https:\/\/averdade.org.br\/2023\/03\/estudantes-ocupam-guarita-na-ufmt-exigindo-recomposicao-orcamentaria\/\">organizou os estudantes na ocupa\u00e7\u00e3o de guarita<\/a>, barrando a retirada de mais de 400 bolsas de perman\u00eancia e a amea\u00e7a de aumento no pre\u00e7o do RU.<\/p>\n<p>Al\u00e9m disso, no mesmo ano, organiza um abaixo-assinado pela volta do transporte interno da universidade \u2013 carinhosamente apelidado de <em>Ligeir\u00e3o<\/em>. E como quem luta conquista, o <em>Ligeir\u00e3o <\/em>tem circulado na UFMT h\u00e1 dois anos.<\/p>\n<p>Em 2024, na dire\u00e7\u00e3o do CALET conquistou a contrata\u00e7\u00e3o de int\u00e9rpretes de LIBRAS para o curso de Letras \u2013 LIBRAS, que estava h\u00e1 meses sofrendo com a falta de acessibilidade no principal curso para formar pessoas que trabalham na inclus\u00e3o lingu\u00edstica de pessoas surdas.<\/p>\n<p>Da mesma forma, ao longo de 3 anos, o Movimento de Mulheres Olga Benario tem se colocado \u00e0 frente das lutas contra a evas\u00e3o de mulheres na UFMT. Por meio de campanhas de den\u00fancia ao ass\u00e9dio, de pesquisas de opini\u00e3o e de abaixo-assinado a respeito da creche universit\u00e1ria, as estudantes do Olga t\u00eam procurado se organizar na luta!<\/p>\n<p>A vit\u00f3ria das elei\u00e7\u00f5es \u00e9 fruto desse trabalho cotidiano, junto aos estudantes da UFMT.<\/p>\n<h4><strong>Atividades de lazer, esporte e cultura para os estudantes<\/strong><\/h4>\n<p>Com menos de tr\u00eas semanas de campanha eleitoral, a chapa de oposi\u00e7\u00e3o esteve presente no <em>I F\u00f3rum de Viol\u00eancia Contra a Mulher em Mato Grosso<\/em>, organizado pelo curso de Psicologia, e no <em>Caf\u00e9 com A Verdade<\/em>, em frente ao Restaurante Universit\u00e1rio. Nesses espa\u00e7os, foram feitas as defesas do programa da chapa para a UFMT e para a comunidade externa.<\/p>\n<p>Durante a campanha a chapa tamb\u00e9m organizou um cinedebate sobre a import\u00e2ncia da luta pela legaliza\u00e7\u00e3o do aborto a partir do filme <em>Verde-Esperanza <\/em>(2022); uma pr\u00e1tica de exerc\u00edcio f\u00edsico coletiva (a Queimada da Chapa 2) e o Sarau da Chapa 2, que reuniu estudantes artistas de todos os cantos da UFMT em um momento de aprecia\u00e7\u00e3o da cultura mato-grossense.<\/p>\n<h4><strong>O trabalho com o Jornal durante as elei\u00e7\u00f5es<\/strong><\/h4>\n<p>Durante toda a campanha, o trabalho com o jornal foi colocado no centro pelos militantes. Fruto dessa luta pol\u00edtica, foram vendidos<strong> 218 jornais<\/strong> em apenas duas semanas e meia.<\/p>\n<p>Isso significa que os membros da chapa foram ganhando a consci\u00eancia das pessoas a cada dia, a partir da evid\u00eancia das contradi\u00e7\u00f5es existentes no nosso pa\u00eds, que se baseia suas rela\u00e7\u00f5es na l\u00f3gica do lucro, e da associa\u00e7\u00e3o direta do <a href=\"https:\/\/drive.google.com\/file\/d\/1enWtF4TarJXJ7MYHoodWW4fJe8pZwR3L\/view?fbclid=PAZXh0bgNhZW0CMTEAAaer1qTT26QQ-QhiH3kHypm51wLV2QcngRhD_iAAWHPgFWYx6h4FSS1JktzzLA_aem_FVTDHNe12gxnuGdvk8ArIw\">programa pol\u00edtico para um DCE combativo<\/a> ao Jornal A Verdade.<\/p>\n<p>A imprensa popular cumpriu seu papel de disputa pol\u00edtica com os estudantes e evidenciou a necessidade de se dar mais aten\u00e7\u00e3o ao trabalho com o Jornal A Verdade nas universidades.<\/p>\n<p>Os estudantes das universidades federais, como um todo, t\u00eam sofrido com a falta de investimentos na educa\u00e7\u00e3o. O novo teto de gastos estrangula o or\u00e7amento necess\u00e1rio para manter as pol\u00edticas de perman\u00eancia estudantil, mas n\u00e3o s\u00f3 isso.<\/p>\n<p>Atualmente, as bolsas de inicia\u00e7\u00e3o cient\u00edfica, extens\u00e3o e inicia\u00e7\u00e3o \u00e0 doc\u00eancia, assim como as de perman\u00eancia, est\u00e3o sendo pagas no valor de R$ 700,00. Valor este que n\u00e3o chega nem aos p\u00e9s de 1 sal\u00e1rio m\u00ednimo e que \u00e9 absurdamente insuficiente se considerarmos a pesquisa do DIEESE, que aponta que o sal\u00e1rio m\u00ednimo deveria ser de R$ 7,1 mil para se viver dignamente.<\/p>\n<p>Portanto, vencer a elei\u00e7\u00e3o foi s\u00f3 o come\u00e7o. Como disse a nova coordenadora geral do DCE da UFMT, Rayssa Piovani: \u201ca gente precisa ter a firmeza e a esperan\u00e7a de que o movimento estudantil pode fazer coisas muito grandes, ent\u00e3o, o que a gente t\u00e1 fazendo aqui \u00e9 um ponta-p\u00e9 inicial!\u201d.<\/p>\n<!-- Begin Yuzo --><div class='yuzo_related_post style-1'  data-version='5.12.89'><!-- without result --><div class='yuzo_clearfixed yuzo__title yuzo__title'><h3>Related Post<\/h3><\/div>\n\t\t\t\t\t\t  <div class=\"relatedthumb \" style=\"width:125px;float:left;overflow:hidden;\">  \n\t\t\t\t\t\t\t  \n\t\t\t\t\t\t\t  <a  href=\"https:\/\/redept.com.br\/blogosfera\/stf-pode-investigar-ligacao-de-ibaneis-e-grupos-envolvidos-com-o-brb\/\"  >\n\t\t\t\t\t\t\t\t\t  <div class=\"yuzo-img-wrap \" style=\"width: 125px;height:90px;\">\n\t\t\t\t\t\t\t\t\t\t\n\t\t\t\t\t\t\t\t\t\t<div class=\"yuzo-img\" style=\"background:url('https:\/\/redept.org\/blogosfera\/wp-content\/plugins\/yuzo-related-post\/assets\/images\/default.png') 50% 50% no-repeat;width: 125px;height:90px;margin-bottom: 5px;background-size: cover; \"><\/div>\n\t\t\t\t\t\t\t\t\t  <\/div>\n\t\t\t\t\t\t\t\t\t  \n\t\t\t\t\t\t\t\t   <span class=\"yuzo__text--title\" style=\"font-size:13px;\">STF pode investigar liga\u00e7\u00e3o de Ibaneis e grupos en...<\/span>\n\t\t\t\t\t\t\t  \n\t\t\t\t\t\t\t  \n\t\t\t\t\t\t\t  <\/a>\n\n\t\t\t\t\t\t  <\/div>\n\t\t\t\t\t\t  <div class=\"relatedthumb \" style=\"width:125px;float:left;overflow:hidden;\">  \n\t\t\t\t\t\t\t  \n\t\t\t\t\t\t\t  <a  href=\"https:\/\/redept.com.br\/blogosfera\/caminhao-tombado-e-trens-parados-com-temporal-porto-alegre-tem-fim-de-tarde-caotico\/\"  >\n\t\t\t\t\t\t\t\t\t  <div class=\"yuzo-img-wrap \" style=\"width: 125px;height:90px;\">\n\t\t\t\t\t\t\t\t\t\t\n\t\t\t\t\t\t\t\t\t\t<div class=\"yuzo-img\" style=\"background:url('https:\/\/redept.com.br\/blogosfera\/wp-content\/uploads\/2025\/04\/WhatsApp-Image-2025-03-31-at-19.32.53-150x150.jpeg') 50% 50% no-repeat;width: 125px;height:90px;margin-bottom: 5px;background-size: cover; \"><\/div>\n\t\t\t\t\t\t\t\t\t  <\/div>\n\t\t\t\t\t\t\t\t\t  \n\t\t\t\t\t\t\t\t   <span class=\"yuzo__text--title\" style=\"font-size:13px;\">Caminh\u00e3o tombado e trens parados: Com temporal, Po...<\/span>\n\t\t\t\t\t\t\t  \n\t\t\t\t\t\t\t  \n\t\t\t\t\t\t\t  <\/a>\n\n\t\t\t\t\t\t  <\/div>\n\t\t\t\t\t\t  <div class=\"relatedthumb \" style=\"width:125px;float:left;overflow:hidden;\">  \n\t\t\t\t\t\t\t  \n\t\t\t\t\t\t\t  <a  href=\"https:\/\/redept.com.br\/blogosfera\/com-73-claudia-sheinbaum-tem-aprovacao-historica-no-mexico-aponta-pesquisa\/\"  >\n\t\t\t\t\t\t\t\t\t  <div class=\"yuzo-img-wrap \" style=\"width: 125px;height:90px;\">\n\t\t\t\t\t\t\t\t\t\t\n\t\t\t\t\t\t\t\t\t\t<div class=\"yuzo-img\" style=\"background:url('https:\/\/redept.com.br\/blogosfera\/wp-content\/uploads\/2025\/09\/sheinbaum-150x150.jpg') 50% 50% no-repeat;width: 125px;height:90px;margin-bottom: 5px;background-size: cover; \"><\/div>\n\t\t\t\t\t\t\t\t\t  <\/div>\n\t\t\t\t\t\t\t\t\t  \n\t\t\t\t\t\t\t\t   <span class=\"yuzo__text--title\" style=\"font-size:13px;\">Com 73%, Claudia Sheinbaum tem aprova\u00e7\u00e3o hist\u00f3rica...<\/span>\n\t\t\t\t\t\t\t  \n\t\t\t\t\t\t\t  \n\t\t\t\t\t\t\t  <\/a>\n\n\t\t\t\t\t\t  <\/div>\n\t\t\t\t\t\t  <div class=\"relatedthumb \" style=\"width:125px;float:left;overflow:hidden;\">  \n\t\t\t\t\t\t\t  \n\t\t\t\t\t\t\t  <a  href=\"https:\/\/redept.com.br\/blogosfera\/chanceler-russo-acusa-lideres-europeus-nao-querem-paz\/\"  >\n\t\t\t\t\t\t\t\t\t  <div class=\"yuzo-img-wrap \" style=\"width: 125px;height:90px;\">\n\t\t\t\t\t\t\t\t\t\t\n\t\t\t\t\t\t\t\t\t\t<div class=\"yuzo-img\" style=\"background:url('https:\/\/redept.com.br\/blogosfera\/wp-content\/uploads\/2025\/08\/ab915932-1d35-4656-945d-24246cc29d02-150x150.webp') 50% 50% no-repeat;width: 125px;height:90px;margin-bottom: 5px;background-size: cover; \"><\/div>\n\t\t\t\t\t\t\t\t\t  <\/div>\n\t\t\t\t\t\t\t\t\t  \n\t\t\t\t\t\t\t\t   <span class=\"yuzo__text--title\" style=\"font-size:13px;\">Chanceler russo acusa l\u00edderes europeus: \u2018n\u00e3o quere...<\/span>\n\t\t\t\t\t\t\t  \n\t\t\t\t\t\t\t  \n\t\t\t\t\t\t\t  <\/a>\n\n\t\t\t\t\t\t  <\/div>\n<\/div> <script>\n\t\t\t\t\t\t  jQuery(document).ready(function( $ ){\n\t\t\t\t\t\t\t\/\/jQuery('.yuzo_related_post').equalizer({ overflow : 'relatedthumb' });\n\t\t\t\t\t\t\tjQuery('.yuzo_related_post .yuzo_wraps').equalizer({ columns : '> div' });\n\t\t\t\t\t\t   })\n\t\t\t\t\t\t  <\/script> <!-- End Yuzo :) -->","protected":false},"excerpt":{"rendered":"<p>Ap\u00f3s uma s\u00e9rie de lutas e a organiza\u00e7\u00e3o de dezenas de estudantes, Movimento Correnteza vence elei\u00e7\u00f5es para o Diret\u00f3rio Central dos Estudantes da UFMT. Ana Pistori | Cuiab\u00e1 JUVENTUDE \u2013 No \u00faltimo dia 2 de abril, aconteceram as elei\u00e7\u00f5es para uma das entidades estudantis mais importantes do Mato Grosso: o Diret\u00f3rio Central dos Estudantes da [&hellip;]<\/p>\n","protected":false},"author":2,"featured_media":21917,"comment_status":"open","ping_status":"closed","sticky":false,"template":"","format":"standard","meta":{"fifu_image_url":"","fifu_image_alt":"","footnotes":""},"categories":[910,2379,67,362,5057],"tags":[],"class_list":["post-21916","post","type-post","status-publish","format-standard","has-post-thumbnail","hentry","category-cuiaba","category-dce","category-juventude","category-movimento-estudantil","category-ufmt"],"_links":{"self":[{"href":"https:\/\/redept.com.br\/blogosfera\/wp-json\/wp\/v2\/posts\/21916","targetHints":{"allow":["GET"]}}],"collection":[{"href":"https:\/\/redept.com.br\/blogosfera\/wp-json\/wp\/v2\/posts"}],"about":[{"href":"https:\/\/redept.com.br\/blogosfera\/wp-json\/wp\/v2\/types\/post"}],"author":[{"embeddable":true,"href":"https:\/\/redept.com.br\/blogosfera\/wp-json\/wp\/v2\/users\/2"}],"replies":[{"embeddable":true,"href":"https:\/\/redept.com.br\/blogosfera\/wp-json\/wp\/v2\/comments?post=21916"}],"version-history":[{"count":0,"href":"https:\/\/redept.com.br\/blogosfera\/wp-json\/wp\/v2\/posts\/21916\/revisions"}],"wp:featuredmedia":[{"embeddable":true,"href":"https:\/\/redept.com.br\/blogosfera\/wp-json\/wp\/v2\/media\/21917"}],"wp:attachment":[{"href":"https:\/\/redept.com.br\/blogosfera\/wp-json\/wp\/v2\/media?parent=21916"}],"wp:term":[{"taxonomy":"category","embeddable":true,"href":"https:\/\/redept.com.br\/blogosfera\/wp-json\/wp\/v2\/categories?post=21916"},{"taxonomy":"post_tag","embeddable":true,"href":"https:\/\/redept.com.br\/blogosfera\/wp-json\/wp\/v2\/tags?post=21916"}],"curies":[{"name":"wp","href":"https:\/\/api.w.org\/{rel}","templated":true}]}}