{"id":21932,"date":"2025-04-13T13:57:53","date_gmt":"2025-04-13T16:57:53","guid":{"rendered":"https:\/\/redept.org\/blogosfera\/papa-francisco-aparece-de-surpresa-no-domingo-de-ramos-no-vaticano\/"},"modified":"2025-04-13T13:57:53","modified_gmt":"2025-04-13T16:57:53","slug":"papa-francisco-aparece-de-surpresa-no-domingo-de-ramos-no-vaticano","status":"publish","type":"post","link":"https:\/\/redept.com.br\/blogosfera\/papa-francisco-aparece-de-surpresa-no-domingo-de-ramos-no-vaticano\/","title":{"rendered":"Papa Francisco aparece de surpresa no Domingo de Ramos no Vaticano"},"content":{"rendered":"<p>O papa Francisco surpreendeu os fi\u00e9is ao aparecer neste domingo (13\/04) na Pra\u00e7a S\u00e3o Pedro, no Vaticano, durante as celebra\u00e7\u00f5es do Domingo de Ramos. Apesar da apar\u00eancia fr\u00e1gil, o l\u00edder da Igreja Cat\u00f3lica, que deixou o hospital h\u00e1 tr\u00eas semanas, estava sem respiradores nasais e passou pelas pessoas presentes desejando uma boa Semana Santa.<\/p>\n<p>O pont\u00edfice argentino, de 88 anos, apareceu sentado em sua cadeira de rodas, com um aspecto bastante saud\u00e1vel, sem c\u00e2nulas nasais para oxig\u00eanio. Durante sua breve apari\u00e7\u00e3o, ele circulou pela pra\u00e7a e apertou a m\u00e3o dos fi\u00e9is. Ele tamb\u00e9m distribuiu doces para as crian\u00e7as antes de desejar-lhes um \u201cfeliz Domingo de Ramos e feliz Semana Santa\u201d no altar em frente \u00e0 Bas\u00edlica de S\u00e3o Pedro.<\/p>\n<p>A ora\u00e7\u00e3o do Domingo de Ramos foi liderada pelo cardeal Leonardo Sandri, mas a homilia foi escrita por Francisco. Na mensagem, que tamb\u00e9m foi divulgada pela Sala de Imprensa do Vaticano, o pont\u00edfice agradeceu as ora\u00e7\u00f5es por sua sa\u00fade e rezou pela paz.<\/p>\n<p>\u201cIrm\u00e3os e irm\u00e3s, agrade\u00e7o muito pelas ora\u00e7\u00f5es de voc\u00eas. Neste momento de fraqueza f\u00edsica, elas me ajudam a sentir ainda mais a proximidade, a compaix\u00e3o e a ternura de Deus. Eu tamb\u00e9m rezo por voc\u00eas e pe\u00e7o que confiem comigo ao Senhor todos os que sofrem, especialmente aqueles afetados pela guerra, pela pobreza ou pelos desastres naturais\u201d, afirmou o Papa.<\/p>\n<figure aria-describedby=\"caption-attachment-216305\"><img loading=\"lazy\" loading=\"lazy\" decoding=\"async\"src=\"https:\/\/redept.org\/blogosfera\/wp-content\/uploads\/2025\/04\/cq5damthumbnailcropped1500844-3.jpeg\" alt=\"papa francisco\" width=\"1024\" height=\"675\" srcset=\"https:\/\/operamundi.uol.com.br\/wp-content\/uploads\/2025\/04\/cq5dam.thumbnail.cropped.1500.844-1024x675.jpeg 1024w, https:\/\/operamundi.uol.com.br\/wp-content\/uploads\/2025\/04\/cq5dam.thumbnail.cropped.1500.844-300x198.jpeg 300w, https:\/\/operamundi.uol.com.br\/wp-content\/uploads\/2025\/04\/cq5dam.thumbnail.cropped.1500.844-768x506.jpeg 768w, https:\/\/operamundi.uol.com.br\/wp-content\/uploads\/2025\/04\/cq5dam.thumbnail.cropped.1500.844-150x99.jpeg 150w, https:\/\/operamundi.uol.com.br\/wp-content\/uploads\/2025\/04\/cq5dam.thumbnail.cropped.1500.844-750x495.jpeg 750w, https:\/\/operamundi.uol.com.br\/wp-content\/uploads\/2025\/04\/cq5dam.thumbnail.cropped.1500.844-1140x752.jpeg 1140w, https:\/\/redept.org\/blogosfera\/wp-content\/uploads\/2025\/04\/cq5damthumbnailcropped1500844-3.jpeg 1280w\" sizes=\"auto, (max-width: 1024px) 100vw, 1024px\"><figcaption>Papa surpreendeu os fi\u00e9is ao aparecer de surpresa neste domingo &lt;br\/ &gt; VATICAN MEDIA Divisione Foto<\/figcaption><\/figure>\n<p>Francisco fez uma s\u00e9rie de apari\u00e7\u00f5es surpresa nos \u00faltimos dias, sem que esses eventos constassem em sua agenda oficial. A primeira foi no domingo passado (06\/04), em frente \u00e0 Bas\u00edlica de S\u00e3o Pedro. Na quarta-feira (09\/04), ele recebeu o rei Charles III da Inglaterra e a rainha Camilla em uma audi\u00eancia privada, apesar do encontro ter sido inicialmente cancelado.<\/p>\n<p>Na quinta-feira (10\/04), ele visitou a Bas\u00edlica de S\u00e3o Pedro para ver as obras da reforma e prestar suas homenagens no t\u00famulo de Pio X, cumprimentando fi\u00e9is e restauradores ao longo do caminho. E no s\u00e1bado, ele rezou na Bas\u00edlica de Santa Maria Maior, sua bas\u00edlica favorita.<\/p>\n<p>Convalescendo desde seu retorno ao Vaticano, em 23 de mar\u00e7o, ele continua debilitado pela doen\u00e7a, que deixou sua vida em risco e reduziu drasticamente suas atividades. Os m\u00e9dicos recomendaram dois meses de repouso e, apesar da melhora na sa\u00fade, nada foi decidido ainda sobre sua participa\u00e7\u00e3o nas cerim\u00f4nias religiosas da Semana Santa.<\/p>\n<p>(*) Com Ansa e Brasil de Fato.<\/p>\n<p>O post <a href=\"https:\/\/operamundi.uol.com.br\/sociedade\/papa-francisco-aparece-de-surpresa-do-domingo-de-ramos-no-vaticano\/\">Papa Francisco aparece de surpresa no Domingo de Ramos no Vaticano<\/a> apareceu primeiro em <a href=\"https:\/\/operamundi.uol.com.br\/\">Opera Mundi<\/a>.<\/p>\n<!-- Begin Yuzo --><div class='yuzo_related_post style-1'  data-version='5.12.89'><!-- without result --><div class='yuzo_clearfixed yuzo__title yuzo__title'><h3>Related Post<\/h3><\/div>\n\t\t\t\t\t\t  <div class=\"relatedthumb \" style=\"width:125px;float:left;overflow:hidden;\">  \n\t\t\t\t\t\t\t  \n\t\t\t\t\t\t\t  <a  href=\"https:\/\/redept.com.br\/blogosfera\/amigos-e-familiares-de-vitima-de-feminicidio-em-guarulhos-sp-organizam-ato-por-justica-e-por-todas-nos\/\"  >\n\t\t\t\t\t\t\t\t\t  <div class=\"yuzo-img-wrap \" style=\"width: 125px;height:90px;\">\n\t\t\t\t\t\t\t\t\t\t\n\t\t\t\t\t\t\t\t\t\t<div class=\"yuzo-img\" style=\"background:url('https:\/\/redept.org\/blogosfera\/wp-content\/plugins\/yuzo-related-post\/assets\/images\/default.png') 50% 50% no-repeat;width: 125px;height:90px;margin-bottom: 5px;background-size: cover; \"><\/div>\n\t\t\t\t\t\t\t\t\t  <\/div>\n\t\t\t\t\t\t\t\t\t  \n\t\t\t\t\t\t\t\t   <span class=\"yuzo__text--title\" style=\"font-size:13px;\">Amigos e familiares de v\u00edtima de feminic\u00eddio em Gu...<\/span>\n\t\t\t\t\t\t\t  \n\t\t\t\t\t\t\t  \n\t\t\t\t\t\t\t  <\/a>\n\n\t\t\t\t\t\t  <\/div>\n\t\t\t\t\t\t  <div class=\"relatedthumb \" style=\"width:125px;float:left;overflow:hidden;\">  \n\t\t\t\t\t\t\t  \n\t\t\t\t\t\t\t  <a  href=\"https:\/\/redept.com.br\/blogosfera\/russia-acusa-ucrania-de-ataque-com-drones-que-matou-ao-menos-24-civis-na-regiao-de-kherson\/\"  >\n\t\t\t\t\t\t\t\t\t  <div class=\"yuzo-img-wrap \" style=\"width: 125px;height:90px;\">\n\t\t\t\t\t\t\t\t\t\t\n\t\t\t\t\t\t\t\t\t\t<div class=\"yuzo-img\" style=\"background:url('https:\/\/redept.org\/blogosfera\/wp-content\/plugins\/yuzo-related-post\/assets\/images\/default.png') 50% 50% no-repeat;width: 125px;height:90px;margin-bottom: 5px;background-size: cover; \"><\/div>\n\t\t\t\t\t\t\t\t\t  <\/div>\n\t\t\t\t\t\t\t\t\t  \n\t\t\t\t\t\t\t\t   <span class=\"yuzo__text--title\" style=\"font-size:13px;\">R\u00fassia acusa Ucr\u00e2nia de ataque com drones que mato...<\/span>\n\t\t\t\t\t\t\t  \n\t\t\t\t\t\t\t  \n\t\t\t\t\t\t\t  <\/a>\n\n\t\t\t\t\t\t  <\/div>\n\t\t\t\t\t\t  <div class=\"relatedthumb \" style=\"width:125px;float:left;overflow:hidden;\">  \n\t\t\t\t\t\t\t  \n\t\t\t\t\t\t\t  <a  href=\"https:\/\/redept.com.br\/blogosfera\/confira-confrontos-das-quartas-de-final-da-copinha-gremio-e-cruzeiro-fazem-a-semifinal\/\"  >\n\t\t\t\t\t\t\t\t\t  <div class=\"yuzo-img-wrap \" style=\"width: 125px;height:90px;\">\n\t\t\t\t\t\t\t\t\t\t\n\t\t\t\t\t\t\t\t\t\t<div class=\"yuzo-img\" style=\"background:url('https:\/\/redept.org\/blogosfera\/wp-content\/plugins\/yuzo-related-post\/assets\/images\/default.png') 50% 50% no-repeat;width: 125px;height:90px;margin-bottom: 5px;background-size: cover; \"><\/div>\n\t\t\t\t\t\t\t\t\t  <\/div>\n\t\t\t\t\t\t\t\t\t  \n\t\t\t\t\t\t\t\t   <span class=\"yuzo__text--title\" style=\"font-size:13px;\">Confira confrontos das quartas de final da Copinha...<\/span>\n\t\t\t\t\t\t\t  \n\t\t\t\t\t\t\t  \n\t\t\t\t\t\t\t  <\/a>\n\n\t\t\t\t\t\t  <\/div>\n\t\t\t\t\t\t  <div class=\"relatedthumb \" style=\"width:125px;float:left;overflow:hidden;\">  \n\t\t\t\t\t\t\t  \n\t\t\t\t\t\t\t  <a  href=\"https:\/\/redept.com.br\/blogosfera\/com-80-mortes-em-2025-brasil-segue-como-o-pais-que-mais-mata-pessoas-trans-no-mundo\/\"  >\n\t\t\t\t\t\t\t\t\t  <div class=\"yuzo-img-wrap \" style=\"width: 125px;height:90px;\">\n\t\t\t\t\t\t\t\t\t\t\n\t\t\t\t\t\t\t\t\t\t<div class=\"yuzo-img\" style=\"background:url('https:\/\/redept.org\/blogosfera\/wp-content\/plugins\/yuzo-related-post\/assets\/images\/default.png') 50% 50% no-repeat;width: 125px;height:90px;margin-bottom: 5px;background-size: cover; \"><\/div>\n\t\t\t\t\t\t\t\t\t  <\/div>\n\t\t\t\t\t\t\t\t\t  \n\t\t\t\t\t\t\t\t   <span class=\"yuzo__text--title\" style=\"font-size:13px;\">Com 80 mortes em 2025, Brasil segue como o pa\u00eds qu...<\/span>\n\t\t\t\t\t\t\t  \n\t\t\t\t\t\t\t  \n\t\t\t\t\t\t\t  <\/a>\n\n\t\t\t\t\t\t  <\/div>\n<\/div> <script>\n\t\t\t\t\t\t  jQuery(document).ready(function( $ ){\n\t\t\t\t\t\t\t\/\/jQuery('.yuzo_related_post').equalizer({ overflow : 'relatedthumb' });\n\t\t\t\t\t\t\tjQuery('.yuzo_related_post .yuzo_wraps').equalizer({ columns : '> div' });\n\t\t\t\t\t\t   })\n\t\t\t\t\t\t  <\/script> <!-- End Yuzo :) -->","protected":false},"excerpt":{"rendered":"<p>O papa Francisco surpreendeu os fi\u00e9is ao aparecer neste domingo (13\/04) na Pra\u00e7a S\u00e3o Pedro, no Vaticano, durante as celebra\u00e7\u00f5es do Domingo de Ramos. Apesar da apar\u00eancia fr\u00e1gil, o l\u00edder da Igreja Cat\u00f3lica, que deixou o hospital h\u00e1 tr\u00eas semanas, estava sem respiradores nasais e passou pelas pessoas presentes desejando uma boa Semana Santa. O [&hellip;]<\/p>\n","protected":false},"author":2,"featured_media":21933,"comment_status":"closed","ping_status":"closed","sticky":false,"template":"","format":"standard","meta":{"fifu_image_url":"","fifu_image_alt":"","footnotes":""},"categories":[1],"tags":[],"class_list":["post-21932","post","type-post","status-publish","format-standard","has-post-thumbnail","hentry","category-uncategorized"],"_links":{"self":[{"href":"https:\/\/redept.com.br\/blogosfera\/wp-json\/wp\/v2\/posts\/21932","targetHints":{"allow":["GET"]}}],"collection":[{"href":"https:\/\/redept.com.br\/blogosfera\/wp-json\/wp\/v2\/posts"}],"about":[{"href":"https:\/\/redept.com.br\/blogosfera\/wp-json\/wp\/v2\/types\/post"}],"author":[{"embeddable":true,"href":"https:\/\/redept.com.br\/blogosfera\/wp-json\/wp\/v2\/users\/2"}],"replies":[{"embeddable":true,"href":"https:\/\/redept.com.br\/blogosfera\/wp-json\/wp\/v2\/comments?post=21932"}],"version-history":[{"count":0,"href":"https:\/\/redept.com.br\/blogosfera\/wp-json\/wp\/v2\/posts\/21932\/revisions"}],"wp:featuredmedia":[{"embeddable":true,"href":"https:\/\/redept.com.br\/blogosfera\/wp-json\/wp\/v2\/media\/21933"}],"wp:attachment":[{"href":"https:\/\/redept.com.br\/blogosfera\/wp-json\/wp\/v2\/media?parent=21932"}],"wp:term":[{"taxonomy":"category","embeddable":true,"href":"https:\/\/redept.com.br\/blogosfera\/wp-json\/wp\/v2\/categories?post=21932"},{"taxonomy":"post_tag","embeddable":true,"href":"https:\/\/redept.com.br\/blogosfera\/wp-json\/wp\/v2\/tags?post=21932"}],"curies":[{"name":"wp","href":"https:\/\/api.w.org\/{rel}","templated":true}]}}