{"id":21938,"date":"2025-04-13T17:24:56","date_gmt":"2025-04-13T20:24:56","guid":{"rendered":"https:\/\/redept.org\/blogosfera\/gabao-elege-como-presidente-general-oligui-nguema\/"},"modified":"2025-04-13T17:24:56","modified_gmt":"2025-04-13T20:24:56","slug":"gabao-elege-como-presidente-general-oligui-nguema","status":"publish","type":"post","link":"https:\/\/redept.com.br\/blogosfera\/gabao-elege-como-presidente-general-oligui-nguema\/","title":{"rendered":"Gab\u00e3o elege como presidente general Oligui Nguema"},"content":{"rendered":"<p>Chefe da<a href=\"https:\/\/operamundi.uol.com.br\/politica-e-economia\/apos-tomada-de-poder-militares-do-gabao-nomeiam-lider-da-transicao\/\" target=\"_blank\" rel=\"noopener\"> transi\u00e7\u00e3o militar que governou o Gab\u00e3o<\/a> desde a queda de Ali Bongo em 30 de agosto de 2023, o general Brice Clotaire Oligui Nguema foi eleito presidente do pa\u00eds por sete anos. Ele obteve 90,35% dos votos, de acordo com os resultados gerais provis\u00f3rios anunciados no domingo (13\/04), pelo Minist\u00e9rio do Interior.<\/p>\n<p>Uma consagra\u00e7\u00e3o para este militar de carreira, treinado e promovido dentro do sistema Bongo, com o qual prometeu romper, ainda que esteja alinhado com sua continuidade em muitos aspectos.<\/p>\n<p>Sobre Brice Clotaire Oligui Nguema, o pol\u00edtico gabonense Jean-Boniface Assel\u00e9 lembra que \u201cele n\u00e3o gostava de perder no futebol, o que demonstra seu car\u00e1ter\u201d. Sobre o agora presidente do Gab\u00e3o, ele observa que \u201couviu, aprendeu e guardou os conselhos dos s\u00e1bios\u201d.<\/p>\n<p>No s\u00e1bado (12\/04), cerca de 850 mil eleitores gaboneses foram \u00e0s urnas para eleger o pr\u00f3ximo presidente da Rep\u00fablica, marcando o fim oficial o per\u00edodo de transi\u00e7\u00e3o iniciado ap\u00f3s o <a href=\"https:\/\/operamundi.uol.com.br\/politica-e-economia\/militares-anunciam-tomada-do-poder-no-gabao-e-anulam-eleicao\/\" target=\"_blank\" rel=\"noopener\">levante militar de agosto de 2023<\/a>. O pleito foi apresentado como um passo decisivo para o regresso \u00e0 ordem constitucional e ao governo civil, mas o contexto pol\u00edtico levantava d\u00favidas sobre a real <a href=\"https:\/\/operamundi.uol.com.br\/politica-e-economia\/novo-presidente-do-gabao-toma-posse-apos-levante-militar-e-promete-eleicoes-livres\/\" target=\"_blank\" rel=\"noopener\">abertura democr\u00e1tica do processo<\/a>.<\/p>\n<p>O general Brice Clotaire Oligui Nguema j\u00e1 era considerado o candidato com maiores chances. No \u00faltimo ano e meio liderou o levante que dep\u00f4s <a href=\"https:\/\/operamundi.uol.com.br\/politica-e-economia\/junta-militar-concede-liberdade-a-presidente-deposto-do-gabao\/\" target=\"_blank\" rel=\"noopener\">Ali Bongo Ondimba<\/a> e assumiu a Presid\u00eancia interina.<\/p>\n<p>No final de 2024, promoveu uma revis\u00e3o constitucional para permitir que os militares em fun\u00e7\u00e3o pudessem concorrer a cargos pol\u00edticos \u2013 abrindo caminho \u00e0 sua pr\u00f3pria candidatura. Desde ent\u00e3o, Brice Clotaire Oligui Nguema tem cultivado uma imagem de \u201cconstrutor\u201d, apoiado por uma coliga\u00e7\u00e3o, a Uni\u00e3o dos Construtores, feita por associa\u00e7\u00f5es, sindicatos e partidos.<\/p>\n<p>Sua campanha foi marcada por uma presen\u00e7a constante nos \u00f3rg\u00e3os de comunica\u00e7\u00e3o e por grandes mobiliza\u00e7\u00f5es populares, sobretudo na capital Libreville.<\/p>\n<p>A corrida eleitoral contou com mais sete candidatos que procuram apresentar alternativas \u00e0 lideran\u00e7a de Brice Clotaire Oligui Nguema. Entre eles destaca-se Alain-Claude Bilie-By-Nze, antigo primeiro-ministro de Ali Bongo, que se posicionava como o candidato da ruptura. Cr\u00edtico do poder autorit\u00e1rio, criticava Oligui Nguema por perpetuar o sistema do Partido Democr\u00e1tico Gabon\u00eas (PDG), que dominou o pa\u00eds durante mais de cinco d\u00e9cadas.<\/p>\n<p><em>(*) Com informa\u00e7\u00f5es do correspondente da RFI em Libreville, Fran\u00e7ois Mazet.<\/em><\/p>\n<p>O post <a href=\"https:\/\/operamundi.uol.com.br\/politica-e-economia\/gabao-elege-como-presidente-general-oligui-nguema\/\">Gab\u00e3o elege como presidente general Oligui Nguema<\/a> apareceu primeiro em <a href=\"https:\/\/operamundi.uol.com.br\/\">Opera Mundi<\/a>.<\/p>\n<!-- Begin Yuzo --><div class='yuzo_related_post style-1'  data-version='5.12.89'><!-- without result --><div class='yuzo_clearfixed yuzo__title yuzo__title'><h3>Related Post<\/h3><\/div>\n\t\t\t\t\t\t  <div class=\"relatedthumb \" style=\"width:125px;float:left;overflow:hidden;\">  \n\t\t\t\t\t\t\t  \n\t\t\t\t\t\t\t  <a  href=\"https:\/\/redept.com.br\/blogosfera\/novas-ameacas-de-morte-contra-lula-e-moraes-sao-investigadas-pela-pf\/\"  >\n\t\t\t\t\t\t\t\t\t  <div class=\"yuzo-img-wrap \" style=\"width: 125px;height:90px;\">\n\t\t\t\t\t\t\t\t\t\t\n\t\t\t\t\t\t\t\t\t\t<div class=\"yuzo-img\" style=\"background:url('https:\/\/redept.org\/blogosfera\/wp-content\/plugins\/yuzo-related-post\/assets\/images\/default.png') 50% 50% no-repeat;width: 125px;height:90px;margin-bottom: 5px;background-size: cover; \"><\/div>\n\t\t\t\t\t\t\t\t\t  <\/div>\n\t\t\t\t\t\t\t\t\t  \n\t\t\t\t\t\t\t\t   <span class=\"yuzo__text--title\" style=\"font-size:13px;\">Novas amea\u00e7as de morte contra Lula e Moraes s\u00e3o in...<\/span>\n\t\t\t\t\t\t\t  \n\t\t\t\t\t\t\t  \n\t\t\t\t\t\t\t  <\/a>\n\n\t\t\t\t\t\t  <\/div>\n\t\t\t\t\t\t  <div class=\"relatedthumb \" style=\"width:125px;float:left;overflow:hidden;\">  \n\t\t\t\t\t\t\t  \n\t\t\t\t\t\t\t  <a  href=\"https:\/\/redept.com.br\/blogosfera\/plano-dos-eua-para-gaza-preve-controle-do-territorio-por-10-anos-diz-washington-post\/\"  >\n\t\t\t\t\t\t\t\t\t  <div class=\"yuzo-img-wrap \" style=\"width: 125px;height:90px;\">\n\t\t\t\t\t\t\t\t\t\t\n\t\t\t\t\t\t\t\t\t\t<div class=\"yuzo-img\" style=\"background:url('https:\/\/redept.com.br\/blogosfera\/wp-content\/uploads\/2025\/09\/54437654628_ca67fd1197_c-150x150.jpg') 50% 50% no-repeat;width: 125px;height:90px;margin-bottom: 5px;background-size: cover; \"><\/div>\n\t\t\t\t\t\t\t\t\t  <\/div>\n\t\t\t\t\t\t\t\t\t  \n\t\t\t\t\t\t\t\t   <span class=\"yuzo__text--title\" style=\"font-size:13px;\">Plano dos EUA para Gaza prev\u00ea controle do territ\u00f3r...<\/span>\n\t\t\t\t\t\t\t  \n\t\t\t\t\t\t\t  \n\t\t\t\t\t\t\t  <\/a>\n\n\t\t\t\t\t\t  <\/div>\n\t\t\t\t\t\t  <div class=\"relatedthumb \" style=\"width:125px;float:left;overflow:hidden;\">  \n\t\t\t\t\t\t\t  \n\t\t\t\t\t\t\t  <a  href=\"https:\/\/redept.com.br\/blogosfera\/lider-do-pt-rebate-bolsonaristas-e-recorda-que-inflacao-dos-alimentos-no-governo-bolsonaro-foi-de-57\/\"  >\n\t\t\t\t\t\t\t\t\t  <div class=\"yuzo-img-wrap \" style=\"width: 125px;height:90px;\">\n\t\t\t\t\t\t\t\t\t\t\n\t\t\t\t\t\t\t\t\t\t<div class=\"yuzo-img\" style=\"background:url('https:\/\/redept.org\/blogosfera\/wp-content\/plugins\/yuzo-related-post\/assets\/images\/default.png') 50% 50% no-repeat;width: 125px;height:90px;margin-bottom: 5px;background-size: cover; \"><\/div>\n\t\t\t\t\t\t\t\t\t  <\/div>\n\t\t\t\t\t\t\t\t\t  \n\t\t\t\t\t\t\t\t   <span class=\"yuzo__text--title\" style=\"font-size:13px;\">L\u00edder do PT rebate bolsonaristas e recorda que inf...<\/span>\n\t\t\t\t\t\t\t  \n\t\t\t\t\t\t\t  \n\t\t\t\t\t\t\t  <\/a>\n\n\t\t\t\t\t\t  <\/div>\n\t\t\t\t\t\t  <div class=\"relatedthumb \" style=\"width:125px;float:left;overflow:hidden;\">  \n\t\t\t\t\t\t\t  \n\t\t\t\t\t\t\t  <a  href=\"https:\/\/redept.com.br\/blogosfera\/especialista-da-onu-critica-paises-que-permitiram-voo-de-netanyahu-em-espaco-aereo\/\"  >\n\t\t\t\t\t\t\t\t\t  <div class=\"yuzo-img-wrap \" style=\"width: 125px;height:90px;\">\n\t\t\t\t\t\t\t\t\t\t\n\t\t\t\t\t\t\t\t\t\t<div class=\"yuzo-img\" style=\"background:url('https:\/\/redept.com.br\/blogosfera\/wp-content\/uploads\/2025\/07\/albanese-150x150.jpg') 50% 50% no-repeat;width: 125px;height:90px;margin-bottom: 5px;background-size: cover; \"><\/div>\n\t\t\t\t\t\t\t\t\t  <\/div>\n\t\t\t\t\t\t\t\t\t  \n\t\t\t\t\t\t\t\t   <span class=\"yuzo__text--title\" style=\"font-size:13px;\">Especialista da ONU critica pa\u00edses que permitiram ...<\/span>\n\t\t\t\t\t\t\t  \n\t\t\t\t\t\t\t  \n\t\t\t\t\t\t\t  <\/a>\n\n\t\t\t\t\t\t  <\/div>\n<\/div> <script>\n\t\t\t\t\t\t  jQuery(document).ready(function( $ ){\n\t\t\t\t\t\t\t\/\/jQuery('.yuzo_related_post').equalizer({ overflow : 'relatedthumb' });\n\t\t\t\t\t\t\tjQuery('.yuzo_related_post .yuzo_wraps').equalizer({ columns : '> div' });\n\t\t\t\t\t\t   })\n\t\t\t\t\t\t  <\/script> <!-- End Yuzo :) -->","protected":false},"excerpt":{"rendered":"<p>Chefe da transi\u00e7\u00e3o militar que governou o Gab\u00e3o desde a queda de Ali Bongo em 30 de agosto de 2023, o general Brice Clotaire Oligui Nguema foi eleito presidente do pa\u00eds por sete anos. Ele obteve 90,35% dos votos, de acordo com os resultados gerais provis\u00f3rios anunciados no domingo (13\/04), pelo Minist\u00e9rio do Interior. Uma [&hellip;]<\/p>\n","protected":false},"author":2,"featured_media":0,"comment_status":"closed","ping_status":"closed","sticky":false,"template":"","format":"standard","meta":{"fifu_image_url":"","fifu_image_alt":"","footnotes":""},"categories":[1],"tags":[],"class_list":["post-21938","post","type-post","status-publish","format-standard","hentry","category-uncategorized"],"_links":{"self":[{"href":"https:\/\/redept.com.br\/blogosfera\/wp-json\/wp\/v2\/posts\/21938","targetHints":{"allow":["GET"]}}],"collection":[{"href":"https:\/\/redept.com.br\/blogosfera\/wp-json\/wp\/v2\/posts"}],"about":[{"href":"https:\/\/redept.com.br\/blogosfera\/wp-json\/wp\/v2\/types\/post"}],"author":[{"embeddable":true,"href":"https:\/\/redept.com.br\/blogosfera\/wp-json\/wp\/v2\/users\/2"}],"replies":[{"embeddable":true,"href":"https:\/\/redept.com.br\/blogosfera\/wp-json\/wp\/v2\/comments?post=21938"}],"version-history":[{"count":0,"href":"https:\/\/redept.com.br\/blogosfera\/wp-json\/wp\/v2\/posts\/21938\/revisions"}],"wp:attachment":[{"href":"https:\/\/redept.com.br\/blogosfera\/wp-json\/wp\/v2\/media?parent=21938"}],"wp:term":[{"taxonomy":"category","embeddable":true,"href":"https:\/\/redept.com.br\/blogosfera\/wp-json\/wp\/v2\/categories?post=21938"},{"taxonomy":"post_tag","embeddable":true,"href":"https:\/\/redept.com.br\/blogosfera\/wp-json\/wp\/v2\/tags?post=21938"}],"curies":[{"name":"wp","href":"https:\/\/api.w.org\/{rel}","templated":true}]}}