{"id":21952,"date":"2025-04-13T15:17:48","date_gmt":"2025-04-13T18:17:48","guid":{"rendered":"https:\/\/redept.org\/blogosfera\/frio-deve-chegar-somente-em-maio-e-nao-sera-intenso-preve-metsul\/"},"modified":"2025-04-13T15:17:48","modified_gmt":"2025-04-13T18:17:48","slug":"frio-deve-chegar-somente-em-maio-e-nao-sera-intenso-preve-metsul","status":"publish","type":"post","link":"https:\/\/redept.com.br\/blogosfera\/frio-deve-chegar-somente-em-maio-e-nao-sera-intenso-preve-metsul\/","title":{"rendered":"Frio deve chegar somente em maio e n\u00e3o ser\u00e1 intenso, prev\u00ea MetSul"},"content":{"rendered":"<section>\n<div>\n<p>O restante do m\u00eas de abril n\u00e3o deve ter temperaturas muito frias no Rio Grande do Sul. Ao menos, \u00e9 o que indicam as previs\u00f5es a longo prazo, de acordo com a MetSul meteorologia. \u00c9 prov\u00e1vel que dias de frio com maior intensidade cheguem em maio. Nenhum dado aponta massa de ar polar significativa, embora apontem incurs\u00f5es de ar frio que devem trazer dias de temperatura baixa e ocorr\u00eancia de geada. Isso poderia mudar com um ciclone de maior intensidade nas latitudes m\u00e9dias, o que os modelos de longo prazo tamb\u00e9m n\u00e3o antecipam.<\/p>\n<p>Em 2025, a previs\u00e3o da temperatura a longo prazo se torna ainda mais desafiadora com o aquecimento acelerado do planeta em curso. Mesmo com o resfriamento do Pac\u00edfico nos \u00faltimos meses, o planeta seguiu muito quente, a ponto de janeiro de 2025, sob La Ni\u00f1a, ter sido mais quente no mundo que janeiro de 2024, no auge do intenso El Ni\u00f1o de 2023-2024. Os modelos de previs\u00e3o de mais curto prazo possuem progn\u00f3sticos para at\u00e9 dez ou quinze dias. J\u00e1 os modelos de m\u00e9dio prazo, como o europeu e o norte-americano CFS, chegam a ter progn\u00f3sticos para 40 dias, sejam di\u00e1rios ou semanais.<\/p>\n<p>Analisando os dados destes modelos com previs\u00f5es para at\u00e9 40 dias, ou seja, at\u00e9 quase o fim de maio, nenhuma simula\u00e7\u00e3o indica massa de ar polar muito intensa at\u00e9 o final do pr\u00f3ximo m\u00eas, embora apontem incurs\u00f5es de ar frio no Sul do Brasil na segunda metade de abril e tamb\u00e9m em maio, de acordo com a MetSul.<\/p>\n<\/p><\/div>\n<\/section>\n<section><\/section>\n<section>\n<div>\n        Anos anteriores    <\/div>\n<\/section>\n<section><\/section>\n<section>\n<div>\n<p>A hist\u00f3ria clim\u00e1tica ga\u00facha mostra v\u00e1rios anos em que a menor temperatura anual ou algumas das menores m\u00ednimas do ano se deram nos primeiros 20 dias de junho, portanto ainda no outono pelo crit\u00e9rio astron\u00f4mico.<\/p>\n<p>O inverno meteorol\u00f3gico, per\u00edodo que em climatologia se define como o trimestre de junho a agosto por ser fixo e permitir compara\u00e7\u00f5es para estudos, come\u00e7a em 1\u00ba de junho. J\u00e1 o inverno astron\u00f4mico, cuja data \u00e9 m\u00f3vel, tem in\u00edcio em 2025 \u00e0s 23h42 do dia 20 de junho.<\/p>\n<p>O outono j\u00e1 chegou a ter epis\u00f3dios de neve em abril e massas de ar polar extremamente fortes no m\u00eas de maio, com marcas abaixo de zero e muita geada em estados do Centro-Sul do Brasil. Em 1999, nevou na metade de abril nas \u00e1reas de maior altitude do Sul do Brasil com uma potente massa de ar polar associada a um intenso ciclone.<\/p>\n<p>Em 2023, o segundo epis\u00f3dio de neve mais precoce no Brasil teve lugar tamb\u00e9m em abril, no dia 19, com registro do fen\u00f4meno no Planalto Sul Catarinense. Um outro exemplo recente na hist\u00f3ria clim\u00e1tica brasileira de frio muito intenso antes do inverno se deu no come\u00e7o da segunda quinzena de maio de 2022, com uma enorme massa de ar polar e de grande intensidade que trouxe tempo g\u00e9lido em v\u00e1rios estados. Foi o ar polar impulsionado pelo ciclone Yakecan, que at\u00e9 neve causou em Santa Catarina.<\/p>\n<\/p><\/div>\n<\/section>\n<p>O post <a href=\"https:\/\/sul21.com.br\/noticias\/geral\/2025\/04\/frio-deve-chegar-somente-em-maio-e-nao-sera-intenso-preve-metsul\/\">Frio deve chegar somente em maio e n\u00e3o ser\u00e1 intenso, prev\u00ea MetSul<\/a> apareceu primeiro em <a href=\"https:\/\/sul21.com.br\/\">Sul 21<\/a>.<\/p>\n<!-- Begin Yuzo --><div class='yuzo_related_post style-1'  data-version='5.12.89'><!-- without result --><div class='yuzo_clearfixed yuzo__title yuzo__title'><h3>Related Post<\/h3><\/div>\n\t\t\t\t\t\t  <div class=\"relatedthumb \" style=\"width:125px;float:left;overflow:hidden;\">  \n\t\t\t\t\t\t\t  \n\t\t\t\t\t\t\t  <a  href=\"https:\/\/redept.com.br\/blogosfera\/cinemateca-capitolio-exibe-filmes-sobre-reducao-de-danos-e-hiv-no-dia-de-luta-contra-a-aids\/\"  >\n\t\t\t\t\t\t\t\t\t  <div class=\"yuzo-img-wrap \" style=\"width: 125px;height:90px;\">\n\t\t\t\t\t\t\t\t\t\t\n\t\t\t\t\t\t\t\t\t\t<div class=\"yuzo-img\" style=\"background:url('https:\/\/redept.org\/blogosfera\/wp-content\/plugins\/yuzo-related-post\/assets\/images\/default.png') 50% 50% no-repeat;width: 125px;height:90px;margin-bottom: 5px;background-size: cover; \"><\/div>\n\t\t\t\t\t\t\t\t\t  <\/div>\n\t\t\t\t\t\t\t\t\t  \n\t\t\t\t\t\t\t\t   <span class=\"yuzo__text--title\" style=\"font-size:13px;\">Cinemateca Capit\u00f3lio exibe filmes sobre redu\u00e7\u00e3o de...<\/span>\n\t\t\t\t\t\t\t  \n\t\t\t\t\t\t\t  \n\t\t\t\t\t\t\t  <\/a>\n\n\t\t\t\t\t\t  <\/div>\n\t\t\t\t\t\t  <div class=\"relatedthumb \" style=\"width:125px;float:left;overflow:hidden;\">  \n\t\t\t\t\t\t\t  \n\t\t\t\t\t\t\t  <a  href=\"https:\/\/redept.com.br\/blogosfera\/na-franca-haddad-vai-discutir-transicao-ecologica-e-g20\/\"  >\n\t\t\t\t\t\t\t\t\t  <div class=\"yuzo-img-wrap \" style=\"width: 125px;height:90px;\">\n\t\t\t\t\t\t\t\t\t\t\n\t\t\t\t\t\t\t\t\t\t<div class=\"yuzo-img\" style=\"background:url('https:\/\/redept.com.br\/blogosfera\/wp-content\/uploads\/2025\/03\/Captura-de-Tela-2025-03-30-as-10.11.28-150x150.png') 50% 50% no-repeat;width: 125px;height:90px;margin-bottom: 5px;background-size: cover; \"><\/div>\n\t\t\t\t\t\t\t\t\t  <\/div>\n\t\t\t\t\t\t\t\t\t  \n\t\t\t\t\t\t\t\t   <span class=\"yuzo__text--title\" style=\"font-size:13px;\">Na Fran\u00e7a, Haddad vai discutir transi\u00e7\u00e3o ecol\u00f3gica...<\/span>\n\t\t\t\t\t\t\t  \n\t\t\t\t\t\t\t  \n\t\t\t\t\t\t\t  <\/a>\n\n\t\t\t\t\t\t  <\/div>\n\t\t\t\t\t\t  <div class=\"relatedthumb \" style=\"width:125px;float:left;overflow:hidden;\">  \n\t\t\t\t\t\t\t  \n\t\t\t\t\t\t\t  <a  href=\"https:\/\/redept.com.br\/blogosfera\/itamaraty-convoca-diplomata-dos-eua-apos-apoio-a-bolsonaro\/\"  >\n\t\t\t\t\t\t\t\t\t  <div class=\"yuzo-img-wrap \" style=\"width: 125px;height:90px;\">\n\t\t\t\t\t\t\t\t\t\t\n\t\t\t\t\t\t\t\t\t\t<div class=\"yuzo-img\" style=\"background:url('https:\/\/redept.org\/blogosfera\/wp-content\/plugins\/yuzo-related-post\/assets\/images\/default.png') 50% 50% no-repeat;width: 125px;height:90px;margin-bottom: 5px;background-size: cover; \"><\/div>\n\t\t\t\t\t\t\t\t\t  <\/div>\n\t\t\t\t\t\t\t\t\t  \n\t\t\t\t\t\t\t\t   <span class=\"yuzo__text--title\" style=\"font-size:13px;\">Itamaraty convoca diplomata dos EUA ap\u00f3s apoio a B...<\/span>\n\t\t\t\t\t\t\t  \n\t\t\t\t\t\t\t  \n\t\t\t\t\t\t\t  <\/a>\n\n\t\t\t\t\t\t  <\/div>\n\t\t\t\t\t\t  <div class=\"relatedthumb \" style=\"width:125px;float:left;overflow:hidden;\">  \n\t\t\t\t\t\t\t  \n\t\t\t\t\t\t\t  <a  href=\"https:\/\/redept.com.br\/blogosfera\/vacina-100-brasileira-contra-a-dengue-sera-aprovada-ate-dezembro\/\"  >\n\t\t\t\t\t\t\t\t\t  <div class=\"yuzo-img-wrap \" style=\"width: 125px;height:90px;\">\n\t\t\t\t\t\t\t\t\t\t\n\t\t\t\t\t\t\t\t\t\t<div class=\"yuzo-img\" style=\"background:url('https:\/\/redept.com.br\/blogosfera\/wp-content\/uploads\/2025\/11\/54900676621_f8b71afb6a_k-1-150x150.jpg') 50% 50% no-repeat;width: 125px;height:90px;margin-bottom: 5px;background-size: cover; \"><\/div>\n\t\t\t\t\t\t\t\t\t  <\/div>\n\t\t\t\t\t\t\t\t\t  \n\t\t\t\t\t\t\t\t   <span class=\"yuzo__text--title\" style=\"font-size:13px;\">Vacina 100% brasileira contra a dengue ser\u00e1 aprova...<\/span>\n\t\t\t\t\t\t\t  \n\t\t\t\t\t\t\t  \n\t\t\t\t\t\t\t  <\/a>\n\n\t\t\t\t\t\t  <\/div>\n<\/div> <script>\n\t\t\t\t\t\t  jQuery(document).ready(function( $ ){\n\t\t\t\t\t\t\t\/\/jQuery('.yuzo_related_post').equalizer({ overflow : 'relatedthumb' });\n\t\t\t\t\t\t\tjQuery('.yuzo_related_post .yuzo_wraps').equalizer({ columns : '> div' });\n\t\t\t\t\t\t   })\n\t\t\t\t\t\t  <\/script> <!-- End Yuzo :) -->","protected":false},"excerpt":{"rendered":"<p>O restante do m\u00eas de abril n\u00e3o deve ter temperaturas muito frias no Rio Grande do Sul. Ao menos, \u00e9 o que indicam as previs\u00f5es a longo prazo, de acordo com a MetSul meteorologia. \u00c9 prov\u00e1vel que dias de frio com maior intensidade cheguem em maio. Nenhum dado aponta massa de ar polar significativa, embora [&hellip;]<\/p>\n","protected":false},"author":2,"featured_media":0,"comment_status":"closed","ping_status":"closed","sticky":false,"template":"","format":"standard","meta":{"fifu_image_url":"","fifu_image_alt":"","footnotes":""},"categories":[1],"tags":[],"class_list":["post-21952","post","type-post","status-publish","format-standard","hentry","category-uncategorized"],"_links":{"self":[{"href":"https:\/\/redept.com.br\/blogosfera\/wp-json\/wp\/v2\/posts\/21952","targetHints":{"allow":["GET"]}}],"collection":[{"href":"https:\/\/redept.com.br\/blogosfera\/wp-json\/wp\/v2\/posts"}],"about":[{"href":"https:\/\/redept.com.br\/blogosfera\/wp-json\/wp\/v2\/types\/post"}],"author":[{"embeddable":true,"href":"https:\/\/redept.com.br\/blogosfera\/wp-json\/wp\/v2\/users\/2"}],"replies":[{"embeddable":true,"href":"https:\/\/redept.com.br\/blogosfera\/wp-json\/wp\/v2\/comments?post=21952"}],"version-history":[{"count":0,"href":"https:\/\/redept.com.br\/blogosfera\/wp-json\/wp\/v2\/posts\/21952\/revisions"}],"wp:attachment":[{"href":"https:\/\/redept.com.br\/blogosfera\/wp-json\/wp\/v2\/media?parent=21952"}],"wp:term":[{"taxonomy":"category","embeddable":true,"href":"https:\/\/redept.com.br\/blogosfera\/wp-json\/wp\/v2\/categories?post=21952"},{"taxonomy":"post_tag","embeddable":true,"href":"https:\/\/redept.com.br\/blogosfera\/wp-json\/wp\/v2\/tags?post=21952"}],"curies":[{"name":"wp","href":"https:\/\/api.w.org\/{rel}","templated":true}]}}