{"id":21953,"date":"2025-04-13T15:28:46","date_gmt":"2025-04-13T18:28:46","guid":{"rendered":"https:\/\/redept.org\/blogosfera\/idade-para-aposentadoria-de-mulheres-policiais-pode-ser-mudada\/"},"modified":"2025-04-13T15:28:46","modified_gmt":"2025-04-13T18:28:46","slug":"idade-para-aposentadoria-de-mulheres-policiais-pode-ser-mudada","status":"publish","type":"post","link":"https:\/\/redept.com.br\/blogosfera\/idade-para-aposentadoria-de-mulheres-policiais-pode-ser-mudada\/","title":{"rendered":"Idade para aposentadoria de mulheres policiais pode ser mudada"},"content":{"rendered":"<section>\n<div>\n<p><strong>Da Ag\u00eancia Brasil<\/strong><\/p>\n<p>O Supremo Tribunal Federal (STF) registrou neste domingo (13) tr\u00eas votos para confirmar a suspens\u00e3o da regra que igualou em 55 anos a idade m\u00ednima para aposentadoria de homens e mulheres policiais civis e federais.<\/p>\n<p>A Corte est\u00e1 decidindo se referenda a decis\u00e3o individual do ministro Fl\u00e1vio Dino, relator do caso, para suspender a regra, prevista na Emenda Constitucional 103\/2019, aprovada durante o governo de Jair Bolsonaro.<\/p>\n<p>Em outubro do ano passado, Dino fixou que a idade para aposentadoria de mulheres policiais civis e federais deve seguir o crit\u00e9rio de 3 anos de redu\u00e7\u00e3o em rela\u00e7\u00e3o ao per\u00edodo dos homens, ou seja, 52 anos. A medida deve ser adotada at\u00e9 que o Congresso crie nova regra.<\/p>\n<p>A an\u00e1lise da quest\u00e3o \u00e9 motivada por uma a\u00e7\u00e3o protocolada pela Associa\u00e7\u00e3o dos Delegados de Pol\u00edcia do Brasil (Adepol do Brasil).<\/p>\n<p>Segundo a entidade, o Congresso desconsiderou a diferencia\u00e7\u00e3o constitucional de g\u00eanero entre homens e mulheres para concess\u00e3o de aposentadoria especial.<\/p>\n<p>At\u00e9 o momento, o STF registra placar de tr\u00eas votos para manter a decis\u00e3o. Al\u00e9m de Fl\u00e1vio Dino, votaram os ministros Gilmar Mendes e Alexandre de Moraes. Faltam os votos de oito ministros.<\/p>\n<p>O caso \u00e9 julgado no plen\u00e1rio virtual da Corte, modalidade na qual os ministros inserem os votos no sistema eletr\u00f4nico e n\u00e3o h\u00e1 delibera\u00e7\u00e3o presencial. A vota\u00e7\u00e3o vai at\u00e9 quinta-feira (24).<\/p>\n<\/p><\/div>\n<\/section>\n<p>O post <a href=\"https:\/\/sul21.com.br\/noticias\/geral\/2025\/04\/idade-para-aposentadoria-de-mulheres-policiais-pode-ser-mudada\/\">Idade para aposentadoria de mulheres policiais pode ser mudada<\/a> apareceu primeiro em <a href=\"https:\/\/sul21.com.br\/\">Sul 21<\/a>.<\/p>\n<!-- Begin Yuzo --><div class='yuzo_related_post style-1'  data-version='5.12.89'><!-- without result --><div class='yuzo_clearfixed yuzo__title yuzo__title'><h3>Related Post<\/h3><\/div>\n\t\t\t\t\t\t  <div class=\"relatedthumb \" style=\"width:125px;float:left;overflow:hidden;\">  \n\t\t\t\t\t\t\t  \n\t\t\t\t\t\t\t  <a  href=\"https:\/\/redept.com.br\/blogosfera\/ira-atinge-tel-aviv-e-alvos-militares-dos-eua-sistemas-de-misseis-e-ativos-de-israel-videos-o-que-foi-destruido-na-94a-onda\/\"  >\n\t\t\t\t\t\t\t\t\t  <div class=\"yuzo-img-wrap \" style=\"width: 125px;height:90px;\">\n\t\t\t\t\t\t\t\t\t\t\n\t\t\t\t\t\t\t\t\t\t<div class=\"yuzo-img\" style=\"background:url('https:\/\/redept.org\/blogosfera\/wp-content\/plugins\/yuzo-related-post\/assets\/images\/default.png') 50% 50% no-repeat;width: 125px;height:90px;margin-bottom: 5px;background-size: cover; \"><\/div>\n\t\t\t\t\t\t\t\t\t  <\/div>\n\t\t\t\t\t\t\t\t\t  \n\t\t\t\t\t\t\t\t   <span class=\"yuzo__text--title\" style=\"font-size:13px;\">Ir\u00e3 atinge Tel Aviv e alvos militares dos EUA, sis...<\/span>\n\t\t\t\t\t\t\t  \n\t\t\t\t\t\t\t  \n\t\t\t\t\t\t\t  <\/a>\n\n\t\t\t\t\t\t  <\/div>\n\t\t\t\t\t\t  <div class=\"relatedthumb \" style=\"width:125px;float:left;overflow:hidden;\">  \n\t\t\t\t\t\t\t  \n\t\t\t\t\t\t\t  <a  href=\"https:\/\/sul21.com.br\/noticias\/geral\/2025\/12\/contran-aprova-resolucao-que-retira-exigencia-de-autoescola-para-cnh\/\"  >\n\t\t\t\t\t\t\t\t\t  <div class=\"yuzo-img-wrap \" style=\"width: 125px;height:90px;\">\n\t\t\t\t\t\t\t\t\t\t\n\t\t\t\t\t\t\t\t\t\t<div class=\"yuzo-img\" style=\"background:url('https:\/\/agenciabrasil.ebc.com.br\/ebc.png?id=1670312&amp;o=node') 50% 50% no-repeat;width: 125px;height:90px;margin-bottom: 5px;background-size: cover; \"><\/div>\n\t\t\t\t\t\t\t\t\t  <\/div>\n\t\t\t\t\t\t\t\t\t  \n\t\t\t\t\t\t\t\t   <span class=\"yuzo__text--title\" style=\"font-size:13px;\">Contran aprova resolu\u00e7\u00e3o que retira exig\u00eancia de a...<\/span>\n\t\t\t\t\t\t\t  \n\t\t\t\t\t\t\t  \n\t\t\t\t\t\t\t  <\/a>\n\n\t\t\t\t\t\t  <\/div>\n\t\t\t\t\t\t  <div class=\"relatedthumb \" style=\"width:125px;float:left;overflow:hidden;\">  \n\t\t\t\t\t\t\t  \n\t\t\t\t\t\t\t  <a  href=\"https:\/\/redept.com.br\/blogosfera\/da-batalha-de-okinawa-a-nova-guerra-fria\/\"  >\n\t\t\t\t\t\t\t\t\t  <div class=\"yuzo-img-wrap \" style=\"width: 125px;height:90px;\">\n\t\t\t\t\t\t\t\t\t\t\n\t\t\t\t\t\t\t\t\t\t<div class=\"yuzo-img\" style=\"background:url('https:\/\/redept.org\/blogosfera\/wp-content\/plugins\/yuzo-related-post\/assets\/images\/default.png') 50% 50% no-repeat;width: 125px;height:90px;margin-bottom: 5px;background-size: cover; \"><\/div>\n\t\t\t\t\t\t\t\t\t  <\/div>\n\t\t\t\t\t\t\t\t\t  \n\t\t\t\t\t\t\t\t   <span class=\"yuzo__text--title\" style=\"font-size:13px;\">Da Batalha de Okinawa \u00e0 nova Guerra Fria<\/span>\n\t\t\t\t\t\t\t  \n\t\t\t\t\t\t\t  \n\t\t\t\t\t\t\t  <\/a>\n\n\t\t\t\t\t\t  <\/div>\n\t\t\t\t\t\t  <div class=\"relatedthumb \" style=\"width:125px;float:left;overflow:hidden;\">  \n\t\t\t\t\t\t\t  \n\t\t\t\t\t\t\t  <a  href=\"https:\/\/redept.com.br\/blogosfera\/jornada-do-mlb-inicia-18-novas-ocupacoes-por-todo-pais\/\"  >\n\t\t\t\t\t\t\t\t\t  <div class=\"yuzo-img-wrap \" style=\"width: 125px;height:90px;\">\n\t\t\t\t\t\t\t\t\t\t\n\t\t\t\t\t\t\t\t\t\t<div class=\"yuzo-img\" style=\"background:url('https:\/\/redept.com.br\/blogosfera\/wp-content\/uploads\/2025\/09\/WhatsApp-Image-2025-09-07-at-142058-150x150.jpeg') 50% 50% no-repeat;width: 125px;height:90px;margin-bottom: 5px;background-size: cover; \"><\/div>\n\t\t\t\t\t\t\t\t\t  <\/div>\n\t\t\t\t\t\t\t\t\t  \n\t\t\t\t\t\t\t\t   <span class=\"yuzo__text--title\" style=\"font-size:13px;\">Jornada do MLB inicia 18 novas ocupa\u00e7\u00f5es por todo ...<\/span>\n\t\t\t\t\t\t\t  \n\t\t\t\t\t\t\t  \n\t\t\t\t\t\t\t  <\/a>\n\n\t\t\t\t\t\t  <\/div>\n<\/div> <script>\n\t\t\t\t\t\t  jQuery(document).ready(function( $ ){\n\t\t\t\t\t\t\t\/\/jQuery('.yuzo_related_post').equalizer({ overflow : 'relatedthumb' });\n\t\t\t\t\t\t\tjQuery('.yuzo_related_post .yuzo_wraps').equalizer({ columns : '> div' });\n\t\t\t\t\t\t   })\n\t\t\t\t\t\t  <\/script> <!-- End Yuzo :) -->","protected":false},"excerpt":{"rendered":"<p>Da Ag\u00eancia Brasil O Supremo Tribunal Federal (STF) registrou neste domingo (13) tr\u00eas votos para confirmar a suspens\u00e3o da regra que igualou em 55 anos a idade m\u00ednima para aposentadoria de homens e mulheres policiais civis e federais. A Corte est\u00e1 decidindo se referenda a decis\u00e3o individual do ministro Fl\u00e1vio Dino, relator do caso, para [&hellip;]<\/p>\n","protected":false},"author":2,"featured_media":0,"comment_status":"closed","ping_status":"closed","sticky":false,"template":"","format":"standard","meta":{"fifu_image_url":"","fifu_image_alt":"","footnotes":""},"categories":[1],"tags":[],"class_list":["post-21953","post","type-post","status-publish","format-standard","hentry","category-uncategorized"],"_links":{"self":[{"href":"https:\/\/redept.com.br\/blogosfera\/wp-json\/wp\/v2\/posts\/21953","targetHints":{"allow":["GET"]}}],"collection":[{"href":"https:\/\/redept.com.br\/blogosfera\/wp-json\/wp\/v2\/posts"}],"about":[{"href":"https:\/\/redept.com.br\/blogosfera\/wp-json\/wp\/v2\/types\/post"}],"author":[{"embeddable":true,"href":"https:\/\/redept.com.br\/blogosfera\/wp-json\/wp\/v2\/users\/2"}],"replies":[{"embeddable":true,"href":"https:\/\/redept.com.br\/blogosfera\/wp-json\/wp\/v2\/comments?post=21953"}],"version-history":[{"count":0,"href":"https:\/\/redept.com.br\/blogosfera\/wp-json\/wp\/v2\/posts\/21953\/revisions"}],"wp:attachment":[{"href":"https:\/\/redept.com.br\/blogosfera\/wp-json\/wp\/v2\/media?parent=21953"}],"wp:term":[{"taxonomy":"category","embeddable":true,"href":"https:\/\/redept.com.br\/blogosfera\/wp-json\/wp\/v2\/categories?post=21953"},{"taxonomy":"post_tag","embeddable":true,"href":"https:\/\/redept.com.br\/blogosfera\/wp-json\/wp\/v2\/tags?post=21953"}],"curies":[{"name":"wp","href":"https:\/\/api.w.org\/{rel}","templated":true}]}}