{"id":21988,"date":"2025-04-14T11:00:25","date_gmt":"2025-04-14T14:00:25","guid":{"rendered":"https:\/\/redept.org\/blogosfera\/morre-vargas-llosa-nobel-de-literatura-e-defensor-da-extrema-direita\/"},"modified":"2025-04-14T11:00:25","modified_gmt":"2025-04-14T14:00:25","slug":"morre-vargas-llosa-nobel-de-literatura-e-defensor-da-extrema-direita","status":"publish","type":"post","link":"https:\/\/redept.com.br\/blogosfera\/morre-vargas-llosa-nobel-de-literatura-e-defensor-da-extrema-direita\/","title":{"rendered":"Morre Vargas Llosa, Nobel de Literatura e defensor da extrema direita"},"content":{"rendered":"<p><img loading=\"lazy\" width=\"1024\" height=\"576\"src=\"https:\/\/redept.org\/blogosfera\/wp-content\/uploads\/2025\/04\/vargas-llosa_wikimedia-commons_fronteirasdopensamento.jpg\" alt=\"\" decoding=\"async\" loading=\"lazy\" srcset=\"https:\/\/vermelho.org.br\/wp-content\/uploads\/2025\/04\/vargas-llosa_wikimedia-commons_fronteirasdopensamento-1024x576.jpg 1024w, https:\/\/vermelho.org.br\/wp-content\/uploads\/2025\/04\/vargas-llosa_wikimedia-commons_fronteirasdopensamento-300x169.jpg 300w, https:\/\/vermelho.org.br\/wp-content\/uploads\/2025\/04\/vargas-llosa_wikimedia-commons_fronteirasdopensamento-768x432.jpg 768w, https:\/\/vermelho.org.br\/wp-content\/uploads\/2025\/04\/vargas-llosa_wikimedia-commons_fronteirasdopensamento-1536x864.jpg 1536w, https:\/\/redept.org\/blogosfera\/wp-content\/uploads\/2025\/04\/vargas-llosa_wikimedia-commons_fronteirasdopensamento.jpg 1890w\" sizes=\"auto, (max-width: 1024px) 100vw, 1024px\"><\/p>\n<p>O escritor Mario Vargas Llosa morreu neste domingo (13), aos 89 anos, na capital de seu pa\u00eds, Lima, no Peru. A causa da morte n\u00e3o foi informada pela fam\u00edlia. A presidente do pa\u00eds, Dina Boluarte, decretou luto nacional nesta segunda-feira (14).<\/p>\n<p>Llosa foi vencedor do pr\u00eamio Nobel de Literatura em 2010 e, al\u00e9m de conhecido por sua obra, tamb\u00e9m ganhou notoriedade como pol\u00edtico declaradamente de direita. Nos \u00faltimos anos, tamb\u00e9m demonstrou apre\u00e7o por figuras da extrema direita, como o ex-presidente brasileiro, Jair Bolsonaro.<\/p>\n<p>Nascido em 28 de mar\u00e7o de 1936, em Arequipa, em 1959 foi para Paris, onde se casou com Julia Urquidi, sua tia \u2014 neste mesmo ano, publicou \u201cOs Chefes\u201d, seu primeiro livro.<\/p>\n<p>Mais tarde, se casou com sua prima-irm\u00e3 e sobrinha de sua ex-esposa, Patricia Llosa, com quem teve tr\u00eas filhos e ficou por 50 anos. Em 2015, come\u00e7ou uma nova rela\u00e7\u00e3o com Isabel Preysler, ex-mulher do cantor Julio Iglesias.<\/p>\n<p><strong>Leia tamb\u00e9m:<\/strong> <a href=\"https:\/\/vermelho.org.br\/coluna\/vargas-llosa-e-a-falsa-dialetica-de-bom-escritor-mas-cidadao-de-direita\/\">Vargas Llosa e a falsa dial\u00e9tica de bom escritor, mas cidad\u00e3o de direita<\/a><\/p>\n<p>Ganhou destaque no mundo liter\u00e1rio em meio ao chamado \u201cboom latino-americano\u201d, dos anos 1960 e 1970, quando v\u00e1rias escritores, que passaram a figurar entre os mais consagrados da literatura mundial, apareceram para o grande p\u00fablico com um estilo pr\u00f3prio da cultura da regi\u00e3o \u2014 entre eles J\u00falio Cort\u00e1zar, Gabriel Garcia Marquez e Juan Rulfo.<\/p>\n<p>Dentre seus livros est\u00e3o, ainda, \u201cConversa no Catedral\u201d, \u201cA Cidade e os Cachorros\u201d. Um deles, \u201cPantale\u00e3o e as Visitadoras\u201d, virou filme em 2000, dirigido pelo tamb\u00e9m peruano Francisco Lombardi. Em 2010, recebeu o Nobel por sua obra, entre outros pr\u00eamios angariados ao longo de sua carreira.<\/p>\n<p>Embora tenha iniciado sua vida pol\u00edtica flertando com a esquerda, logo fez a convers\u00e3o \u00e0 direita. Em 1990, quando j\u00e1 se colocava neste espectro pol\u00edtico, foi candidato a presidente do Peru e perdeu para algu\u00e9m ainda mais \u00e0 direita, Alberto Fujimori, que embora eleito, acabou se tornando um ditador.<\/p>\n<p>Em 2021, Vargas Llosa declarou voto na filha de Fujimori, Keiko, de extrema direita \u2014 a elei\u00e7\u00e3o foi ent\u00e3o vencida por Pedro Castilho, de esquerda. No mesmo ano, apoiou Jos\u00e9 Antonio Kast, no Chile, que foi vencido por Gabriel Boric.<\/p>\n<p>Outra aposta perdedora foi feita em 2019, quando se posicionou a favor de Maur\u00edcio Macri contra Alberto Fernandez, que saiu vitorioso do pleito argentino. E, em 2022, viu seu favorito, Jair Bolsonaro, perder para Lula.<\/p>\n<p>H\u00e1 poucos anos, em meio ao movimento Me Too \u2014 que passou a denunciar abusos sofridos por mulheres nos EUA \u2014 declarou que \u201choje, o feminismo \u00e9 o maior inimigo da literatura\u201d.<\/p>\n<p>Apesar de n\u00e3o ter sido divulgada a causa da morte, sabe-se que o escritor teve sua sa\u00fade enfraquecida nos \u00faltimos anos, especialmente depois de contrair Covid-19 por duas vezes, em 2022 e 23, quando viva em Madrid. J\u00e1 debilitado, voltou ao seu pa\u00eds em 2024.<\/p>\n<p>Com ag\u00eancias<\/p>\n<p>O post <a href=\"https:\/\/vermelho.org.br\/2025\/04\/14\/morre-vargas-llosa-nobel-de-literatura-e-defensor-da-extrema-direita\/\">Morre Vargas Llosa, Nobel de Literatura e defensor da extrema direita<\/a> apareceu primeiro em <a href=\"https:\/\/vermelho.org.br\/\">Vermelho<\/a>.<\/p>\n<!-- Begin Yuzo --><div class='yuzo_related_post style-1'  data-version='5.12.89'><!-- without result --><div class='yuzo_clearfixed yuzo__title yuzo__title'><h3>Related Post<\/h3><\/div>\n\t\t\t\t\t\t  <div class=\"relatedthumb \" style=\"width:125px;float:left;overflow:hidden;\">  \n\t\t\t\t\t\t\t  \n\t\t\t\t\t\t\t  <a  href=\"https:\/\/redept.com.br\/blogosfera\/bndes-suspende-verba-de-obra-no-mt-com-maior-resgate-de-escravizados-do-ano\/\"  >\n\t\t\t\t\t\t\t\t\t  <div class=\"yuzo-img-wrap \" style=\"width: 125px;height:90px;\">\n\t\t\t\t\t\t\t\t\t\t\n\t\t\t\t\t\t\t\t\t\t<div class=\"yuzo-img\" style=\"background:url('https:\/\/redept.com.br\/blogosfera\/wp-content\/uploads\/2025\/08\/alojamento-3tentos-mpt-150x150.jpeg') 50% 50% no-repeat;width: 125px;height:90px;margin-bottom: 5px;background-size: cover; \"><\/div>\n\t\t\t\t\t\t\t\t\t  <\/div>\n\t\t\t\t\t\t\t\t\t  \n\t\t\t\t\t\t\t\t   <span class=\"yuzo__text--title\" style=\"font-size:13px;\">BNDES suspende verba de obra no MT com maior resga...<\/span>\n\t\t\t\t\t\t\t  \n\t\t\t\t\t\t\t  \n\t\t\t\t\t\t\t  <\/a>\n\n\t\t\t\t\t\t  <\/div>\n\t\t\t\t\t\t  <div class=\"relatedthumb \" style=\"width:125px;float:left;overflow:hidden;\">  \n\t\t\t\t\t\t\t  \n\t\t\t\t\t\t\t  <a  href=\"https:\/\/redept.com.br\/blogosfera\/o-declinio-da-estrategia-imperialista-contra-o-ira\/\"  >\n\t\t\t\t\t\t\t\t\t  <div class=\"yuzo-img-wrap \" style=\"width: 125px;height:90px;\">\n\t\t\t\t\t\t\t\t\t\t\n\t\t\t\t\t\t\t\t\t\t<div class=\"yuzo-img\" style=\"background:url('https:\/\/redept.com.br\/blogosfera\/wp-content\/uploads\/2026\/01\/ira-1-150x150.webp') 50% 50% no-repeat;width: 125px;height:90px;margin-bottom: 5px;background-size: cover; \"><\/div>\n\t\t\t\t\t\t\t\t\t  <\/div>\n\t\t\t\t\t\t\t\t\t  \n\t\t\t\t\t\t\t\t   <span class=\"yuzo__text--title\" style=\"font-size:13px;\">O decl\u00ednio da estrat\u00e9gia imperialista contra o Ir\u00e3...<\/span>\n\t\t\t\t\t\t\t  \n\t\t\t\t\t\t\t  \n\t\t\t\t\t\t\t  <\/a>\n\n\t\t\t\t\t\t  <\/div>\n\t\t\t\t\t\t  <div class=\"relatedthumb \" style=\"width:125px;float:left;overflow:hidden;\">  \n\t\t\t\t\t\t\t  \n\t\t\t\t\t\t\t  <a  href=\"https:\/\/redept.com.br\/blogosfera\/da-roca-do-patrao-a-terra-conquistada-a-vida-de-ze-jorge-no-assentamento-chico-mendes\/\"  >\n\t\t\t\t\t\t\t\t\t  <div class=\"yuzo-img-wrap \" style=\"width: 125px;height:90px;\">\n\t\t\t\t\t\t\t\t\t\t\n\t\t\t\t\t\t\t\t\t\t<div class=\"yuzo-img\" style=\"background:url('https:\/\/redept.com.br\/blogosfera\/wp-content\/uploads\/2025\/06\/WhatsApp-Image-2025-06-25-at-150448-2-150x150.jpeg') 50% 50% no-repeat;width: 125px;height:90px;margin-bottom: 5px;background-size: cover; \"><\/div>\n\t\t\t\t\t\t\t\t\t  <\/div>\n\t\t\t\t\t\t\t\t\t  \n\t\t\t\t\t\t\t\t   <span class=\"yuzo__text--title\" style=\"font-size:13px;\">Da ro\u00e7a do patr\u00e3o \u00e0 terra conquistada: a vida de Z...<\/span>\n\t\t\t\t\t\t\t  \n\t\t\t\t\t\t\t  \n\t\t\t\t\t\t\t  <\/a>\n\n\t\t\t\t\t\t  <\/div>\n\t\t\t\t\t\t  <div class=\"relatedthumb \" style=\"width:125px;float:left;overflow:hidden;\">  \n\t\t\t\t\t\t\t  \n\t\t\t\t\t\t\t  <a  href=\"https:\/\/redept.com.br\/blogosfera\/diocese-de-osorio-vai-receber-a-49a-romaria-da-terra-do-rio-grande-do-sul\/\"  >\n\t\t\t\t\t\t\t\t\t  <div class=\"yuzo-img-wrap \" style=\"width: 125px;height:90px;\">\n\t\t\t\t\t\t\t\t\t\t\n\t\t\t\t\t\t\t\t\t\t<div class=\"yuzo-img\" style=\"background:url('https:\/\/redept.org\/blogosfera\/wp-content\/plugins\/yuzo-related-post\/assets\/images\/default.png') 50% 50% no-repeat;width: 125px;height:90px;margin-bottom: 5px;background-size: cover; \"><\/div>\n\t\t\t\t\t\t\t\t\t  <\/div>\n\t\t\t\t\t\t\t\t\t  \n\t\t\t\t\t\t\t\t   <span class=\"yuzo__text--title\" style=\"font-size:13px;\">Diocese de Os\u00f3rio vai receber a 49\u00aa Romaria da Ter...<\/span>\n\t\t\t\t\t\t\t  \n\t\t\t\t\t\t\t  \n\t\t\t\t\t\t\t  <\/a>\n\n\t\t\t\t\t\t  <\/div>\n<\/div> <script>\n\t\t\t\t\t\t  jQuery(document).ready(function( $ ){\n\t\t\t\t\t\t\t\/\/jQuery('.yuzo_related_post').equalizer({ overflow : 'relatedthumb' });\n\t\t\t\t\t\t\tjQuery('.yuzo_related_post .yuzo_wraps').equalizer({ columns : '> div' });\n\t\t\t\t\t\t   })\n\t\t\t\t\t\t  <\/script> <!-- End Yuzo :) -->","protected":false},"excerpt":{"rendered":"<p>O escritor Mario Vargas Llosa morreu neste domingo (13), aos 89 anos, na capital de seu pa\u00eds, Lima, no Peru. A causa da morte n\u00e3o foi informada pela fam\u00edlia. A presidente do pa\u00eds, Dina Boluarte, decretou luto nacional nesta segunda-feira (14). Llosa foi vencedor do pr\u00eamio Nobel de Literatura em 2010 e, al\u00e9m de conhecido [&hellip;]<\/p>\n","protected":false},"author":2,"featured_media":21989,"comment_status":"closed","ping_status":"closed","sticky":false,"template":"","format":"standard","meta":{"fifu_image_url":"","fifu_image_alt":"","footnotes":""},"categories":[423,50,8,132,5062],"tags":[],"class_list":["post-21988","post","type-post","status-publish","format-standard","has-post-thumbnail","hentry","category-extrema-direita","category-internacional","category-literatura","category-politica","category-vargas-llosa"],"_links":{"self":[{"href":"https:\/\/redept.com.br\/blogosfera\/wp-json\/wp\/v2\/posts\/21988","targetHints":{"allow":["GET"]}}],"collection":[{"href":"https:\/\/redept.com.br\/blogosfera\/wp-json\/wp\/v2\/posts"}],"about":[{"href":"https:\/\/redept.com.br\/blogosfera\/wp-json\/wp\/v2\/types\/post"}],"author":[{"embeddable":true,"href":"https:\/\/redept.com.br\/blogosfera\/wp-json\/wp\/v2\/users\/2"}],"replies":[{"embeddable":true,"href":"https:\/\/redept.com.br\/blogosfera\/wp-json\/wp\/v2\/comments?post=21988"}],"version-history":[{"count":0,"href":"https:\/\/redept.com.br\/blogosfera\/wp-json\/wp\/v2\/posts\/21988\/revisions"}],"wp:featuredmedia":[{"embeddable":true,"href":"https:\/\/redept.com.br\/blogosfera\/wp-json\/wp\/v2\/media\/21989"}],"wp:attachment":[{"href":"https:\/\/redept.com.br\/blogosfera\/wp-json\/wp\/v2\/media?parent=21988"}],"wp:term":[{"taxonomy":"category","embeddable":true,"href":"https:\/\/redept.com.br\/blogosfera\/wp-json\/wp\/v2\/categories?post=21988"},{"taxonomy":"post_tag","embeddable":true,"href":"https:\/\/redept.com.br\/blogosfera\/wp-json\/wp\/v2\/tags?post=21988"}],"curies":[{"name":"wp","href":"https:\/\/api.w.org\/{rel}","templated":true}]}}