{"id":22075,"date":"2025-04-14T17:31:39","date_gmt":"2025-04-14T20:31:39","guid":{"rendered":"https:\/\/redept.org\/blogosfera\/reintegracao-de-posse-da-ocupacao-ines-etienne-romeu-e-decisao-equivocada\/"},"modified":"2025-04-14T17:31:39","modified_gmt":"2025-04-14T20:31:39","slug":"reintegracao-de-posse-da-ocupacao-ines-etienne-romeu-e-decisao-equivocada","status":"publish","type":"post","link":"https:\/\/redept.com.br\/blogosfera\/reintegracao-de-posse-da-ocupacao-ines-etienne-romeu-e-decisao-equivocada\/","title":{"rendered":"Reintegra\u00e7\u00e3o de posse da Ocupa\u00e7\u00e3o In\u00eas Etienne Romeu \u00e9 decis\u00e3o equivocada"},"content":{"rendered":"<p><img fetchpriority=\"high\" width=\"1170\" height=\"831\"src=\"https:\/\/redept.org\/blogosfera\/wp-content\/uploads\/2025\/04\/5184078049883303417.jpg\" alt=\"Ocupa\u00e7\u00e3o In\u00eas Etienne Romeu promove eventos essenciais para a vida das mulheres em Cabo Frio (RJ). Foto: JAV\/RJ\" link_thumbnail=\"\" decoding=\"async\" srcset=\"https:\/\/redept.org\/blogosfera\/wp-content\/uploads\/2025\/04\/5184078049883303417.jpg 1170w, https:\/\/averdade.org.br\/wp-content\/uploads\/2025\/04\/5184078049883303417-350x249.jpg 350w, https:\/\/averdade.org.br\/wp-content\/uploads\/2025\/04\/5184078049883303417-1024x727.jpg 1024w, https:\/\/averdade.org.br\/wp-content\/uploads\/2025\/04\/5184078049883303417-250x178.jpg 250w, https:\/\/averdade.org.br\/wp-content\/uploads\/2025\/04\/5184078049883303417-768x545.jpg 768w, https:\/\/averdade.org.br\/wp-content\/uploads\/2025\/04\/5184078049883303417-150x107.jpg 150w, https:\/\/averdade.org.br\/wp-content\/uploads\/2025\/04\/5184078049883303417-300x213.jpg 300w, https:\/\/averdade.org.br\/wp-content\/uploads\/2025\/04\/5184078049883303417-696x494.jpg 696w, https:\/\/averdade.org.br\/wp-content\/uploads\/2025\/04\/5184078049883303417-1068x759.jpg 1068w\" sizes=\"(max-width: 1170px) 100vw, 1170px\"><\/p>\n<p><strong>\u201cA decis\u00e3o de reintegra\u00e7\u00e3o de posse contra a Ocupa\u00e7\u00e3o de Mulheres In\u00eas Etienne Romeu, em Cabo Frio (RJ), n\u00e3o apenas representa uma viola\u00e7\u00e3o dos direitos humanos como tamb\u00e9m exp\u00f5e a insensibilidade e o autoritarismo do prefeito, que se recusa a ouvir as mulheres.\u201d<\/strong><\/p>\n<p><strong>Chantal Campello | Cabo Frio (RJ)<\/strong><\/p>\n<hr>\n<p>A decis\u00e3o de reintegra\u00e7\u00e3o de posse contra a Ocupa\u00e7\u00e3o de Mulheres In\u00eas Etienne Romeu em Cabo Frio (RJ), recentemente solicitada pela Prefeitura e concedida pela Justi\u00e7a, n\u00e3o apenas representa uma viola\u00e7\u00e3o dos direitos humanos. Exp\u00f5e tamb\u00e9m a insensibilidade e o autoritarismo do prefeito, que se recusa a ouvir as mulheres que, h\u00e1 meses, buscam nesse espa\u00e7o a dignidade e a seguran\u00e7a que o Estado, atrav\u00e9s das pol\u00edticas p\u00fablicas, deveria garantir. Em vez de promover o di\u00e1logo, a solu\u00e7\u00e3o encontrada foi a repress\u00e3o, uma escolha equivocada e cruel diante de um problema que se arrasta h\u00e1 d\u00e9cadas.<\/p>\n<p>Brasil afora, as ocupa\u00e7\u00f5es realizadas pelo Movimento de Mulheres Olga Benario desempenham um papel fundamental na luta contra a viol\u00eancia de g\u00eanero e na promo\u00e7\u00e3o de pol\u00edticas p\u00fablicas eficazes para as mulheres. Essas iniciativas transformam im\u00f3veis abandonados em espa\u00e7os de acolhimento e apoio, oferecendo atendimento psicol\u00f3gico, jur\u00eddico e social a mulheres em situa\u00e7\u00e3o de vulnerabilidade. \u200b<\/p>\n<p>Al\u00e9m de fornecer suporte direto, as ocupa\u00e7\u00f5es servem como centros de organiza\u00e7\u00e3o popular, onde s\u00e3o promovidas atividades culturais, cursos de forma\u00e7\u00e3o e debates sobre os direitos das mulheres. Essas a\u00e7\u00f5es n\u00e3o apenas conscientizam, mas tamb\u00e9m mobilizam a comunidade para enfrentar as desigualdades de g\u00eanero. \u200b<\/p>\n<p>Em suma, as ocupa\u00e7\u00f5es do Movimento de Mulheres Olga Benario exemplificam uma estrat\u00e9gia eficaz de resist\u00eancia e constru\u00e7\u00e3o do poder popular.<\/p>\n<h4><strong>A luta das mulheres na Regi\u00e3o dos Lagos<\/strong><\/h4>\n<p>Os \u00edndices de viol\u00eancia na Regi\u00e3o dos Lagos s\u00e3o alarmantes e refletem um cen\u00e1rio de desamparo para muitas mulheres. Segundo dados do F\u00f3rum Brasileiro de Seguran\u00e7a P\u00fablica, o Rio de Janeiro apresenta uma m\u00e9dia de 5,2 feminic\u00eddios por m\u00eas, e a regi\u00e3o n\u00e3o est\u00e1 imune a esse cen\u00e1rio. Em Cabo Frio, os \u00edndices de viol\u00eancia contra mulheres s\u00e3o especialmente altos, com den\u00fancias de agress\u00f5es f\u00edsicas e psicol\u00f3gicas registradas em n\u00famero crescente. A falta de pol\u00edticas p\u00fablicas efetivas para enfrentar essa viol\u00eancia s\u00f3 aumenta o ciclo de medo e vulnerabilidade.<\/p>\n<p>Por isso, <a href=\"https:\/\/www.instagram.com\/ocupa.inesetienneromeu\/\">localizada no cidade de Cabo Frio<\/a>, a Ocupa\u00e7\u00e3o In\u00eas Etienne Romeu denuncia a situa\u00e7\u00e3o grave que vivem as mulheres na Regi\u00e3o dos Lagos.<\/p>\n<p>\u201cEsse espa\u00e7o tem sido um ref\u00fagio para n\u00f3s. Aqui, encontramos for\u00e7a, apoio e uma perspectiva de vida. Muitas de n\u00f3s fomos v\u00edtimas de viol\u00eancia, e n\u00e3o apenas viol\u00eancia f\u00edsica, mas viol\u00eancia psicol\u00f3gica, onde a sociedade e o pr\u00f3prio Estado viraram as costas. Aqui, n\u00e3o somos s\u00f3 um n\u00famero. Somos mulheres com voz e com hist\u00f3ria. E \u00e9 isso que o prefeito e quem decide por essa reintegra\u00e7\u00e3o de posse n\u00e3o v\u00ea. N\u00e3o estamos invadindo, estamos buscando um futuro. Esse espa\u00e7o \u00e9 de acolhimento, de luta e de constru\u00e7\u00e3o de uma nova realidade\u201d, afirma Dona Concei\u00e7\u00e3o, de 73 anos, acolhida da casa do Movimento de Mulheres Olga Benario.<\/p>\n<p>A cidade sofre com uma escassez de servi\u00e7os essenciais de acolhimento e suporte \u00e0 mulher, como casas-abrigo e centros de atendimento psicol\u00f3gico e jur\u00eddico. A aus\u00eancia de programas habitacionais e a falta de uma abordagem integrada no enfrentamento da viol\u00eancia s\u00f3 agravam a situa\u00e7\u00e3o. Por\u00e9m, em vez de agir em conformidade com as necessidades das mulheres, a administra\u00e7\u00e3o municipal opta pela repress\u00e3o.<\/p>\n<h4><strong>A organiza\u00e7\u00e3o das mulheres como caminho para a liberta\u00e7\u00e3o<\/strong><\/h4>\n<p>A luta das mulheres da Ocupa\u00e7\u00e3o In\u00eas Etienne Romeu \u00e9 uma demonstra\u00e7\u00e3o clara de que somente por meio da organiza\u00e7\u00e3o popular e da constru\u00e7\u00e3o coletiva de um novo modelo de sociedade \u00e9 que ser\u00e1 poss\u00edvel combater a viol\u00eancia e garantir direitos b\u00e1sicos para todas as mulheres. O movimento das mulheres vai muito al\u00e9m da resist\u00eancia contra a repress\u00e3o e a opress\u00e3o. \u00c9 uma for\u00e7a transformadora, que exige n\u00e3o s\u00f3 moradia, mas justi\u00e7a, igualdade e a cria\u00e7\u00e3o de um Estado que respeite as especificidades e as necessidades de sua popula\u00e7\u00e3o mais vulner\u00e1vel.<\/p>\n<p>Somente a organiza\u00e7\u00e3o das mulheres, sua uni\u00e3o e sua luta incessante por uma sociedade mais justa, sem viol\u00eancia e com respeito \u00e0 dignidade humana, poder\u00e1 derrubar as estruturas que perpetuam a desigualdade. O poder p\u00fablico, ao se omitir e adotar posturas autorit\u00e1rias como a reintegra\u00e7\u00e3o de posse, n\u00e3o faz mais do que aprofundar o ciclo de opress\u00e3o que essas mulheres enfrentam diariamente.<\/p>\n<p>Reintegrar a posse da casa e propor a demoli\u00e7\u00e3o da Ocupa\u00e7\u00e3o In\u00eas Etienne Romeu, sem oferecer alternativas vi\u00e1veis para a continuidade do trabalho e sem garantir pol\u00edticas p\u00fablicas efetivas para as mulheres e sem escutar suas vozes, \u00e9 uma decis\u00e3o pol\u00edtica equivocada. Ao contr\u00e1rio, \u00e9 urgente que o munic\u00edpio de Cabo Frio, assim como todo o Brasil, invista em pol\u00edticas p\u00fablicas que garantam a seguran\u00e7a e respeito \u00e0s mulheres, especialmente aquelas em situa\u00e7\u00e3o de vulnerabilidade.<\/p>\n<p>Al\u00e9m disso, a coordenadora da ocupa\u00e7\u00e3o, P\u00e9tala Cormman, enfatiza a import\u00e2ncia desse espa\u00e7o n\u00e3o apenas como um abrigo, mas como um s\u00edmbolo de poder popular.<\/p>\n<p>\u201cConstruir esse espa\u00e7o \u00e9 construir um verdadeiro poder popular. Este \u00e9 um espa\u00e7o de mulheres que se levantam, que n\u00e3o aceitam a viol\u00eancia e a marginaliza\u00e7\u00e3o, mas que tamb\u00e9m sabem que a luta n\u00e3o termina dentro dos muros da nossa casa. Queremos ampliar esse poder, queremos que nossa voz ecoe para al\u00e9m desse espa\u00e7o. O que buscamos \u00e9 uma mudan\u00e7a social verdadeira, onde mulheres, especialmente as mais vulner\u00e1veis, possam ser respeitadas e garantir seus direitos em todas as esferas da sociedade.\u201d<\/p>\n<p>Diante das amea\u00e7as constantes de despejo e da criminaliza\u00e7\u00e3o da nossa ocupa\u00e7\u00e3o, o Movimento de Mulheres Olga Benario reafirma sua decis\u00e3o de <a href=\"https:\/\/averdade.org.br\/2024\/06\/casa-de-referencia-ines-etienne-romeu-resiste-a-ataques-fascistas-em-cabo-frio-rj\/\">n\u00e3o aceit\u00e1-las passivamente<\/a>. A luta das mulheres por dignidade e uma vida sem viol\u00eancia continua firme, baseada na organiza\u00e7\u00e3o coletiva e na solidariedade. A resist\u00eancia \u00e9 uma escolha pol\u00edtica, e ocupar \u00e9 uma forma leg\u00edtima de exigir direitos negados historicamente \u00e0 classe trabalhadora e \u00e0s mulheres pobres.<\/p>\n<!-- Begin Yuzo --><div class='yuzo_related_post style-1'  data-version='5.12.89'><!-- without result --><div class='yuzo_clearfixed yuzo__title yuzo__title'><h3>Related Post<\/h3><\/div>\n\t\t\t\t\t\t  <div class=\"relatedthumb \" style=\"width:125px;float:left;overflow:hidden;\">  \n\t\t\t\t\t\t\t  \n\t\t\t\t\t\t\t  <a  href=\"https:\/\/redept.com.br\/blogosfera\/em-dia-de-saude-estavel-papa-francisco-retoma-agenda-e-liga-para-igreja-em-gaza\/\"  >\n\t\t\t\t\t\t\t\t\t  <div class=\"yuzo-img-wrap \" style=\"width: 125px;height:90px;\">\n\t\t\t\t\t\t\t\t\t\t\n\t\t\t\t\t\t\t\t\t\t<div class=\"yuzo-img\" style=\"background:url('https:\/\/redept.com.br\/blogosfera\/wp-content\/uploads\/2025\/03\/papa-1-150x150.jpg') 50% 50% no-repeat;width: 125px;height:90px;margin-bottom: 5px;background-size: cover; \"><\/div>\n\t\t\t\t\t\t\t\t\t  <\/div>\n\t\t\t\t\t\t\t\t\t  \n\t\t\t\t\t\t\t\t   <span class=\"yuzo__text--title\" style=\"font-size:13px;\">Em dia de sa\u00fade est\u00e1vel, papa Francisco retoma age...<\/span>\n\t\t\t\t\t\t\t  \n\t\t\t\t\t\t\t  \n\t\t\t\t\t\t\t  <\/a>\n\n\t\t\t\t\t\t  <\/div>\n\t\t\t\t\t\t  <div class=\"relatedthumb \" style=\"width:125px;float:left;overflow:hidden;\">  \n\t\t\t\t\t\t\t  \n\t\t\t\t\t\t\t  <a  href=\"https:\/\/redept.com.br\/blogosfera\/simbolo-da-resistencia-estudantil-contra-ditadura-edson-luis-pode-entrar-para-livro-de-herois-no-rio\/\"  >\n\t\t\t\t\t\t\t\t\t  <div class=\"yuzo-img-wrap \" style=\"width: 125px;height:90px;\">\n\t\t\t\t\t\t\t\t\t\t\n\t\t\t\t\t\t\t\t\t\t<div class=\"yuzo-img\" style=\"background:url('https:\/\/redept.org\/blogosfera\/wp-content\/plugins\/yuzo-related-post\/assets\/images\/default.png') 50% 50% no-repeat;width: 125px;height:90px;margin-bottom: 5px;background-size: cover; \"><\/div>\n\t\t\t\t\t\t\t\t\t  <\/div>\n\t\t\t\t\t\t\t\t\t  \n\t\t\t\t\t\t\t\t   <span class=\"yuzo__text--title\" style=\"font-size:13px;\">S\u00edmbolo da resist\u00eancia estudantil contra ditadura,...<\/span>\n\t\t\t\t\t\t\t  \n\t\t\t\t\t\t\t  \n\t\t\t\t\t\t\t  <\/a>\n\n\t\t\t\t\t\t  <\/div>\n\t\t\t\t\t\t  <div class=\"relatedthumb \" style=\"width:125px;float:left;overflow:hidden;\">  \n\t\t\t\t\t\t\t  \n\t\t\t\t\t\t\t  <a  href=\"https:\/\/redept.com.br\/blogosfera\/governo-lula-garante-pagamento-de-descontos-indevidos-aos-aposentados-destacam-senadores\/\"  >\n\t\t\t\t\t\t\t\t\t  <div class=\"yuzo-img-wrap \" style=\"width: 125px;height:90px;\">\n\t\t\t\t\t\t\t\t\t\t\n\t\t\t\t\t\t\t\t\t\t<div class=\"yuzo-img\" style=\"background:url('https:\/\/redept.org\/blogosfera\/wp-content\/plugins\/yuzo-related-post\/assets\/images\/default.png') 50% 50% no-repeat;width: 125px;height:90px;margin-bottom: 5px;background-size: cover; \"><\/div>\n\t\t\t\t\t\t\t\t\t  <\/div>\n\t\t\t\t\t\t\t\t\t  \n\t\t\t\t\t\t\t\t   <span class=\"yuzo__text--title\" style=\"font-size:13px;\">Governo Lula garante pagamento de descontos indevi...<\/span>\n\t\t\t\t\t\t\t  \n\t\t\t\t\t\t\t  \n\t\t\t\t\t\t\t  <\/a>\n\n\t\t\t\t\t\t  <\/div>\n\t\t\t\t\t\t  <div class=\"relatedthumb \" style=\"width:125px;float:left;overflow:hidden;\">  \n\t\t\t\t\t\t\t  \n\t\t\t\t\t\t\t  <a  href=\"https:\/\/redept.com.br\/blogosfera\/maioria-atribui-culpa-a-bolsonaro-em-denuncia-de-golpe-aponta-pesquisa\/\"  >\n\t\t\t\t\t\t\t\t\t  <div class=\"yuzo-img-wrap \" style=\"width: 125px;height:90px;\">\n\t\t\t\t\t\t\t\t\t\t\n\t\t\t\t\t\t\t\t\t\t<div class=\"yuzo-img\" style=\"background:url('https:\/\/redept.com.br\/blogosfera\/wp-content\/uploads\/2025\/02\/Bolsonaro-culpado-150x150.png') 50% 50% no-repeat;width: 125px;height:90px;margin-bottom: 5px;background-size: cover; \"><\/div>\n\t\t\t\t\t\t\t\t\t  <\/div>\n\t\t\t\t\t\t\t\t\t  \n\t\t\t\t\t\t\t\t   <span class=\"yuzo__text--title\" style=\"font-size:13px;\">Maioria atribui culpa a Bolsonaro em den\u00fancia de g...<\/span>\n\t\t\t\t\t\t\t  \n\t\t\t\t\t\t\t  \n\t\t\t\t\t\t\t  <\/a>\n\n\t\t\t\t\t\t  <\/div>\n<\/div> <script>\n\t\t\t\t\t\t  jQuery(document).ready(function( $ ){\n\t\t\t\t\t\t\t\/\/jQuery('.yuzo_related_post').equalizer({ overflow : 'relatedthumb' });\n\t\t\t\t\t\t\tjQuery('.yuzo_related_post .yuzo_wraps').equalizer({ columns : '> div' });\n\t\t\t\t\t\t   })\n\t\t\t\t\t\t  <\/script> <!-- End Yuzo :) -->","protected":false},"excerpt":{"rendered":"<p>\u201cA decis\u00e3o de reintegra\u00e7\u00e3o de posse contra a Ocupa\u00e7\u00e3o de Mulheres In\u00eas Etienne Romeu, em Cabo Frio (RJ), n\u00e3o apenas representa uma viola\u00e7\u00e3o dos direitos humanos como tamb\u00e9m exp\u00f5e a insensibilidade e o autoritarismo do prefeito, que se recusa a ouvir as mulheres.\u201d Chantal Campello | Cabo Frio (RJ) A decis\u00e3o de reintegra\u00e7\u00e3o de posse [&hellip;]<\/p>\n","protected":false},"author":2,"featured_media":22076,"comment_status":"open","ping_status":"closed","sticky":false,"template":"","format":"standard","meta":{"fifu_image_url":"","fifu_image_alt":"","footnotes":""},"categories":[2234,369,82,5079,5080,49,51],"tags":[],"class_list":["post-22075","post","type-post","status-publish","format-standard","has-post-thumbnail","hentry","category-cabo-frio","category-movimento-de-mulheres-olga-benario","category-mulheres","category-ocupacao-ines-etienne-romeu","category-reintegracao-de-posse","category-rio-de-janeiro","category-ultimas-noticias"],"_links":{"self":[{"href":"https:\/\/redept.com.br\/blogosfera\/wp-json\/wp\/v2\/posts\/22075","targetHints":{"allow":["GET"]}}],"collection":[{"href":"https:\/\/redept.com.br\/blogosfera\/wp-json\/wp\/v2\/posts"}],"about":[{"href":"https:\/\/redept.com.br\/blogosfera\/wp-json\/wp\/v2\/types\/post"}],"author":[{"embeddable":true,"href":"https:\/\/redept.com.br\/blogosfera\/wp-json\/wp\/v2\/users\/2"}],"replies":[{"embeddable":true,"href":"https:\/\/redept.com.br\/blogosfera\/wp-json\/wp\/v2\/comments?post=22075"}],"version-history":[{"count":0,"href":"https:\/\/redept.com.br\/blogosfera\/wp-json\/wp\/v2\/posts\/22075\/revisions"}],"wp:featuredmedia":[{"embeddable":true,"href":"https:\/\/redept.com.br\/blogosfera\/wp-json\/wp\/v2\/media\/22076"}],"wp:attachment":[{"href":"https:\/\/redept.com.br\/blogosfera\/wp-json\/wp\/v2\/media?parent=22075"}],"wp:term":[{"taxonomy":"category","embeddable":true,"href":"https:\/\/redept.com.br\/blogosfera\/wp-json\/wp\/v2\/categories?post=22075"},{"taxonomy":"post_tag","embeddable":true,"href":"https:\/\/redept.com.br\/blogosfera\/wp-json\/wp\/v2\/tags?post=22075"}],"curies":[{"name":"wp","href":"https:\/\/api.w.org\/{rel}","templated":true}]}}