{"id":22226,"date":"2025-04-15T11:24:02","date_gmt":"2025-04-15T14:24:02","guid":{"rendered":"https:\/\/redept.org\/blogosfera\/brasil-registra-abertura-de-14-milhao-de-pequenos-negocios-no-primeiro-trimestre-do-ano\/"},"modified":"2025-04-15T11:24:02","modified_gmt":"2025-04-15T14:24:02","slug":"brasil-registra-abertura-de-14-milhao-de-pequenos-negocios-no-primeiro-trimestre-do-ano","status":"publish","type":"post","link":"https:\/\/redept.com.br\/blogosfera\/brasil-registra-abertura-de-14-milhao-de-pequenos-negocios-no-primeiro-trimestre-do-ano\/","title":{"rendered":"Brasil registra abertura de 1,4 milh\u00e3o de pequenos neg\u00f3cios no primeiro trimestre do ano"},"content":{"rendered":"<p>A alta na abertura de pequenos neg\u00f3cios marcou os tr\u00eas primeiros meses de 2025 no Brasil, segundo um levantamento do Servi\u00e7o Brasileiro de Apoio \u00e0s Micro e Pequenas Empresas (Sebrae). O trimestre somou 1.407.010 de novos CNPJs, sendo que 78% destes s\u00e3o microempreendedores individuais (MEIs). Saiba mais em <a href=\"https:\/\/tvtnews.com.br\/\" target=\"_blank\" rel=\"noreferrer noopener\">TVT News<\/a>.<\/p>\n<p>Em compara\u00e7\u00e3o com 2024, houve um crescimento de 35% na abertura de MEIs e de 28% no registro de novas pequenas e micro empresas. As regi\u00f5es Sudeste, Sul e Nordeste t\u00eam a maior abertura acumulada de pequenos neg\u00f3cios: S\u00e3o Paulo (28,6%), Minas Gerais (10,9%) e Rio de Janeiro (7,8%) est\u00e3o nas primeiras posi\u00e7\u00f5es. <\/p>\n<figure>\n<div>\n<blockquote data-secret=\"bV7PoK0gqP\"><p><a href=\"https:\/\/tvtnews.com.br\/declaracao-mei-deve-ser-entregue-ate-dia-31-de-maio\/\">Declara\u00e7\u00e3o de faturamento anual do MEI deve ser entregue at\u00e9 dia 31 de maio; Veja como fazer<\/a><\/p><\/blockquote>\n<\/div>\n<\/figure>\n<p>Entre os setores, se destaca o de Servi\u00e7os, que representa 63,7% das novas aberturas. Em seguida, Com\u00e9rcio, que representa 20,8% do total, e Ind\u00fastria da Transforma\u00e7\u00e3o (7,6%).<\/p>\n<\/p>\n<h2>Neg\u00f3cios com maior n\u00famero de registros no primeiro trismestre<\/h2>\n<\/p>\n<ul>\n<li>Transporte rodovi\u00e1rio de carga (20.526);<\/li>\n<li>Atividades de malote e entrega (20.093);<\/li>\n<li>Cabeleireiros e beleza (18.278);<\/li>\n<li>Atividades de publicidade (18.139);<\/li>\n<li>Atividades de ensino (15.937).<\/li>\n<\/ul>\n<h2>Pol\u00edtica Nacional de Desenvolvimento das Micro e Pequenas Empresas<\/h2>\n<\/p>\n<p>Lan\u00e7ada h\u00e1 um ano, a pol\u00edtica garantiu o aumento expressivo de aberturas no primeiro trimestre do ano. Dentre as nove diretrizes para promover o empreendedorismo, est\u00e3o incentivar iniciativas destinadas a superar a informalidade e a semiformalidade e implementar pol\u00edticas p\u00fablicas em favor dos microempreendedores individuais.<\/p>\n<figure>\n<div>\n<blockquote data-secret=\"2wBvqXY0Z7\"><p><a href=\"https:\/\/tvtnews.com.br\/impostos-para-mei-tire-suas-duvidas\/\">Impostos para MEI: tire suas d\u00favidas<\/a><\/p><\/blockquote>\n<\/div>\n<\/figure>\n<p>A Pol\u00edtica Nacional de Desenvolvimento das Micro e Pequenas Empresas garantiu que o Brasil alcan\u00e7asse a sexta posi\u00e7\u00e3o no ranking de pa\u00edses com a maior Taxa de Empreendedores Estabelecidos, ultrapassando Reino Unido, It\u00e1lia e Estados Unidos, em 2024. <\/p>\n<p>Segundo o <a href=\"https:\/\/datasebrae.com.br\/wp-content\/uploads\/2025\/03\/Brasil-RE-2024-2025-VF.pdf\" target=\"_blank\" rel=\"noreferrer noopener nofollow\">Monitor Global de Empreendedorismo (Global Entrepreneurship Monitor \u2013 GEM 2024)<\/a>, a taxa de empreendedorismo atingiu o maior n\u00edvel dos \u00faltimos quatro anos: saltou de 31,6% para 33,4%, no ano passado. O levantamento aponta que h\u00e1 47 milh\u00f5es de pessoas \u00e0 frente de algum neg\u00f3cio, formal ou informal, no pa\u00eds.<\/p>\n<p>The post <a rel=\"nofollow\" href=\"https:\/\/tvtnews.com.br\/brasil-registra-1-4-milhao-novos-pequenos-negocios\/\">Brasil registra abertura de 1,4 milh\u00e3o de pequenos neg\u00f3cios no primeiro trimestre do ano<\/a> appeared first on <a rel=\"nofollow\" href=\"https:\/\/tvtnews.com.br\/\">TVT News<\/a>.<\/p>\n<!-- Begin Yuzo --><div class='yuzo_related_post style-1'  data-version='5.12.89'><!-- without result --><div class='yuzo_clearfixed yuzo__title yuzo__title'><h3>Related Post<\/h3><\/div>\n\t\t\t\t\t\t  <div class=\"relatedthumb \" style=\"width:125px;float:left;overflow:hidden;\">  \n\t\t\t\t\t\t\t  \n\t\t\t\t\t\t\t  <a  href=\"https:\/\/redept.com.br\/blogosfera\/justica-barra-venda-da-serrinha-do-paranoa-e-fixa-multa-de-r-500-milhoes-para-o-gdf\/\"  >\n\t\t\t\t\t\t\t\t\t  <div class=\"yuzo-img-wrap \" style=\"width: 125px;height:90px;\">\n\t\t\t\t\t\t\t\t\t\t\n\t\t\t\t\t\t\t\t\t\t<div class=\"yuzo-img\" style=\"background:url('https:\/\/redept.org\/blogosfera\/wp-content\/plugins\/yuzo-related-post\/assets\/images\/default.png') 50% 50% no-repeat;width: 125px;height:90px;margin-bottom: 5px;background-size: cover; \"><\/div>\n\t\t\t\t\t\t\t\t\t  <\/div>\n\t\t\t\t\t\t\t\t\t  \n\t\t\t\t\t\t\t\t   <span class=\"yuzo__text--title\" style=\"font-size:13px;\">Justi\u00e7a barra venda da Serrinha do Parano\u00e1 e fixa ...<\/span>\n\t\t\t\t\t\t\t  \n\t\t\t\t\t\t\t  \n\t\t\t\t\t\t\t  <\/a>\n\n\t\t\t\t\t\t  <\/div>\n\t\t\t\t\t\t  <div class=\"relatedthumb \" style=\"width:125px;float:left;overflow:hidden;\">  \n\t\t\t\t\t\t\t  \n\t\t\t\t\t\t\t  <a  href=\"https:\/\/redept.com.br\/blogosfera\/conselho-de-seguranca-da-onu-debate-situacao-na-venezuela\/\"  >\n\t\t\t\t\t\t\t\t\t  <div class=\"yuzo-img-wrap \" style=\"width: 125px;height:90px;\">\n\t\t\t\t\t\t\t\t\t\t\n\t\t\t\t\t\t\t\t\t\t<div class=\"yuzo-img\" style=\"background:url('https:\/\/redept.com.br\/blogosfera\/wp-content\/uploads\/2026\/01\/russia-150x150.jpeg') 50% 50% no-repeat;width: 125px;height:90px;margin-bottom: 5px;background-size: cover; \"><\/div>\n\t\t\t\t\t\t\t\t\t  <\/div>\n\t\t\t\t\t\t\t\t\t  \n\t\t\t\t\t\t\t\t   <span class=\"yuzo__text--title\" style=\"font-size:13px;\">Conselho de Seguran\u00e7a da ONU debate situa\u00e7\u00e3o na Ve...<\/span>\n\t\t\t\t\t\t\t  \n\t\t\t\t\t\t\t  \n\t\t\t\t\t\t\t  <\/a>\n\n\t\t\t\t\t\t  <\/div>\n\t\t\t\t\t\t  <div class=\"relatedthumb \" style=\"width:125px;float:left;overflow:hidden;\">  \n\t\t\t\t\t\t\t  \n\t\t\t\t\t\t\t  <a  href=\"https:\/\/redept.com.br\/blogosfera\/fux-declarou-incompetencia-absoluta-do-stf-para-julgar-a-ap-2668-e-agora\/\"  >\n\t\t\t\t\t\t\t\t\t  <div class=\"yuzo-img-wrap \" style=\"width: 125px;height:90px;\">\n\t\t\t\t\t\t\t\t\t\t\n\t\t\t\t\t\t\t\t\t\t<div class=\"yuzo-img\" style=\"background:url('https:\/\/redept.org\/blogosfera\/wp-content\/plugins\/yuzo-related-post\/assets\/images\/default.png') 50% 50% no-repeat;width: 125px;height:90px;margin-bottom: 5px;background-size: cover; \"><\/div>\n\t\t\t\t\t\t\t\t\t  <\/div>\n\t\t\t\t\t\t\t\t\t  \n\t\t\t\t\t\t\t\t   <span class=\"yuzo__text--title\" style=\"font-size:13px;\">Fux declarou \u201cincompet\u00eancia absoluta\u201d do STF para ...<\/span>\n\t\t\t\t\t\t\t  \n\t\t\t\t\t\t\t  \n\t\t\t\t\t\t\t  <\/a>\n\n\t\t\t\t\t\t  <\/div>\n\t\t\t\t\t\t  <div class=\"relatedthumb \" style=\"width:125px;float:left;overflow:hidden;\">  \n\t\t\t\t\t\t\t  \n\t\t\t\t\t\t\t  <a  href=\"https:\/\/redept.com.br\/blogosfera\/fortes-chuvas-causam-deslizamentos-e-transbordamento-de-rios-em-paraty-rj-cidade-esta-em-alerta-severo\/\"  >\n\t\t\t\t\t\t\t\t\t  <div class=\"yuzo-img-wrap \" style=\"width: 125px;height:90px;\">\n\t\t\t\t\t\t\t\t\t\t\n\t\t\t\t\t\t\t\t\t\t<div class=\"yuzo-img\" style=\"background:url('https:\/\/redept.org\/blogosfera\/wp-content\/plugins\/yuzo-related-post\/assets\/images\/default.png') 50% 50% no-repeat;width: 125px;height:90px;margin-bottom: 5px;background-size: cover; \"><\/div>\n\t\t\t\t\t\t\t\t\t  <\/div>\n\t\t\t\t\t\t\t\t\t  \n\t\t\t\t\t\t\t\t   <span class=\"yuzo__text--title\" style=\"font-size:13px;\">Fortes chuvas causam deslizamentos e transbordamen...<\/span>\n\t\t\t\t\t\t\t  \n\t\t\t\t\t\t\t  \n\t\t\t\t\t\t\t  <\/a>\n\n\t\t\t\t\t\t  <\/div>\n<\/div> <script>\n\t\t\t\t\t\t  jQuery(document).ready(function( $ ){\n\t\t\t\t\t\t\t\/\/jQuery('.yuzo_related_post').equalizer({ overflow : 'relatedthumb' });\n\t\t\t\t\t\t\tjQuery('.yuzo_related_post .yuzo_wraps').equalizer({ columns : '> div' });\n\t\t\t\t\t\t   })\n\t\t\t\t\t\t  <\/script> <!-- End Yuzo :) -->","protected":false},"excerpt":{"rendered":"<p>A alta na abertura de pequenos neg\u00f3cios marcou os tr\u00eas primeiros meses de 2025 no Brasil, segundo um levantamento do Servi\u00e7o Brasileiro de Apoio \u00e0s Micro e Pequenas Empresas (Sebrae). O trimestre somou 1.407.010 de novos CNPJs, sendo que 78% destes s\u00e3o microempreendedores individuais (MEIs). Saiba mais em TVT News. Em compara\u00e7\u00e3o com 2024, houve [&hellip;]<\/p>\n","protected":false},"author":2,"featured_media":0,"comment_status":"closed","ping_status":"closed","sticky":false,"template":"","format":"standard","meta":{"fifu_image_url":"","fifu_image_alt":"","footnotes":""},"categories":[472,221,1258,17,377],"tags":[],"class_list":["post-22226","post","type-post","status-publish","format-standard","hentry","category-destaque-ahome","category-economia","category-empreendedorismo","category-governo-lula","category-trabalho"],"_links":{"self":[{"href":"https:\/\/redept.com.br\/blogosfera\/wp-json\/wp\/v2\/posts\/22226","targetHints":{"allow":["GET"]}}],"collection":[{"href":"https:\/\/redept.com.br\/blogosfera\/wp-json\/wp\/v2\/posts"}],"about":[{"href":"https:\/\/redept.com.br\/blogosfera\/wp-json\/wp\/v2\/types\/post"}],"author":[{"embeddable":true,"href":"https:\/\/redept.com.br\/blogosfera\/wp-json\/wp\/v2\/users\/2"}],"replies":[{"embeddable":true,"href":"https:\/\/redept.com.br\/blogosfera\/wp-json\/wp\/v2\/comments?post=22226"}],"version-history":[{"count":0,"href":"https:\/\/redept.com.br\/blogosfera\/wp-json\/wp\/v2\/posts\/22226\/revisions"}],"wp:attachment":[{"href":"https:\/\/redept.com.br\/blogosfera\/wp-json\/wp\/v2\/media?parent=22226"}],"wp:term":[{"taxonomy":"category","embeddable":true,"href":"https:\/\/redept.com.br\/blogosfera\/wp-json\/wp\/v2\/categories?post=22226"},{"taxonomy":"post_tag","embeddable":true,"href":"https:\/\/redept.com.br\/blogosfera\/wp-json\/wp\/v2\/tags?post=22226"}],"curies":[{"name":"wp","href":"https:\/\/api.w.org\/{rel}","templated":true}]}}