{"id":22276,"date":"2025-04-15T14:28:49","date_gmt":"2025-04-15T17:28:49","guid":{"rendered":"https:\/\/redept.org\/blogosfera\/economia-aquecida-e-estimulo-do-governo-fazem-meis-saltarem-35\/"},"modified":"2025-04-15T14:28:49","modified_gmt":"2025-04-15T17:28:49","slug":"economia-aquecida-e-estimulo-do-governo-fazem-meis-saltarem-35","status":"publish","type":"post","link":"https:\/\/redept.com.br\/blogosfera\/economia-aquecida-e-estimulo-do-governo-fazem-meis-saltarem-35\/","title":{"rendered":"Economia aquecida e est\u00edmulo do governo fazem MEIs saltarem 35%"},"content":{"rendered":"<p><img fetchpriority=\"high\" width=\"1024\" height=\"576\"src=\"https:\/\/redept.org\/blogosfera\/wp-content\/uploads\/2025\/04\/empreendedor_sebrae.jpg\" alt=\"\" decoding=\"async\" srcset=\"https:\/\/vermelho.org.br\/wp-content\/uploads\/2025\/04\/empreendedor_sebrae-1024x576.jpg 1024w, https:\/\/vermelho.org.br\/wp-content\/uploads\/2025\/04\/empreendedor_sebrae-300x169.jpg 300w, https:\/\/vermelho.org.br\/wp-content\/uploads\/2025\/04\/empreendedor_sebrae-768x432.jpg 768w, https:\/\/vermelho.org.br\/wp-content\/uploads\/2025\/04\/empreendedor_sebrae-1536x864.jpg 1536w, https:\/\/redept.org\/blogosfera\/wp-content\/uploads\/2025\/04\/empreendedor_sebrae.jpg 1890w\" sizes=\"(max-width: 1024px) 100vw, 1024px\"><\/p>\n<p>Com a economia aquecida e programas federais de fortalecimento e est\u00edmulo aos empreendedores, o Brasil registrou alta na abertura de pequenos neg\u00f3cios. No primeiro trimestre de 2025, o volume de microempreendedores individuais (MEIs) cresceu 35% em compara\u00e7\u00e3o com o mesmo per\u00edodo de 2024. J\u00e1 as micro e pequenas empresas tiveram um aumento de 28%.<\/p>\n<p>At\u00e9 mar\u00e7o, o n\u00famero de novos CNPJs ultrapassou 1,4 milh\u00e3o \u2014 neste universo, as MEIs correspondem a 78%. Os dados fazem parte de levantamento realizado pelo Servi\u00e7o Brasileiro de Apoio \u00e0s Micro e Pequenas Empresas (Sebrae).<\/p>\n<p><strong>Leia tamb\u00e9m: <\/strong><a href=\"https:\/\/vermelho.org.br\/2025\/03\/30\/economia-brasileira-cresce-o-dobro-pos-pandemia-em-relacao-ao-periodo-pre-crise\/\">Economia brasileira cresce o dobro p\u00f3s-pandemia em rela\u00e7\u00e3o ao per\u00edodo pr\u00e9-crise<\/a><\/p>\n<p>Em mar\u00e7o, o setor de Servi\u00e7os obteve o melhor desempenho, com mais de 257 mil pequenos neg\u00f3cios abertos (63,7% do total), seguido por Com\u00e9rcio, com quase 84 mil (20,8%), e Ind\u00fastria da Transforma\u00e7\u00e3o, com quase 31 mil (7,6%).<\/p>\n<p>Quando os dados s\u00e3o desdobrados em atividades econ\u00f4micas, os MEIs tiveram mais for\u00e7a em transporte rodovi\u00e1rio de carga (20,5 mil), atividades de malote e entrega (20 mil) e cabeleireiros\/beleza (18,2 mil).<\/p>\n<p>No caso das MPEs, destacam-se as atividades de sa\u00fade, exceto m\u00e9dicos e odontol\u00f3gicos (5,6 mil), aten\u00e7\u00e3o ambulatorial executada por m\u00e9dicos e odontol\u00f3gicos (5,3 mil) e servi\u00e7os de escrit\u00f3rio e apoio administrativo (4,8 mil).<\/p>\n<p><strong>Leia tamb\u00e9m: <\/strong><a href=\"https:\/\/vermelho.org.br\/2025\/04\/07\/com-lula-trabalhador-mais-pobre-tem-aumento-salarial-acima-da-media\/\">Com Lula, trabalhador mais pobre tem aumento salarial acima da m\u00e9dia<\/a><\/p>\n<p>De acordo com M\u00e1rcio Fran\u00e7a, ministro do Empreendedorismo, da Microempresa e da Empresa de Pequeno Porte , \u201ca Pol\u00edtica Nacional de Desenvolvimento das Micro e Pequenas Empresas \u00e9 um marco importante para fortalecer quem mais gera emprego e renda no Brasil: os pequenos neg\u00f3cios. Estamos levando essa pol\u00edtica para cada canto do pa\u00eds, com foco em produtividade, inova\u00e7\u00e3o e inclus\u00e3o econ\u00f4mica\u201d.<\/p>\n<p>Outra iniciativa do governo Lula voltada a esse p\u00fablico \u00e9 o ProCred 360,<a href=\"https:\/\/vermelho.org.br\/2025\/04\/01\/linha-de-financiamento-do-governo-ja-beneficiou-70-mil-microempreendedores\/\"> linha de financiamento focada nos pequenos neg\u00f3cios<\/a>. At\u00e9 o momento, cerca de 70 mil microempreendedores individuais j\u00e1 foram beneficiados com a contrata\u00e7\u00e3o de R$ 2 bilh\u00f5es.<\/p>\n<p><strong>Empreendedorismo em alta<\/strong><\/p>\n<p>A taxa de empreendedorismo no pa\u00eds atingiu o maior n\u00edvel dos \u00faltimos quatro anos, saltando de 31,6% para 33,4% em 2024, segundo o Monitor Global de Empreendedorismo (Global Entrepreneurship Monitor \u2013 GEM 2024), elaborado, no Brasil, pelo Sebrae em parceria com a Associa\u00e7\u00e3o Nacional de Estudos e Pesquisas em Empreendedorismo (Anegepe).<\/p>\n<p>Segundo o estudo, o pa\u00eds possui 47 milh\u00f5es de pessoas \u00e0 frente de algum neg\u00f3cio, formal ou informal. Entre os fatores que justificam o indicador est\u00e1 o aumento na Taxa de Empreendedores Estabelecidos (com mais de 3,5 anos de opera\u00e7\u00e3o). Esse indicador saltou de 8,7%, em 2020, para 13,2% no ano passado.<\/p>\n<p><strong>Cen\u00e1rio favor\u00e1vel<\/strong><\/p>\n<p>O desempenho do pa\u00eds \u2014 tanto do ponto de vista econ\u00f4mico quanto no que diz respeito \u00e0 estabilidade pol\u00edtica \u2014 tamb\u00e9m tem ajudado quem deseja empreender.<\/p>\n<p><strong>Leia tamb\u00e9m: <\/strong><a href=\"https:\/\/vermelho.org.br\/2025\/04\/11\/brasil-avanca-na-atividade-economica-pelo-2o-mes-seguido-e-recua-na-inflacao\/\">Brasil avan\u00e7a na atividade econ\u00f4mica pelo 2\u00ba m\u00eas seguido e recua na infla\u00e7\u00e3o<\/a><\/p>\n<p>De acordo com o mis recente IBC-Br do Banco Central \u2014 que corresponde \u00e0 pr\u00e9via do PIB \u2014, a atividade econ\u00f4mica avan\u00e7ou pelo segundo m\u00eas seguido, registrando 0,4% em fevereiro.<\/p>\n<p>Na compara\u00e7\u00e3o com mesmo m\u00eas do ano passado, houve crescimento de 4,1%. Quando analisado o acumulado em 12 meses, o indicador tamb\u00e9m ficou positivo em 3,8%.<\/p>\n<p>O cen\u00e1rio atual a tamb\u00e9m t\u00eam levado ao aumento geral do n\u00famero de pessoas empregadas. Em 2024, o pa\u00eds registrou apenas 6,1% de desemprego, a menor taxa desde 2012, segundo o IBGE.<\/p>\n<p>Com ag\u00eancias<\/p>\n<p>O post <a href=\"https:\/\/vermelho.org.br\/2025\/04\/15\/economia-aquecida-e-estimulo-do-governo-fazem-meis-saltarem-35\/\">Economia aquecida e est\u00edmulo do governo fazem MEIs saltarem 35%<\/a> apareceu primeiro em <a href=\"https:\/\/vermelho.org.br\/\">Vermelho<\/a>.<\/p>\n<!-- Begin Yuzo --><div class='yuzo_related_post style-1'  data-version='5.12.89'><!-- without result --><div class='yuzo_clearfixed yuzo__title yuzo__title'><h3>Related Post<\/h3><\/div>\n\t\t\t\t\t\t  <div class=\"relatedthumb \" style=\"width:125px;float:left;overflow:hidden;\">  \n\t\t\t\t\t\t\t  \n\t\t\t\t\t\t\t  <a  href=\"https:\/\/redept.com.br\/blogosfera\/prazo-para-bolsonaro-se-defender-das-acusacoes-sobre-golpe-de-estado-termina-hoje\/\"  >\n\t\t\t\t\t\t\t\t\t  <div class=\"yuzo-img-wrap \" style=\"width: 125px;height:90px;\">\n\t\t\t\t\t\t\t\t\t\t\n\t\t\t\t\t\t\t\t\t\t<div class=\"yuzo-img\" style=\"background:url('https:\/\/redept.org\/blogosfera\/wp-content\/plugins\/yuzo-related-post\/assets\/images\/default.png') 50% 50% no-repeat;width: 125px;height:90px;margin-bottom: 5px;background-size: cover; \"><\/div>\n\t\t\t\t\t\t\t\t\t  <\/div>\n\t\t\t\t\t\t\t\t\t  \n\t\t\t\t\t\t\t\t   <span class=\"yuzo__text--title\" style=\"font-size:13px;\">Prazo para Bolsonaro se defender das acusa\u00e7\u00f5es sob...<\/span>\n\t\t\t\t\t\t\t  \n\t\t\t\t\t\t\t  \n\t\t\t\t\t\t\t  <\/a>\n\n\t\t\t\t\t\t  <\/div>\n\t\t\t\t\t\t  <div class=\"relatedthumb \" style=\"width:125px;float:left;overflow:hidden;\">  \n\t\t\t\t\t\t\t  \n\t\t\t\t\t\t\t  <a  href=\"https:\/\/redept.com.br\/blogosfera\/conselho-de-seguranca-da-onu-aprova-retomada-de-sancoes-contra-o-ira\/\"  >\n\t\t\t\t\t\t\t\t\t  <div class=\"yuzo-img-wrap \" style=\"width: 125px;height:90px;\">\n\t\t\t\t\t\t\t\t\t\t\n\t\t\t\t\t\t\t\t\t\t<div class=\"yuzo-img\" style=\"background:url('https:\/\/redept.org\/blogosfera\/wp-content\/plugins\/yuzo-related-post\/assets\/images\/default.png') 50% 50% no-repeat;width: 125px;height:90px;margin-bottom: 5px;background-size: cover; \"><\/div>\n\t\t\t\t\t\t\t\t\t  <\/div>\n\t\t\t\t\t\t\t\t\t  \n\t\t\t\t\t\t\t\t   <span class=\"yuzo__text--title\" style=\"font-size:13px;\">Conselho de Seguran\u00e7a da ONU aprova retomada de sa...<\/span>\n\t\t\t\t\t\t\t  \n\t\t\t\t\t\t\t  \n\t\t\t\t\t\t\t  <\/a>\n\n\t\t\t\t\t\t  <\/div>\n\t\t\t\t\t\t  <div class=\"relatedthumb \" style=\"width:125px;float:left;overflow:hidden;\">  \n\t\t\t\t\t\t\t  \n\t\t\t\t\t\t\t  <a  href=\"https:\/\/redept.com.br\/blogosfera\/o-congresso-da-mamata-e-o-mesmo-que-desmata\/\"  >\n\t\t\t\t\t\t\t\t\t  <div class=\"yuzo-img-wrap \" style=\"width: 125px;height:90px;\">\n\t\t\t\t\t\t\t\t\t\t\n\t\t\t\t\t\t\t\t\t\t<div class=\"yuzo-img\" style=\"background:url('https:\/\/redept.com.br\/blogosfera\/wp-content\/uploads\/2025\/07\/congresso-nacional-150x150.webp') 50% 50% no-repeat;width: 125px;height:90px;margin-bottom: 5px;background-size: cover; \"><\/div>\n\t\t\t\t\t\t\t\t\t  <\/div>\n\t\t\t\t\t\t\t\t\t  \n\t\t\t\t\t\t\t\t   <span class=\"yuzo__text--title\" style=\"font-size:13px;\">O Congresso da Mamata \u00e9 o mesmo que desmata<\/span>\n\t\t\t\t\t\t\t  \n\t\t\t\t\t\t\t  \n\t\t\t\t\t\t\t  <\/a>\n\n\t\t\t\t\t\t  <\/div>\n\t\t\t\t\t\t  <div class=\"relatedthumb \" style=\"width:125px;float:left;overflow:hidden;\">  \n\t\t\t\t\t\t\t  \n\t\t\t\t\t\t\t  <a  href=\"https:\/\/redept.com.br\/blogosfera\/nem-privados-nem-publicos-os-bens-sao-comuns\/\"  >\n\t\t\t\t\t\t\t\t\t  <div class=\"yuzo-img-wrap \" style=\"width: 125px;height:90px;\">\n\t\t\t\t\t\t\t\t\t\t\n\t\t\t\t\t\t\t\t\t\t<div class=\"yuzo-img\" style=\"background:url('https:\/\/redept.com.br\/blogosfera\/wp-content\/uploads\/2025\/09\/image-1-150x150.jpg') 50% 50% no-repeat;width: 125px;height:90px;margin-bottom: 5px;background-size: cover; \"><\/div>\n\t\t\t\t\t\t\t\t\t  <\/div>\n\t\t\t\t\t\t\t\t\t  \n\t\t\t\t\t\t\t\t   <span class=\"yuzo__text--title\" style=\"font-size:13px;\">Nem privados nem p\u00fablicos. Os bens s\u00e3o comuns<\/span>\n\t\t\t\t\t\t\t  \n\t\t\t\t\t\t\t  \n\t\t\t\t\t\t\t  <\/a>\n\n\t\t\t\t\t\t  <\/div>\n<\/div> <script>\n\t\t\t\t\t\t  jQuery(document).ready(function( $ ){\n\t\t\t\t\t\t\t\/\/jQuery('.yuzo_related_post').equalizer({ overflow : 'relatedthumb' });\n\t\t\t\t\t\t\tjQuery('.yuzo_related_post .yuzo_wraps').equalizer({ columns : '> div' });\n\t\t\t\t\t\t   })\n\t\t\t\t\t\t  <\/script> <!-- End Yuzo :) -->","protected":false},"excerpt":{"rendered":"<p>Com a economia aquecida e programas federais de fortalecimento e est\u00edmulo aos empreendedores, o Brasil registrou alta na abertura de pequenos neg\u00f3cios. No primeiro trimestre de 2025, o volume de microempreendedores individuais (MEIs) cresceu 35% em compara\u00e7\u00e3o com o mesmo per\u00edodo de 2024. J\u00e1 as micro e pequenas empresas tiveram um aumento de 28%. At\u00e9 [&hellip;]<\/p>\n","protected":false},"author":2,"featured_media":22277,"comment_status":"closed","ping_status":"closed","sticky":false,"template":"","format":"standard","meta":{"fifu_image_url":"","fifu_image_alt":"","footnotes":""},"categories":[221,1258,17,3775],"tags":[],"class_list":["post-22276","post","type-post","status-publish","format-standard","has-post-thumbnail","hentry","category-economia","category-empreendedorismo","category-governo-lula","category-microempreendedor-individual"],"_links":{"self":[{"href":"https:\/\/redept.com.br\/blogosfera\/wp-json\/wp\/v2\/posts\/22276","targetHints":{"allow":["GET"]}}],"collection":[{"href":"https:\/\/redept.com.br\/blogosfera\/wp-json\/wp\/v2\/posts"}],"about":[{"href":"https:\/\/redept.com.br\/blogosfera\/wp-json\/wp\/v2\/types\/post"}],"author":[{"embeddable":true,"href":"https:\/\/redept.com.br\/blogosfera\/wp-json\/wp\/v2\/users\/2"}],"replies":[{"embeddable":true,"href":"https:\/\/redept.com.br\/blogosfera\/wp-json\/wp\/v2\/comments?post=22276"}],"version-history":[{"count":0,"href":"https:\/\/redept.com.br\/blogosfera\/wp-json\/wp\/v2\/posts\/22276\/revisions"}],"wp:featuredmedia":[{"embeddable":true,"href":"https:\/\/redept.com.br\/blogosfera\/wp-json\/wp\/v2\/media\/22277"}],"wp:attachment":[{"href":"https:\/\/redept.com.br\/blogosfera\/wp-json\/wp\/v2\/media?parent=22276"}],"wp:term":[{"taxonomy":"category","embeddable":true,"href":"https:\/\/redept.com.br\/blogosfera\/wp-json\/wp\/v2\/categories?post=22276"},{"taxonomy":"post_tag","embeddable":true,"href":"https:\/\/redept.com.br\/blogosfera\/wp-json\/wp\/v2\/tags?post=22276"}],"curies":[{"name":"wp","href":"https:\/\/api.w.org\/{rel}","templated":true}]}}