{"id":22413,"date":"2025-04-16T09:46:41","date_gmt":"2025-04-16T12:46:41","guid":{"rendered":"https:\/\/redept.org\/blogosfera\/pms-queimam-cruz-ao-estilo-kkk-com-apologia-nazista\/"},"modified":"2025-04-16T09:46:41","modified_gmt":"2025-04-16T12:46:41","slug":"pms-queimam-cruz-ao-estilo-kkk-com-apologia-nazista","status":"publish","type":"post","link":"https:\/\/redept.com.br\/blogosfera\/pms-queimam-cruz-ao-estilo-kkk-com-apologia-nazista\/","title":{"rendered":"PMs queimam cruz ao estilo KKK com apologia nazista"},"content":{"rendered":"<p>As for\u00e7as especiais da Pol\u00edcia Militar (PM) de S\u00e3o Paulo (SP) publicou um v\u00eddeo nesta ter\u00e7a-feira (15) em que aparecia os agentes do <a href=\"https:\/\/www.instagram.com\/baepriopreto\/\" data-type=\"link\" data-id=\"https:\/\/www.instagram.com\/baepriopreto\/\" target=\"_blank\" rel=\"noreferrer noopener nofollow\">9\u00ba Batalh\u00e3o de A\u00e7\u00f5es Especiais de Pol\u00edcia (Baep)<\/a> queimando uma cruz e fazendo uma sauda\u00e7\u00e3o lida como nazista. A publica\u00e7\u00e3o foi apagada ap\u00f3s a repercuss\u00e3o. Saiba mais na <a href=\"https:\/\/tvtnews.com.br\/\" data-type=\"page\" data-id=\"733503\">TVT News<\/a>.<\/p>\n<\/p>\n<h5>Confira o v\u00eddeo publicado pelo 9\u00ba Batalh\u00e3o de A\u00e7\u00f5es Especiais de Pol\u00edcia (Baep):<\/h5>\n<figure><video controls src=\"https:\/\/redept.org\/blogosfera\/wp-content\/uploads\/2025\/04\/TN-16-04-ILUSTRA-PM-CRUZ.mp4\" preload=\"none\"><\/video><\/figure>\n<\/p>\n<\/p>\n<p>O assunto ser\u00e1 destaque no jornal TVT News Primeira Edi\u00e7\u00e3o nesta quarta-feira (15). Assista ao vivo a partir das 10h30.<\/p>\n<figure>\n<div>\n<\/div>\n<\/figure>\n<p>The post <a rel=\"nofollow\" href=\"https:\/\/tvtnews.com.br\/pms-queimam-cruz-ao-estilo-kkk-com-apologia-nazista\/\">PMs queimam cruz ao estilo KKK com apologia nazista<\/a> appeared first on <a rel=\"nofollow\" href=\"https:\/\/tvtnews.com.br\/\">TVT News<\/a>.<\/p>\n<!-- Begin Yuzo --><div class='yuzo_related_post style-1'  data-version='5.12.89'><!-- without result --><div class='yuzo_clearfixed yuzo__title yuzo__title'><h3>Related Post<\/h3><\/div>\n\t\t\t\t\t\t  <div class=\"relatedthumb \" style=\"width:125px;float:left;overflow:hidden;\">  \n\t\t\t\t\t\t\t  \n\t\t\t\t\t\t\t  <a  href=\"https:\/\/redept.com.br\/blogosfera\/argentina-e-os-momentos-dificeis\/\"  >\n\t\t\t\t\t\t\t\t\t  <div class=\"yuzo-img-wrap \" style=\"width: 125px;height:90px;\">\n\t\t\t\t\t\t\t\t\t\t\n\t\t\t\t\t\t\t\t\t\t<div class=\"yuzo-img\" style=\"background:url('https:\/\/redept.com.br\/blogosfera\/wp-content\/uploads\/2025\/03\/AFP__20250312__37234RM__v1__HighRes__ArgentinaEconomyPensionersProtest-2048x1346-1-150x150.jpg') 50% 50% no-repeat;width: 125px;height:90px;margin-bottom: 5px;background-size: cover; \"><\/div>\n\t\t\t\t\t\t\t\t\t  <\/div>\n\t\t\t\t\t\t\t\t\t  \n\t\t\t\t\t\t\t\t   <span class=\"yuzo__text--title\" style=\"font-size:13px;\">Argentina e os momentos dif\u00edceis<\/span>\n\t\t\t\t\t\t\t  \n\t\t\t\t\t\t\t  \n\t\t\t\t\t\t\t  <\/a>\n\n\t\t\t\t\t\t  <\/div>\n\t\t\t\t\t\t  <div class=\"relatedthumb \" style=\"width:125px;float:left;overflow:hidden;\">  \n\t\t\t\t\t\t\t  \n\t\t\t\t\t\t\t  <a  href=\"https:\/\/redept.com.br\/blogosfera\/ato-em-defesa-da-soberania-nacional-reune-universidades-e-institutos-federais-em-porto-alegre\/\"  >\n\t\t\t\t\t\t\t\t\t  <div class=\"yuzo-img-wrap \" style=\"width: 125px;height:90px;\">\n\t\t\t\t\t\t\t\t\t\t\n\t\t\t\t\t\t\t\t\t\t<div class=\"yuzo-img\" style=\"background:url('https:\/\/redept.com.br\/blogosfera\/wp-content\/uploads\/2025\/08\/image-5-2-150x128.png') 50% 50% no-repeat;width: 125px;height:90px;margin-bottom: 5px;background-size: cover; \"><\/div>\n\t\t\t\t\t\t\t\t\t  <\/div>\n\t\t\t\t\t\t\t\t\t  \n\t\t\t\t\t\t\t\t   <span class=\"yuzo__text--title\" style=\"font-size:13px;\">Ato em defesa da soberania nacional re\u00fane universi...<\/span>\n\t\t\t\t\t\t\t  \n\t\t\t\t\t\t\t  \n\t\t\t\t\t\t\t  <\/a>\n\n\t\t\t\t\t\t  <\/div>\n\t\t\t\t\t\t  <div class=\"relatedthumb \" style=\"width:125px;float:left;overflow:hidden;\">  \n\t\t\t\t\t\t\t  \n\t\t\t\t\t\t\t  <a  href=\"https:\/\/redept.com.br\/blogosfera\/526-anos-depois-indigenas-pataxo-retomam-area-na-praia-do-primeiro-contato-na-bahia-e-pedem-demarcacao-do-territorio\/\"  >\n\t\t\t\t\t\t\t\t\t  <div class=\"yuzo-img-wrap \" style=\"width: 125px;height:90px;\">\n\t\t\t\t\t\t\t\t\t\t\n\t\t\t\t\t\t\t\t\t\t<div class=\"yuzo-img\" style=\"background:url('https:\/\/redept.org\/blogosfera\/wp-content\/plugins\/yuzo-related-post\/assets\/images\/default.png') 50% 50% no-repeat;width: 125px;height:90px;margin-bottom: 5px;background-size: cover; \"><\/div>\n\t\t\t\t\t\t\t\t\t  <\/div>\n\t\t\t\t\t\t\t\t\t  \n\t\t\t\t\t\t\t\t   <span class=\"yuzo__text--title\" style=\"font-size:13px;\">526 anos depois, ind\u00edgenas Patax\u00f3 retomam \u00e1rea na ...<\/span>\n\t\t\t\t\t\t\t  \n\t\t\t\t\t\t\t  \n\t\t\t\t\t\t\t  <\/a>\n\n\t\t\t\t\t\t  <\/div>\n\t\t\t\t\t\t  <div class=\"relatedthumb \" style=\"width:125px;float:left;overflow:hidden;\">  \n\t\t\t\t\t\t\t  \n\t\t\t\t\t\t\t  <a  href=\"https:\/\/redept.com.br\/blogosfera\/o-mei-nao-pode-ser-usado-para-a-fragilizacao-das-relacoes-de-trabalho\/\"  >\n\t\t\t\t\t\t\t\t\t  <div class=\"yuzo-img-wrap \" style=\"width: 125px;height:90px;\">\n\t\t\t\t\t\t\t\t\t\t\n\t\t\t\t\t\t\t\t\t\t<div class=\"yuzo-img\" style=\"background:url('https:\/\/redept.org\/blogosfera\/wp-content\/plugins\/yuzo-related-post\/assets\/images\/default.png') 50% 50% no-repeat;width: 125px;height:90px;margin-bottom: 5px;background-size: cover; \"><\/div>\n\t\t\t\t\t\t\t\t\t  <\/div>\n\t\t\t\t\t\t\t\t\t  \n\t\t\t\t\t\t\t\t   <span class=\"yuzo__text--title\" style=\"font-size:13px;\">\u2018O MEI n\u00e3o pode ser usado para a fragiliza\u00e7\u00e3o das ...<\/span>\n\t\t\t\t\t\t\t  \n\t\t\t\t\t\t\t  \n\t\t\t\t\t\t\t  <\/a>\n\n\t\t\t\t\t\t  <\/div>\n<\/div> <script>\n\t\t\t\t\t\t  jQuery(document).ready(function( $ ){\n\t\t\t\t\t\t\t\/\/jQuery('.yuzo_related_post').equalizer({ overflow : 'relatedthumb' });\n\t\t\t\t\t\t\tjQuery('.yuzo_related_post .yuzo_wraps').equalizer({ columns : '> div' });\n\t\t\t\t\t\t   })\n\t\t\t\t\t\t  <\/script> <!-- End Yuzo :) -->","protected":false},"excerpt":{"rendered":"<p>As for\u00e7as especiais da Pol\u00edcia Militar (PM) de S\u00e3o Paulo (SP) publicou um v\u00eddeo nesta ter\u00e7a-feira (15) em que aparecia os agentes do 9\u00ba Batalh\u00e3o de A\u00e7\u00f5es Especiais de Pol\u00edcia (Baep) queimando uma cruz e fazendo uma sauda\u00e7\u00e3o lida como nazista. A publica\u00e7\u00e3o foi apagada ap\u00f3s a repercuss\u00e3o. Saiba mais na TVT News. Confira o [&hellip;]<\/p>\n","protected":false},"author":2,"featured_media":0,"comment_status":"closed","ping_status":"closed","sticky":false,"template":"","format":"standard","meta":{"fifu_image_url":"","fifu_image_alt":"","footnotes":""},"categories":[472,2099,61,506],"tags":[],"class_list":["post-22413","post","type-post","status-publish","format-standard","hentry","category-destaque-ahome","category-pm","category-sociedade","category-violencia-policial"],"_links":{"self":[{"href":"https:\/\/redept.com.br\/blogosfera\/wp-json\/wp\/v2\/posts\/22413","targetHints":{"allow":["GET"]}}],"collection":[{"href":"https:\/\/redept.com.br\/blogosfera\/wp-json\/wp\/v2\/posts"}],"about":[{"href":"https:\/\/redept.com.br\/blogosfera\/wp-json\/wp\/v2\/types\/post"}],"author":[{"embeddable":true,"href":"https:\/\/redept.com.br\/blogosfera\/wp-json\/wp\/v2\/users\/2"}],"replies":[{"embeddable":true,"href":"https:\/\/redept.com.br\/blogosfera\/wp-json\/wp\/v2\/comments?post=22413"}],"version-history":[{"count":0,"href":"https:\/\/redept.com.br\/blogosfera\/wp-json\/wp\/v2\/posts\/22413\/revisions"}],"wp:attachment":[{"href":"https:\/\/redept.com.br\/blogosfera\/wp-json\/wp\/v2\/media?parent=22413"}],"wp:term":[{"taxonomy":"category","embeddable":true,"href":"https:\/\/redept.com.br\/blogosfera\/wp-json\/wp\/v2\/categories?post=22413"},{"taxonomy":"post_tag","embeddable":true,"href":"https:\/\/redept.com.br\/blogosfera\/wp-json\/wp\/v2\/tags?post=22413"}],"curies":[{"name":"wp","href":"https:\/\/api.w.org\/{rel}","templated":true}]}}