{"id":22460,"date":"2025-04-16T12:01:38","date_gmt":"2025-04-16T15:01:38","guid":{"rendered":"https:\/\/redept.org\/blogosfera\/professores-de-sp-entram-em-greve-contra-retrocessos-de-ricardo-nunes\/"},"modified":"2025-04-16T12:01:38","modified_gmt":"2025-04-16T15:01:38","slug":"professores-de-sp-entram-em-greve-contra-retrocessos-de-ricardo-nunes","status":"publish","type":"post","link":"https:\/\/redept.com.br\/blogosfera\/professores-de-sp-entram-em-greve-contra-retrocessos-de-ricardo-nunes\/","title":{"rendered":"Professores de SP entram em greve contra retrocessos de Ricardo Nunes"},"content":{"rendered":"<p><img loading=\"lazy\" width=\"800\" height=\"600\"src=\"https:\/\/redept.org\/blogosfera\/wp-content\/uploads\/2025\/04\/show_img-1.jpg\" alt=\"\" decoding=\"async\" loading=\"lazy\" srcset=\"https:\/\/redept.org\/blogosfera\/wp-content\/uploads\/2025\/04\/show_img-1.jpg 800w, https:\/\/vermelho.org.br\/wp-content\/uploads\/2025\/04\/show_img-1-300x225.jpg 300w, https:\/\/vermelho.org.br\/wp-content\/uploads\/2025\/04\/show_img-1-768x576.jpg 768w\" sizes=\"auto, (max-width: 800px) 100vw, 800px\"><\/p>\n<p>Os professores da rede p\u00fablica municipal de S\u00e3o Paulo decidiram decretar greve por tempo indeterminado. A decis\u00e3o ocorreu em assembleia na \u00faltima ter\u00e7a (15) realizada em frente \u00e0 Prefeitura, no Viaduto do Ch\u00e1, centro da capital, durante protesto contra a proposta de reajuste enviada pelo prefeito Ricardo Nunes (MDB) \u00e0 C\u00e2mara de Vereadores.<\/p>\n<p>De acordo com o Sindicato dos Profissionais em Educa\u00e7\u00e3o no Ensino Municipal de S\u00e3o Paulo (Sinpeem), o prefeito encaminhou a proposta \u201csem nenhuma discuss\u00e3o com as entidades sindicais, que est\u00e3o em plena campanha salarial, tendo em vista a data-base da categoria, em maio\u201d. <\/p>\n<p>O projeto do Executivo municipal (PL 416\/2025) prop\u00f5e reajuste de 2,6% neste ano (a partir de maio) e de 2,55% para 2026, assim como a eleva\u00e7\u00e3o dos pisos remunerat\u00f3rios dos docentes, categoria 1 (QPE 11), em 6,27%. Os trabalhadores rejeitam esta proposta e pedem 44% de aumento real a t\u00edtulo de incorpora\u00e7\u00e3o dos abonos complementares de pisos, al\u00e9m de outras reivindica\u00e7\u00f5es.<\/p>\n<p><strong>Leia mais: <\/strong><a href=\"https:\/\/vermelho.org.br\/2025\/04\/14\/dino-decide-que-prefeito-de-sp-nao-pode-converter-guarda-em-policia-municipal\/\">STF pro\u00edbe prefeito de SP de converter guarda em Pol\u00edcia Municipal<\/a><\/p>\n<p>Na luta pela pauta de reivindica\u00e7\u00f5es (confira abaixo) tamb\u00e9m fazem parte os trabalhadores reunidos pelo Sindicato Especialistas Ensino P\u00fablico S\u00e3o Paulo (Sinesp) e pelo Sindicato dos Educadores da Inf\u00e2ncia (Sedin) que, ao lado do Sinpeem, formam a Coordena\u00e7\u00e3o das Entidades Sindicais Espec\u00edficas da Educa\u00e7\u00e3o Municipal (Coeduc). <\/p>\n<p>Juntos os representantes das entidades foram recebidos pela secret\u00e1ria municipal de Gest\u00e3o, Marcela Arruda, e pelo secret\u00e1rio-adjunto da Educa\u00e7\u00e3o, Bruno Lopes Correia. Na ocasi\u00e3o, eles e manifestaram a sua indigna\u00e7\u00e3o com a proposta de Ricardo Nunes e reafirmaram a posi\u00e7\u00e3o pela pauta da categoria.<\/p>\n<p>Ap\u00f3s a manifesta\u00e7\u00e3o na Prefeitura, os educadores caminharam at\u00e9 a C\u00e2mara Municipal, onde ficar\u00e3o para serem ouvidos enquanto ocorre a discuss\u00e3o do tema na Comiss\u00e3o de Constitui\u00e7\u00e3o, Justi\u00e7a e Legisla\u00e7\u00e3o Participativa (CCJ).<\/p>\n<p><strong>Leia mais:<\/strong> <a href=\"https:\/\/vermelho.org.br\/coluna\/ricardo-nunes-e-o-golpe-contra-a-educacao-publica-privatizacao-exclusao-e-o-futuro-das-escolas-em-risco\/\">Ricardo Nunes e o golpe contra a educa\u00e7\u00e3o p\u00fablica: Privatiza\u00e7\u00e3o, exclus\u00e3o e o futuro das escolas em risco<\/a><\/p>\n<\/p>\n<p>Confira a pauta de reivindica\u00e7\u00f5es dos professores da capital paulista:<\/p>\n<ul>\n<li>44% de aumento real a t\u00edtulo de incorpora\u00e7\u00e3o dos abonos complementares de pisos;<\/li>\n<li>valoriza\u00e7\u00e3o dos sal\u00e1rios e carreiras do QPE;<\/li>\n<li>condi\u00e7\u00f5es dignas de trabalho, com infraestrutura adequada;\u00a0<\/li>\n<li>revoga\u00e7\u00e3o da Lei n\u00ba 18.221\/2024;<\/li>\n<li>fim das terceiriza\u00e7\u00f5es e privatiza\u00e7\u00f5es;<\/li>\n<li>revoga\u00e7\u00e3o do confisco e redu\u00e7\u00e3o da al\u00edquota previdenci\u00e1ria de 14% para 11%;<\/li>\n<li>redu\u00e7\u00e3o da jornada de trabalho do Quadro e Apoio e dos gestores;<\/li>\n<li>investimento em sa\u00fade e seguran\u00e7a;<\/li>\n<li>amplia\u00e7\u00e3o dos m\u00f3dulos dos docentes e do Quadro Apoio;<\/li>\n<li>condi\u00e7\u00f5es de atendimento \u00e0 educa\u00e7\u00e3o especial para garantir as aprendizagens;<\/li>\n<li>climatiza\u00e7\u00e3o nas escolas;<\/li>\n<li>n\u00e3o ao regime de remunera\u00e7\u00e3o por subs\u00eddio;<\/li>\n<li>n\u00e3o ao fechamento das salas de educa\u00e7\u00e3o de jovens e adultos;<\/li>\n<li>redu\u00e7\u00e3o do n\u00famero de alunos por sala\/turma\/agrupamento;<\/li>\n<li>n\u00e3o \u00e0 plataformiza\u00e7\u00e3o do ensino, gest\u00e3o escolar democr\u00e1tica, entre outros itens.\u00a0\u00a0<\/li>\n<\/ul>\n<figure>\n<figure><img fetchpriority=\"high\" decoding=\"async\" width=\"800\" height=\"600\" data-id=\"715737\"src=\"https:\/\/redept.org\/blogosfera\/wp-content\/uploads\/2025\/04\/show_img-2.jpg\" alt=\"\" srcset=\"https:\/\/redept.org\/blogosfera\/wp-content\/uploads\/2025\/04\/show_img-2.jpg 800w, https:\/\/vermelho.org.br\/wp-content\/uploads\/2025\/04\/show_img-2-300x225.jpg 300w, https:\/\/vermelho.org.br\/wp-content\/uploads\/2025\/04\/show_img-2-768x576.jpg 768w\" sizes=\"(max-width: 800px) 100vw, 800px\"><figcaption>Foto: Sinpeem<\/figcaption><\/figure>\n<figure><img decoding=\"async\" width=\"800\" height=\"600\" data-id=\"715738\"src=\"https:\/\/redept.org\/blogosfera\/wp-content\/uploads\/2025\/04\/show_img-3.jpg\" alt=\"\" srcset=\"https:\/\/redept.org\/blogosfera\/wp-content\/uploads\/2025\/04\/show_img-3.jpg 800w, https:\/\/vermelho.org.br\/wp-content\/uploads\/2025\/04\/show_img-3-300x225.jpg 300w, https:\/\/vermelho.org.br\/wp-content\/uploads\/2025\/04\/show_img-3-768x576.jpg 768w\" sizes=\"(max-width: 800px) 100vw, 800px\"><figcaption>Foto: Sinpeem<\/figcaption><\/figure>\n<\/figure>\n<p><strong>Apoio<\/strong><\/p>\n<p>Em apoio aos professores, o Comit\u00ea de Educa\u00e7\u00e3o do PCdoB S\u00e3o Paulo (SP) emitiu uma nota em que critica o reajuste oferecido pela Prefeitura como tamb\u00e9m repudia a tentativa do governo de interditar a luta via judicializa\u00e7\u00e3o para \u201ccolocar a popula\u00e7\u00e3o contra os educadores\u201d. <\/p>\n<p>Veja a seguir o documento completo:<\/p>\n<blockquote>\n<p><strong><u>Nota do Comit\u00ea de Educa\u00e7\u00e3o do PCdoB S\u00e3o Paulo (SP)<\/u><\/strong><\/p>\n<p><em>O governo Ricardo Nunes, mais uma vez, age com total desrespeito \u00e0 categoria e \u00e0 democracia. Como \u00e9 de sua pr\u00e1tica, no apagar das luzes do dia 9 de abril, encaminhou \u00e0 C\u00e2mara Municipal o PL n\u00ba 416\/2025, sem qualquer di\u00e1logo com os sindicatos que est\u00e3o em plena campanha salarial. Ignora e atropela o processo de negocia\u00e7\u00e3o, como se os trabalhadores e trabalhadoras da educa\u00e7\u00e3o n\u00e3o existissem.<\/em><\/p>\n<p><em>A proposta apresentada pelo Executivo \u2014 um reajuste linear de 2,55% em 2025 e 2,60% em 2026, al\u00e9m de 6,27% nos pisos do QPE 11 \u2014 \u00e9 vergonhosa frente aos 34% que vereadores, secret\u00e1rios e o pr\u00f3prio prefeito aprovaram para si. Para a elite pol\u00edtica, o privil\u00e9gio. Para os educadores, o arrocho.<\/em><\/p>\n<p><em>Al\u00e9m disso, manipulam informa\u00e7\u00f5es, a pauta da categoria vai muito al\u00e9m dos \u00edndices salariais: reivindica a valoriza\u00e7\u00e3o do magist\u00e9rio e das carreiras do QPE, a revoga\u00e7\u00e3o da Lei n\u00ba 18.221\/2024, a incorpora\u00e7\u00e3o dos abonos, o fim da plataformiza\u00e7\u00e3o do ensino, das terceiriza\u00e7\u00f5es e do confisco previdenci\u00e1rio, melhores condi\u00e7\u00f5es de trabalho, climatiza\u00e7\u00e3o das escolas, defesa da EJA e da gest\u00e3o democr\u00e1tica. Lutas leg\u00edtimas que expressam o compromisso com a escola p\u00fablica de gest\u00e3o p\u00fablica, gratuita, laica e acima de tudo de qualidade.<\/em><\/p>\n<p><em>A tentativa do governo de interditar a luta via judicializa\u00e7\u00e3o, com liminar que determina 70% de efetivo m\u00ednimo nas escolas, visa colocar a popula\u00e7\u00e3o contra os educadores. Essa iniciativa que visa nos amedrontar refor\u00e7a o autoritarismo e a vis\u00e3o de educa\u00e7\u00e3o como servi\u00e7o e n\u00e3o como direito. Mas n\u00e3o nos calar\u00e3o.<\/em><\/p>\n<p><em>A greve \u00e9 instrumento de luta leg\u00edtimo. E, neste momento, aderir \u00e0 greve \u00e9 uma tarefa pol\u00edtica de todos que defendem a escola p\u00fablica como espa\u00e7o de socializa\u00e7\u00e3o dos saberes historicamente constru\u00eddos, e n\u00e3o como balc\u00e3o de neg\u00f3cios para o capital.<\/em><\/p>\n<p><em>O Comit\u00ea de Educa\u00e7\u00e3o do PCdoB da capital de S\u00e3o Paulo se soma \u00e0 luta da categoria, se alinha \u00e0s entidades sindicais combativas e convoca todos os profissionais da educa\u00e7\u00e3o a fortalecerem a greve. O momento exige unidade, coragem e mobiliza\u00e7\u00e3o.<\/em><\/p>\n<p><em>TODOS \u00c0 LUTA! NENHUM DIREITO A MENOS! EDUCA\u00c7\u00c3O N\u00c3O \u00c9 MERCADORIA!<\/em><\/p>\n<figure>\n<figure><img loading=\"lazy\" loading=\"lazy\" decoding=\"async\" width=\"1024\" height=\"768\"src=\"https:\/\/redept.org\/blogosfera\/wp-content\/uploads\/2025\/04\/WhatsApp-Image-2025-04-16-at-104059-1.jpeg\" alt=\"\" srcset=\"https:\/\/vermelho.org.br\/wp-content\/uploads\/2025\/04\/WhatsApp-Image-2025-04-16-at-10.40.59-1-1024x768.jpeg 1024w, https:\/\/vermelho.org.br\/wp-content\/uploads\/2025\/04\/WhatsApp-Image-2025-04-16-at-10.40.59-1-300x225.jpeg 300w, https:\/\/vermelho.org.br\/wp-content\/uploads\/2025\/04\/WhatsApp-Image-2025-04-16-at-10.40.59-1-768x576.jpeg 768w, https:\/\/redept.org\/blogosfera\/wp-content\/uploads\/2025\/04\/WhatsApp-Image-2025-04-16-at-104059-1.jpeg 1280w\" sizes=\"auto, (max-width: 1024px) 100vw, 1024px\"><figcaption>Foto: PCdoB SP<\/figcaption><\/figure>\n<figure><img loading=\"lazy\" loading=\"lazy\" decoding=\"async\" width=\"1024\" height=\"768\"src=\"https:\/\/redept.org\/blogosfera\/wp-content\/uploads\/2025\/04\/WhatsApp-Image-2025-04-16-at-104059.jpeg\" alt=\"\" srcset=\"https:\/\/vermelho.org.br\/wp-content\/uploads\/2025\/04\/WhatsApp-Image-2025-04-16-at-10.40.59-1024x768.jpeg 1024w, https:\/\/vermelho.org.br\/wp-content\/uploads\/2025\/04\/WhatsApp-Image-2025-04-16-at-10.40.59-300x225.jpeg 300w, https:\/\/vermelho.org.br\/wp-content\/uploads\/2025\/04\/WhatsApp-Image-2025-04-16-at-10.40.59-768x576.jpeg 768w, https:\/\/redept.org\/blogosfera\/wp-content\/uploads\/2025\/04\/WhatsApp-Image-2025-04-16-at-104059.jpeg 1280w\" sizes=\"auto, (max-width: 1024px) 100vw, 1024px\"><figcaption>Foto: PCdoB SP<\/figcaption><\/figure>\n<\/figure>\n<\/blockquote>\n<p>O post <a href=\"https:\/\/vermelho.org.br\/2025\/04\/16\/professores-de-sp-entram-em-greve-contra-retrocessos-de-ricardo-nunes\/\">Professores de SP entram em greve contra retrocessos de Ricardo Nunes<\/a> apareceu primeiro em <a href=\"https:\/\/vermelho.org.br\/\">Vermelho<\/a>.<\/p>\n<!-- Begin Yuzo --><div class='yuzo_related_post style-1'  data-version='5.12.89'><!-- without result --><div class='yuzo_clearfixed yuzo__title yuzo__title'><h3>Related Post<\/h3><\/div>\n\t\t\t\t\t\t  <div class=\"relatedthumb \" style=\"width:125px;float:left;overflow:hidden;\">  \n\t\t\t\t\t\t\t  \n\t\t\t\t\t\t\t  <a  href=\"https:\/\/redept.com.br\/blogosfera\/aniversario-de-sao-paulo-tem-exibicao-gratuita-de-ainda-estou-aqui-e-show-de-geraldo-azevedo-confira-a-programacao\/\"  >\n\t\t\t\t\t\t\t\t\t  <div class=\"yuzo-img-wrap \" style=\"width: 125px;height:90px;\">\n\t\t\t\t\t\t\t\t\t\t\n\t\t\t\t\t\t\t\t\t\t<div class=\"yuzo-img\" style=\"background:url('https:\/\/redept.org\/blogosfera\/wp-content\/plugins\/yuzo-related-post\/assets\/images\/default.png') 50% 50% no-repeat;width: 125px;height:90px;margin-bottom: 5px;background-size: cover; \"><\/div>\n\t\t\t\t\t\t\t\t\t  <\/div>\n\t\t\t\t\t\t\t\t\t  \n\t\t\t\t\t\t\t\t   <span class=\"yuzo__text--title\" style=\"font-size:13px;\">Anivers\u00e1rio de S\u00e3o Paulo tem exibi\u00e7\u00e3o gratuita de ...<\/span>\n\t\t\t\t\t\t\t  \n\t\t\t\t\t\t\t  \n\t\t\t\t\t\t\t  <\/a>\n\n\t\t\t\t\t\t  <\/div>\n\t\t\t\t\t\t  <div class=\"relatedthumb \" style=\"width:125px;float:left;overflow:hidden;\">  \n\t\t\t\t\t\t\t  \n\t\t\t\t\t\t\t  <a  href=\"https:\/\/redept.com.br\/blogosfera\/jaques-wagner-expoe-os-3-trunfos-que-lula-usara-para-frear-flavio-bolsonaro\/\"  >\n\t\t\t\t\t\t\t\t\t  <div class=\"yuzo-img-wrap \" style=\"width: 125px;height:90px;\">\n\t\t\t\t\t\t\t\t\t\t\n\t\t\t\t\t\t\t\t\t\t<div class=\"yuzo-img\" style=\"background:url('https:\/\/redept.org\/blogosfera\/wp-content\/plugins\/yuzo-related-post\/assets\/images\/default.png') 50% 50% no-repeat;width: 125px;height:90px;margin-bottom: 5px;background-size: cover; \"><\/div>\n\t\t\t\t\t\t\t\t\t  <\/div>\n\t\t\t\t\t\t\t\t\t  \n\t\t\t\t\t\t\t\t   <span class=\"yuzo__text--title\" style=\"font-size:13px;\">Jaques Wagner exp\u00f5e os 3 trunfos que Lula usar\u00e1 pa...<\/span>\n\t\t\t\t\t\t\t  \n\t\t\t\t\t\t\t  \n\t\t\t\t\t\t\t  <\/a>\n\n\t\t\t\t\t\t  <\/div>\n\t\t\t\t\t\t  <div class=\"relatedthumb \" style=\"width:125px;float:left;overflow:hidden;\">  \n\t\t\t\t\t\t\t  \n\t\t\t\t\t\t\t  <a  href=\"https:\/\/redept.com.br\/blogosfera\/evo-morales-nao-consegue-registrar-candidatura-e-esquerda-vai-dividida-para-eleicoes-na-bolivia\/\"  >\n\t\t\t\t\t\t\t\t\t  <div class=\"yuzo-img-wrap \" style=\"width: 125px;height:90px;\">\n\t\t\t\t\t\t\t\t\t\t\n\t\t\t\t\t\t\t\t\t\t<div class=\"yuzo-img\" style=\"background:url('https:\/\/redept.org\/blogosfera\/wp-content\/plugins\/yuzo-related-post\/assets\/images\/default.png') 50% 50% no-repeat;width: 125px;height:90px;margin-bottom: 5px;background-size: cover; \"><\/div>\n\t\t\t\t\t\t\t\t\t  <\/div>\n\t\t\t\t\t\t\t\t\t  \n\t\t\t\t\t\t\t\t   <span class=\"yuzo__text--title\" style=\"font-size:13px;\">Evo Morales n\u00e3o consegue registrar candidatura e e...<\/span>\n\t\t\t\t\t\t\t  \n\t\t\t\t\t\t\t  \n\t\t\t\t\t\t\t  <\/a>\n\n\t\t\t\t\t\t  <\/div>\n\t\t\t\t\t\t  <div class=\"relatedthumb \" style=\"width:125px;float:left;overflow:hidden;\">  \n\t\t\t\t\t\t\t  \n\t\t\t\t\t\t\t  <a  href=\"https:\/\/redept.com.br\/blogosfera\/metalurgicos-do-abc-inauguram-1o-espaco-de-cannabis-medicinal-de-sao-bernardo\/\"  >\n\t\t\t\t\t\t\t\t\t  <div class=\"yuzo-img-wrap \" style=\"width: 125px;height:90px;\">\n\t\t\t\t\t\t\t\t\t\t\n\t\t\t\t\t\t\t\t\t\t<div class=\"yuzo-img\" style=\"background:url('https:\/\/redept.com.br\/blogosfera\/wp-content\/uploads\/2025\/08\/54691181771_4f14d5b394_k-150x150.jpg') 50% 50% no-repeat;width: 125px;height:90px;margin-bottom: 5px;background-size: cover; \"><\/div>\n\t\t\t\t\t\t\t\t\t  <\/div>\n\t\t\t\t\t\t\t\t\t  \n\t\t\t\t\t\t\t\t   <span class=\"yuzo__text--title\" style=\"font-size:13px;\">Metal\u00fargicos do ABC inauguram 1\u00ba espa\u00e7o de cannabi...<\/span>\n\t\t\t\t\t\t\t  \n\t\t\t\t\t\t\t  \n\t\t\t\t\t\t\t  <\/a>\n\n\t\t\t\t\t\t  <\/div>\n<\/div> <script>\n\t\t\t\t\t\t  jQuery(document).ready(function( $ ){\n\t\t\t\t\t\t\t\/\/jQuery('.yuzo_related_post').equalizer({ overflow : 'relatedthumb' });\n\t\t\t\t\t\t\tjQuery('.yuzo_related_post .yuzo_wraps').equalizer({ columns : '> div' });\n\t\t\t\t\t\t   })\n\t\t\t\t\t\t  <\/script> <!-- End Yuzo :) -->","protected":false},"excerpt":{"rendered":"<p>Os professores da rede p\u00fablica municipal de S\u00e3o Paulo decidiram decretar greve por tempo indeterminado. A decis\u00e3o ocorreu em assembleia na \u00faltima ter\u00e7a (15) realizada em frente \u00e0 Prefeitura, no Viaduto do Ch\u00e1, centro da capital, durante protesto contra a proposta de reajuste enviada pelo prefeito Ricardo Nunes (MDB) \u00e0 C\u00e2mara de Vereadores. De acordo [&hellip;]<\/p>\n","protected":false},"author":2,"featured_media":22461,"comment_status":"closed","ping_status":"closed","sticky":false,"template":"","format":"standard","meta":{"fifu_image_url":"","fifu_image_alt":"","footnotes":""},"categories":[5130,5131,95,756,5132,5133,492,494,29,5134,5135,5136],"tags":[],"class_list":["post-22460","post","type-post","status-publish","format-standard","has-post-thumbnail","hentry","category-coeduc","category-comite-de-educacao-do-pcdob-sao-paulo","category-educacao","category-greve","category-greve-dos-professores","category-pcdob-sao-paulo-sp","category-prefeitura-de-sao-paulo","category-ricardo-nunes","category-sao-paulo","category-sedin","category-sinesp","category-sinpeem"],"_links":{"self":[{"href":"https:\/\/redept.com.br\/blogosfera\/wp-json\/wp\/v2\/posts\/22460","targetHints":{"allow":["GET"]}}],"collection":[{"href":"https:\/\/redept.com.br\/blogosfera\/wp-json\/wp\/v2\/posts"}],"about":[{"href":"https:\/\/redept.com.br\/blogosfera\/wp-json\/wp\/v2\/types\/post"}],"author":[{"embeddable":true,"href":"https:\/\/redept.com.br\/blogosfera\/wp-json\/wp\/v2\/users\/2"}],"replies":[{"embeddable":true,"href":"https:\/\/redept.com.br\/blogosfera\/wp-json\/wp\/v2\/comments?post=22460"}],"version-history":[{"count":0,"href":"https:\/\/redept.com.br\/blogosfera\/wp-json\/wp\/v2\/posts\/22460\/revisions"}],"wp:featuredmedia":[{"embeddable":true,"href":"https:\/\/redept.com.br\/blogosfera\/wp-json\/wp\/v2\/media\/22461"}],"wp:attachment":[{"href":"https:\/\/redept.com.br\/blogosfera\/wp-json\/wp\/v2\/media?parent=22460"}],"wp:term":[{"taxonomy":"category","embeddable":true,"href":"https:\/\/redept.com.br\/blogosfera\/wp-json\/wp\/v2\/categories?post=22460"},{"taxonomy":"post_tag","embeddable":true,"href":"https:\/\/redept.com.br\/blogosfera\/wp-json\/wp\/v2\/tags?post=22460"}],"curies":[{"name":"wp","href":"https:\/\/api.w.org\/{rel}","templated":true}]}}