{"id":22900,"date":"2025-04-18T07:00:00","date_gmt":"2025-04-18T10:00:00","guid":{"rendered":"https:\/\/redept.org\/blogosfera\/deputada-do-pt-questiona-ritual-do-baep-e-quer-o-afastamento-dos-envolvidos\/"},"modified":"2025-04-18T07:00:00","modified_gmt":"2025-04-18T10:00:00","slug":"deputada-do-pt-questiona-ritual-do-baep-e-quer-o-afastamento-dos-envolvidos","status":"publish","type":"post","link":"https:\/\/redept.com.br\/blogosfera\/deputada-do-pt-questiona-ritual-do-baep-e-quer-o-afastamento-dos-envolvidos\/","title":{"rendered":"Deputada do PT questiona \u2018ritual\u2019 do Baep e quer o afastamento dos envolvidos"},"content":{"rendered":"<p>A deputada estadual <a href=\"https:\/\/www.instagram.com\/bethsahao\/\" target=\"_blank\" data-type=\"link\" data-id=\"https:\/\/www.instagram.com\/bethsahao\/\" rel=\"noreferrer noopener nofollow\">Beth Sah\u00e3o<\/a> (PT) enviou requerimento de informa\u00e7\u00e3o ao secret\u00e1rio de Seguran\u00e7a P\u00fablica, Guilherme Derrite, sobre as provid\u00eancias que est\u00e3o sendo tomadas no caso de um v\u00eddeo publicado pelo 9\u00ba Batalh\u00e3o de A\u00e7\u00f5es Especiais de Pol\u00edcia (Baep) de SP com s\u00edmbolos da KKK e sauda\u00e7\u00e3o nazista. Saiba mais na <a href=\"https:\/\/tvtnews.com.br\/\" data-type=\"page\" data-id=\"733503\">TVT News<\/a>. <\/p>\n<p>Al\u00e9m da deputada do PT, a deputada Ediane Maria (PSOL-SP) protocolou um pedido de investiga\u00e7\u00e3o ao Minist\u00e9rio P\u00fablico de S\u00e3o Paulo, na quarta-feira (16).<\/p>\n<h3>O que a deputada do PT pede?<\/h3>\n<\/p>\n<p>O documento da deputada do PT endere\u00e7ado ao gabinete de Derrite \u00e9 para que os policiais militares envolvidos no ritual, qualificado como odioso e macabro, sejam afastados de suas atividades enquanto perdurarem as apura\u00e7\u00f5es, \u201ca fim de assegurar os devidos procedimentos administrativo e judicial\u201d.<\/p>\n<p>O objetivo da parlamentar Beth Sah\u00e3o (PT) tamb\u00e9m \u00e9 obter detalhes do procedimento que foi aberto pela Corregedoria da Pol\u00edcia Militar sobre o caso, para as devidas responsabiliza\u00e7\u00f5es. <\/p>\n<p>Tamb\u00e9m busca saber quais iniciativas exatamente est\u00e3o sendo adotadas \u201cpara evitar a repeti\u00e7\u00e3o do ato criminoso, bem como para aprimorar a forma\u00e7\u00e3o dos agentes da seguran\u00e7a p\u00fablica na tem\u00e1tica da igualdade racial\u201d.<\/p>\n<\/p>\n<h3>Viol\u00eancia contra negros<\/h3>\n<\/p>\n<p>A preocupa\u00e7\u00e3o manifestada no documento no \u00e2mbito da quest\u00e3o racial justifica-se, inclusive, pelos dados estat\u00edsticos. Conforme levantamento divulgado pelo Instituto Sou da Paz em outubro do ano passado, a taxa de pessoas negras mortas pelas pol\u00edcias Civil e Militar de S\u00e3o Paulo subiu 83% de janeiro a agosto do ano passado, na compara\u00e7\u00e3o com o mesmo per\u00edodo do ano anterior.<\/p>\n<p>Nos primeiros oito meses de 2024, 441 pessoas foram mortas no estado de S\u00e3o Paulo por agentes das for\u00e7as de seguran\u00e7a em servi\u00e7o, contra 247 no ano passado no mesmo intervalo. Isso representa uma alta de 78%.<br \/>Desse total, 283 pessoas foram identificadas como negras (soma de pardas e pretas), e 138, como brancas. <\/p>\n<p>Outras 20 tiveram a ra\u00e7a ou a cor ignoradas no momento da elabora\u00e7\u00e3o do documento oficial da pol\u00edcia. No ano anterior, foram mortos 154 negros e 87 brancos. Com isso, praticamente 2 de cada 3 mortos eram negros (64% do total, mais que o dobro das mortes de brancos).<\/p>\n<p>\u201cA viol\u00eancia e discrimina\u00e7\u00e3o racial \u00e9 um grave problema em nossa sociedade, marcada por profundas desigualdades em raz\u00e3o das diferen\u00e7as de ra\u00e7a e etnia. O racismo pode ser expressado por atos diretos, atos omissivos ou gestos simb\u00f3licos, que perpetuam intoler\u00e2ncia e viola\u00e7\u00f5es de direitos humanos, em especial, pessoas pardas e negras\u201d, destaca o requerimento da deputada.<\/p>\n<p>A petista Beth Sah\u00e3o considera o caso do v\u00eddeo com s\u00edmbolos supremacistas um exemplo do potencial que atos como esse t\u00eam para insuflar tanto a viol\u00eancia da pr\u00f3pria pol\u00edcia quanto a discrimina\u00e7\u00e3o nas abordagens<\/p>\n<\/p>\n<h3>PM queimaram cruz e fizeram sauda\u00e7\u00e3o nazista, o motivou requerimento da deputada do PT<\/h3>\n<\/p>\n<p>Requerimento feito pela deputada do PT, Beth Sah\u00e3o, foi com base no v\u00eddeo publicado na ter\u00e7a-feira (15). A publica\u00e7\u00e3o tinha imagens noturnas captadas por drone, fuma\u00e7a de sinalizadores e trilha sonora, o conte\u00fado mostra PMs diante de uma cruz em chamas.<\/p>\n<p>A cruz em fogo era usada em cerim\u00f4nias para causar inspira\u00e7\u00e3o e como\u00e7\u00e3o entre os membros da Ku Klux Klan (KKK) \u2014 grupo reacion\u00e1rio e extremista que defende a supremacia branca e o nacionalismo branco.<\/p>\n<p>\u201cEla [a cruz] enviar\u00e1 uma emo\u00e7\u00e3o de inspira\u00e7\u00e3o a todos os membros de cl\u00e3s nas colinas\u201d, escreveu Thomas Dixon Jr., em\u00a0<em>The Clansman: A Historical Romance of the Ku Klux Klan<\/em>\u00a0(1905).<\/p>\n<p>A <strong>TVT News<\/strong> compara as duas situa\u00e7\u00f5es. Na esquerda est\u00e1 a imagem da PM de SP, a direita est\u00e1 uma foto da KKK. Os integrantes se re\u00fanem diante do objeto enquanto queima.<\/p>\n<\/p>\n<figure><img fetchpriority=\"high\" decoding=\"async\" width=\"1024\" height=\"576\"src=\"https:\/\/redept.org\/blogosfera\/wp-content\/uploads\/2025\/04\/comparacao-pm-e-kkk.jpg\" alt=\"pms-queimam-cruz-ao-estilo-kkk-com-apologia-nazista\" title=\"Deputada do PT questiona \u2018ritual\u2019 do Baep e quer o afastamento dos envolvidos 7\" srcset=\"https:\/\/tvtnews.com.br\/wp-content\/uploads\/2025\/04\/comparacao-pm-e-kkk-1024x576.jpg 1024w, https:\/\/tvtnews.com.br\/wp-content\/uploads\/2025\/04\/comparacao-pm-e-kkk-300x169.jpg 300w, https:\/\/tvtnews.com.br\/wp-content\/uploads\/2025\/04\/comparacao-pm-e-kkk-768x432.jpg 768w, https:\/\/tvtnews.com.br\/wp-content\/uploads\/2025\/04\/comparacao-pm-e-kkk-1536x864.jpg 1536w, https:\/\/redept.org\/blogosfera\/wp-content\/uploads\/2025\/04\/comparacao-pm-e-kkk.jpg 1600w\" sizes=\"(max-width: 1024px) 100vw, 1024px\"><figcaption>Compara\u00e7\u00e3o entre a PM de SP com a KKK. Imagem: TVT News<\/figcaption><\/figure>\n<p><\/p>\n<p>Na sequ\u00eancia aparece um homem levantando o bra\u00e7o acima da altura do ombro. Existem duas possibilidades para esse movimento: o agente errou um dos movimentos mais b\u00e1sicos do militarismo ou ele fez uma sauda\u00e7\u00e3o a Hitler, em clara apologia nazista.<\/p>\n<p>Na imagem montada pela\u00a0<strong>TVT News<\/strong>\u00a0\u00e9 poss\u00edvel ver com clareza que o bra\u00e7o do agente est\u00e1 acima do ombro. Na direita h\u00e1 uma imagem da popula\u00e7\u00e3o alem\u00e3 reunida realizando a sauda\u00e7\u00e3o nazista, de praxe, os bra\u00e7os est\u00e3o acima do ombro em um \u00e2ngulo similar a 145\u00ba.<\/p>\n<p>Ao servir para uma institui\u00e7\u00e3o militar a ordem \u00e9: fa\u00e7a o movimento em 90\u00ba, qualquer altera\u00e7\u00e3o \u00e9 criticada e mal vista, por ser considerada desleixada.<\/p>\n<\/p>\n<figure><img loading=\"lazy\" loading=\"lazy\" decoding=\"async\" width=\"1024\" height=\"576\"src=\"https:\/\/redept.org\/blogosfera\/wp-content\/uploads\/2025\/04\/saudacao-nazista.jpg\" alt=\"pms-queimam-cruz-ao-estilo-kkk-com-apologia-nazista-movimento-de-policial-em-comparacao-a-saudacao-a-hitler-durante-a-alemanha-nazista-fotos-wiki-commons-reproducao-tvt-news\" title=\"Deputada do PT questiona \u2018ritual\u2019 do Baep e quer o afastamento dos envolvidos 8\" srcset=\"https:\/\/tvtnews.com.br\/wp-content\/uploads\/2025\/04\/saudacao-nazista-1024x576.jpg 1024w, https:\/\/tvtnews.com.br\/wp-content\/uploads\/2025\/04\/saudacao-nazista-300x169.jpg 300w, https:\/\/tvtnews.com.br\/wp-content\/uploads\/2025\/04\/saudacao-nazista-768x432.jpg 768w, https:\/\/tvtnews.com.br\/wp-content\/uploads\/2025\/04\/saudacao-nazista-1536x864.jpg 1536w, https:\/\/redept.org\/blogosfera\/wp-content\/uploads\/2025\/04\/saudacao-nazista.jpg 1600w\" sizes=\"auto, (max-width: 1024px) 100vw, 1024px\"><figcaption>Movimento de policial em compara\u00e7\u00e3o a sauda\u00e7\u00e3o a Hitler durante a Alemanha nazista. Fotos: Wiki Commons\/Reprodu\u00e7\u00e3o<\/figcaption><\/figure>\n<\/p>\n<figure>\n<div>\n<blockquote data-secret=\"jFp7DzAzdM\"><p><a href=\"https:\/\/tvtnews.com.br\/pms-queimam-cruz-ao-estilo-kkk-com-apologia-nazista\/\">PMs queimam cruz ao estilo KKK com apologia nazista<\/a><\/p><\/blockquote>\n<\/div>\n<\/figure>\n<p>The post <a rel=\"nofollow\" href=\"https:\/\/tvtnews.com.br\/deputada-pt-questiona-baep-quer-afastamento\/\">Deputada do PT questiona \u2018ritual\u2019 do Baep e quer o afastamento dos envolvidos<\/a> appeared first on <a rel=\"nofollow\" href=\"https:\/\/tvtnews.com.br\/\">TVT News<\/a>.<\/p>\n<!-- Begin Yuzo --><div class='yuzo_related_post style-1'  data-version='5.12.89'><!-- without result --><div class='yuzo_clearfixed yuzo__title yuzo__title'><h3>Related Post<\/h3><\/div>\n\t\t\t\t\t\t  <div class=\"relatedthumb \" style=\"width:125px;float:left;overflow:hidden;\">  \n\t\t\t\t\t\t\t  \n\t\t\t\t\t\t\t  <a  href=\"https:\/\/redept.com.br\/blogosfera\/na-malasia-lula-recebe-titulo-de-doutor-honoris-causa-reconhecimento-ao-povo-brasileiro\/\"  >\n\t\t\t\t\t\t\t\t\t  <div class=\"yuzo-img-wrap \" style=\"width: 125px;height:90px;\">\n\t\t\t\t\t\t\t\t\t\t\n\t\t\t\t\t\t\t\t\t\t<div class=\"yuzo-img\" style=\"background:url('https:\/\/redept.org\/blogosfera\/wp-content\/plugins\/yuzo-related-post\/assets\/images\/default.png') 50% 50% no-repeat;width: 125px;height:90px;margin-bottom: 5px;background-size: cover; \"><\/div>\n\t\t\t\t\t\t\t\t\t  <\/div>\n\t\t\t\t\t\t\t\t\t  \n\t\t\t\t\t\t\t\t   <span class=\"yuzo__text--title\" style=\"font-size:13px;\">Na Mal\u00e1sia, Lula recebe t\u00edtulo de Doutor Honoris C...<\/span>\n\t\t\t\t\t\t\t  \n\t\t\t\t\t\t\t  \n\t\t\t\t\t\t\t  <\/a>\n\n\t\t\t\t\t\t  <\/div>\n\t\t\t\t\t\t  <div class=\"relatedthumb \" style=\"width:125px;float:left;overflow:hidden;\">  \n\t\t\t\t\t\t\t  \n\t\t\t\t\t\t\t  <a  href=\"https:\/\/redept.com.br\/blogosfera\/bad-bunny-hackeou-o-sistema-e-agora\/\"  >\n\t\t\t\t\t\t\t\t\t  <div class=\"yuzo-img-wrap \" style=\"width: 125px;height:90px;\">\n\t\t\t\t\t\t\t\t\t\t\n\t\t\t\t\t\t\t\t\t\t<div class=\"yuzo-img\" style=\"background:url('https:\/\/redept.com.br\/blogosfera\/wp-content\/uploads\/2026\/02\/Apple-Music-Super-Bowl-LX-Halftime-Show-hero_bigjpglarge_2x-150x150.jpg') 50% 50% no-repeat;width: 125px;height:90px;margin-bottom: 5px;background-size: cover; \"><\/div>\n\t\t\t\t\t\t\t\t\t  <\/div>\n\t\t\t\t\t\t\t\t\t  \n\t\t\t\t\t\t\t\t   <span class=\"yuzo__text--title\" style=\"font-size:13px;\">Bad Bunny hackeou o sistema. E agora?<\/span>\n\t\t\t\t\t\t\t  \n\t\t\t\t\t\t\t  \n\t\t\t\t\t\t\t  <\/a>\n\n\t\t\t\t\t\t  <\/div>\n\t\t\t\t\t\t  <div class=\"relatedthumb \" style=\"width:125px;float:left;overflow:hidden;\">  \n\t\t\t\t\t\t\t  \n\t\t\t\t\t\t\t  <a  href=\"https:\/\/redept.com.br\/blogosfera\/papa-francisco-apresenta-melhora-e-reduz-ventilacao-mecanica\/\"  >\n\t\t\t\t\t\t\t\t\t  <div class=\"yuzo-img-wrap \" style=\"width: 125px;height:90px;\">\n\t\t\t\t\t\t\t\t\t\t\n\t\t\t\t\t\t\t\t\t\t<div class=\"yuzo-img\" style=\"background:url('https:\/\/redept.com.br\/blogosfera\/wp-content\/uploads\/2025\/03\/papa_francisco_05_2018_323-150x150.jpg') 50% 50% no-repeat;width: 125px;height:90px;margin-bottom: 5px;background-size: cover; \"><\/div>\n\t\t\t\t\t\t\t\t\t  <\/div>\n\t\t\t\t\t\t\t\t\t  \n\t\t\t\t\t\t\t\t   <span class=\"yuzo__text--title\" style=\"font-size:13px;\">Papa Francisco apresenta melhora e reduz ventila\u00e7\u00e3...<\/span>\n\t\t\t\t\t\t\t  \n\t\t\t\t\t\t\t  \n\t\t\t\t\t\t\t  <\/a>\n\n\t\t\t\t\t\t  <\/div>\n\t\t\t\t\t\t  <div class=\"relatedthumb \" style=\"width:125px;float:left;overflow:hidden;\">  \n\t\t\t\t\t\t\t  \n\t\t\t\t\t\t\t  <a  href=\"https:\/\/redept.com.br\/blogosfera\/eua-impoem-sobretaxa-adicional-aos-produtos-da-china-e-tarifas-chegam-a-104\/\"  >\n\t\t\t\t\t\t\t\t\t  <div class=\"yuzo-img-wrap \" style=\"width: 125px;height:90px;\">\n\t\t\t\t\t\t\t\t\t\t\n\t\t\t\t\t\t\t\t\t\t<div class=\"yuzo-img\" style=\"background:url('https:\/\/redept.com.br\/blogosfera\/wp-content\/uploads\/2025\/04\/leavitt-150x150.jpg') 50% 50% no-repeat;width: 125px;height:90px;margin-bottom: 5px;background-size: cover; \"><\/div>\n\t\t\t\t\t\t\t\t\t  <\/div>\n\t\t\t\t\t\t\t\t\t  \n\t\t\t\t\t\t\t\t   <span class=\"yuzo__text--title\" style=\"font-size:13px;\">EUA imp\u00f5em sobretaxa adicional aos produtos da Chi...<\/span>\n\t\t\t\t\t\t\t  \n\t\t\t\t\t\t\t  \n\t\t\t\t\t\t\t  <\/a>\n\n\t\t\t\t\t\t  <\/div>\n<\/div> <script>\n\t\t\t\t\t\t  jQuery(document).ready(function( $ ){\n\t\t\t\t\t\t\t\/\/jQuery('.yuzo_related_post').equalizer({ overflow : 'relatedthumb' });\n\t\t\t\t\t\t\tjQuery('.yuzo_related_post .yuzo_wraps').equalizer({ columns : '> div' });\n\t\t\t\t\t\t   })\n\t\t\t\t\t\t  <\/script> <!-- End Yuzo :) -->","protected":false},"excerpt":{"rendered":"<p>A deputada estadual Beth Sah\u00e3o (PT) enviou requerimento de informa\u00e7\u00e3o ao secret\u00e1rio de Seguran\u00e7a P\u00fablica, Guilherme Derrite, sobre as provid\u00eancias que est\u00e3o sendo tomadas no caso de um v\u00eddeo publicado pelo 9\u00ba Batalh\u00e3o de A\u00e7\u00f5es Especiais de Pol\u00edcia (Baep) de SP com s\u00edmbolos da KKK e sauda\u00e7\u00e3o nazista. Saiba mais na TVT News. Al\u00e9m da [&hellip;]<\/p>\n","protected":false},"author":2,"featured_media":22901,"comment_status":"closed","ping_status":"closed","sticky":false,"template":"","format":"standard","meta":{"fifu_image_url":"","fifu_image_alt":"","footnotes":""},"categories":[473,2099,61,506],"tags":[],"class_list":["post-22900","post","type-post","status-publish","format-standard","has-post-thumbnail","hentry","category-destaque-medio","category-pm","category-sociedade","category-violencia-policial"],"_links":{"self":[{"href":"https:\/\/redept.com.br\/blogosfera\/wp-json\/wp\/v2\/posts\/22900","targetHints":{"allow":["GET"]}}],"collection":[{"href":"https:\/\/redept.com.br\/blogosfera\/wp-json\/wp\/v2\/posts"}],"about":[{"href":"https:\/\/redept.com.br\/blogosfera\/wp-json\/wp\/v2\/types\/post"}],"author":[{"embeddable":true,"href":"https:\/\/redept.com.br\/blogosfera\/wp-json\/wp\/v2\/users\/2"}],"replies":[{"embeddable":true,"href":"https:\/\/redept.com.br\/blogosfera\/wp-json\/wp\/v2\/comments?post=22900"}],"version-history":[{"count":0,"href":"https:\/\/redept.com.br\/blogosfera\/wp-json\/wp\/v2\/posts\/22900\/revisions"}],"wp:featuredmedia":[{"embeddable":true,"href":"https:\/\/redept.com.br\/blogosfera\/wp-json\/wp\/v2\/media\/22901"}],"wp:attachment":[{"href":"https:\/\/redept.com.br\/blogosfera\/wp-json\/wp\/v2\/media?parent=22900"}],"wp:term":[{"taxonomy":"category","embeddable":true,"href":"https:\/\/redept.com.br\/blogosfera\/wp-json\/wp\/v2\/categories?post=22900"},{"taxonomy":"post_tag","embeddable":true,"href":"https:\/\/redept.com.br\/blogosfera\/wp-json\/wp\/v2\/tags?post=22900"}],"curies":[{"name":"wp","href":"https:\/\/api.w.org\/{rel}","templated":true}]}}