{"id":23074,"date":"2025-04-20T09:14:08","date_gmt":"2025-04-20T12:14:08","guid":{"rendered":"https:\/\/redept.org\/blogosfera\/mst-tem-desafios-para-montar-acampamento-na-venezuela-mas-contexto-politico-favorece-producao\/"},"modified":"2025-04-20T09:14:08","modified_gmt":"2025-04-20T12:14:08","slug":"mst-tem-desafios-para-montar-acampamento-na-venezuela-mas-contexto-politico-favorece-producao","status":"publish","type":"post","link":"https:\/\/redept.com.br\/blogosfera\/mst-tem-desafios-para-montar-acampamento-na-venezuela-mas-contexto-politico-favorece-producao\/","title":{"rendered":"MST tem desafios para montar acampamento na Venezuela, mas contexto pol\u00edtico favorece produ\u00e7\u00e3o"},"content":{"rendered":"<p>Montar um acampamento para produ\u00e7\u00e3o agr\u00edcola n\u00e3o \u00e9 simples. O Movimento dos Trabalhadores Rurais Sem Terra (MST) tem um <a href=\"https:\/\/www.brasildefato.com.br\/2025\/04\/12\/soberania-alimentar-e-outra-logica-de-producao-mst-comeca-trabalho-nas-terras-no-sul-da-venezuela-baseado-na-agrofloresta\/\">m\u00e9todo para ocupar um espa\u00e7o e come\u00e7ar uma produ\u00e7\u00e3o que parte de uma an\u00e1lise agroecol\u00f3gica do espa\u00e7o e da sociedade<\/a> presente no territ\u00f3rio. Na Venezuela, a participa\u00e7\u00e3o do movimento encontra particularidades.\u00a0<\/p>\n<p>O <a href=\"https:\/\/www.brasildefato.com.br\/2025\/03\/27\/com-ajuda-do-mst-projeto-no-sul-da-venezuela-pretende-garantir-soberania-alimentar-do-pais\/\">MST foi convocado pelo governo venezuelano para estruturar a produ\u00e7\u00e3o na regi\u00e3o sul do pa\u00eds<\/a>. Chamado de P\u00e1tria Grande do Sul, o projeto na Vergare\u00f1a tem 180 mil hectares e ser\u00e1 usado pelo governo venezuelano para a produ\u00e7\u00e3o de alimentos seguindo a l\u00f3gica da agrofloresta. O territ\u00f3rio no sul do pa\u00eds tem como intuito produzir alimentos suficientes para garantir a soberania alimentar da Venezuela.\u00a0<\/p>\n<p>Para isso, o <a href=\"https:\/\/www.brasildefato.com.br\/2025\/03\/14\/venezuela-lanca-projeto-de-180-mil-hectares-com-mst-no-sul-do-pais-para-producao-agroecologica\/\">MST ajudar\u00e1 na montagem de uma estrutura para que fam\u00edlias cheguem e ocupem o espa\u00e7o nos acampamentos<\/a>. H\u00e1, no entanto, algumas diferen\u00e7as entre o projeto na Venezuela e a forma que o movimento atua no Brasil. Primeiro porque no Brasil o grupo faz um estudo do terreno, possibilidades e potencialidades para a produ\u00e7\u00e3o, qualidade do solo e o contexto social que aquele espa\u00e7o est\u00e1 inserido.\u00a0<\/p>\n<p>Tudo isso com o apoio e o estudo de agrofloresteiros que t\u00eam uma forma\u00e7\u00e3o voltada ao plantio que produza em larga escala sem uso de agrot\u00f3xicos e respeitando o tempo da terra.\u00a0<\/p>\n<p>Ao todo, <a href=\"https:\/\/www.brasildefato.com.br\/2025\/03\/14\/venezuela-lanca-projeto-de-180-mil-hectares-com-mst-no-sul-do-pais-para-producao-agroecologica\/\">14 militantes do MST foram a Vergare\u00f1a para montar a estrutura do acampamento que ser\u00e1 administrado pela Uni\u00e3o Comunera<\/a>. De acordo com eles, uma das principais dificuldades \u00e9 compreender uma situa\u00e7\u00e3o diferente da brasileira, n\u00e3o s\u00f3 no prop\u00f3sito de atua\u00e7\u00e3o, mas tamb\u00e9m no contexto em que as fam\u00edlias est\u00e3o inseridas.<\/p>\n<p>Gessica Lima \u00e9 militante do MST e est\u00e1 na Vergare\u00f1a para ajudar a construir a Patria Grande do Sul. De acordo com ela, esse entendimento do contexto em que a comunidade local est\u00e1 inserida \u00e9 uma quest\u00e3o desafiadora para o movimento.<\/p>\n<p>\u201cEu acho que uma das maiores dificuldades que a gente t\u00e1 tendo aqui \u00e9 que a gente precisa entender o contexto das pessoas. E organizar essa gente partindo do zero, iniciando para que eles compreendam primeiramente o que \u00e9 um acampamento. Como se constr\u00f3i um acampamento. Qual \u00e9 a l\u00f3gica desse acampamento, qual \u00e9 o objetivo, qual \u00e9 a proposta que a gente apresenta atrav\u00e9s desse acampamento\u201d, explicou ao <strong>Brasil de Fato<\/strong>.<\/p>\n<p>O <a href=\"https:\/\/www.brasildefato.com.br\/2024\/10\/05\/anti-imperialismo-e-reforma-agraria-aproximam-mst-da-venezuela-afirma-stedile\/\">MST atua no pa\u00eds h\u00e1 quase 20 anos em parceria com as comunas venezuelanas<\/a>. A Brigada Apol\u00f4nio de Carvalho tem como eixos fundamentais o aux\u00edlio em projetos de agroecologia, al\u00e9m de forma\u00e7\u00e3o t\u00e9cnica e a produ\u00e7\u00e3o de alimentos org\u00e2nicos. Mas a rela\u00e7\u00e3o com o governo tamb\u00e9m \u00e9 uma diferen\u00e7a na atua\u00e7\u00e3o do movimento no Brasil e na Venezuela.\u00a0<\/p>\n<p>Enquanto em territ\u00f3rio brasileiro o MST tem como principal frente a luta pela reforma agr\u00e1ria e o objetivo de assentar fam\u00edlias brasileiras, na Venezuela a ideia \u00e9 garantir a forma\u00e7\u00e3o t\u00e9cnica na produ\u00e7\u00e3o agroecol\u00f3gica e participar na articula\u00e7\u00e3o pol\u00edtica com movimentos populares e o pr\u00f3prio governo venezuelano.<\/p>\n<p>O movimento ser\u00e1 respons\u00e1vel pela administra\u00e7\u00e3o e apoio log\u00edstico ao programa P\u00e1tria Grande do Sul. O projeto tem como objetivo produzir uma ampla variedade de alimentos em quantidade suficiente para abastecer uma parte consider\u00e1vel do pa\u00eds. Mas o MST indica um outro desafio fundamental para a organiza\u00e7\u00e3o e montagem do acampamento: a log\u00edstica. O local \u00e9 isolado e o acesso por terra \u00e9 feito s\u00f3 por estradas de terra.<\/p>\n<p>A regi\u00e3o em que est\u00e1 a unidade das For\u00e7as Armadas na regi\u00e3o \u00e9 a que tem hoje uma estrutura para receber as primeiras fam\u00edlias, os equipamentos, e fica a 90km de Puerto Ordaz, a cidade refer\u00eancia da regi\u00e3o Oriente, no leste da Venezuela. Para chegar a essa estrutura \u00e9 preciso pegar duas horas de estrada de asfalto e mais duas horas de estrada de terra, ou usar um avi\u00e3o monomotor e pousar em uma pista de terra que fica ao lado das casas.<\/p>\n<p>Por isso, outra quest\u00e3o desafiadora para o MST \u00e9 conseguir, junto da Uni\u00e3o Comunera, mobilizar fam\u00edlias para irem ao local.\u00a0<\/p>\n<p>H\u00e1, no entanto, outras diferen\u00e7as cruciais para a atua\u00e7\u00e3o em rela\u00e7\u00e3o ao governo brasileiro. Por ser um projeto do governo, todo o apoio para a compra de equipamentos \u00e9 feita pelo Minist\u00e9rio da Agricultura. Ro\u00e7adeiras el\u00e9tricas, tratores, motocultivadores e adubadoras j\u00e1 est\u00e3o sendo comprados e levados \u00e0 Vergare\u00f1a. A maioria desses produtos s\u00e3o chineses, j\u00e1 que o pa\u00eds tem uma parceria estrat\u00e9gica com a China e importa maquin\u00e1rios sem tantos impostos.\u00a0<\/p>\n<p>A reportagem do <strong>Brasil de Fato<\/strong> esteve na Vergare\u00f1a e acompanhou a chegada dos primeiros equipamentos ao local. Para os militantes, esse apoio do governo \u00e9 fundamental para a execu\u00e7\u00e3o do projeto.\u00a0A meta \u00e9 ter 300 fam\u00edlias logo no in\u00edcio do projeto. Gessica Lima afirma que esse movimento \u00e9 facilitado tamb\u00e9m pelo contexto de ser um projeto organizado pelo governo venezuelano.<\/p>\n<p>\u201cVamos iniciar com 300 pessoas no acampamento, coisa que se a gente fosse fazer no Brasil, a gente ia ainda fazer um trabalho de base, a gente teria que ir para as periferias, teria que ir para esses territ\u00f3rios que s\u00e3o ocupados por pessoas que est\u00e3o em situa\u00e7\u00e3o de rua, para poder fazer uma conversa, para poder convencer as pessoas de ocupar esse territ\u00f3rio\u201d, afirmou.<\/p>\n<p>A rela\u00e7\u00e3o com o governo venezuelano tamb\u00e9m \u00e9 moldada dentro de uma quest\u00e3o pol\u00edtica particular da Venezuela. Por ter um processo que \u00e9 chamado pelo governo de Revolu\u00e7\u00e3o Bolivariana, sendo pautado dentro dos marco do socialismo, h\u00e1 toda uma nova estrutura de organiza\u00e7\u00e3o social que difere do Brasil.<\/p>\n<p>Altamir Bastos \u00e9 agrofloresteiro e est\u00e1 ajudando na montagem da P\u00e1tria Grande do Sul. Segundo ele, a organiza\u00e7\u00e3o em torno das comunas \u00e9 importante para projetos com esse car\u00e1ter. As comunas s\u00e3o experi\u00eancias de uma nova forma de organiza\u00e7\u00e3o social baseada na autogest\u00e3o e com di\u00e1logo permanente com o Estado.<\/p>\n<p>\u201cAqui os desafios s\u00e3o bem menores do que no Brasil. Porque h\u00e1 um processo organizativo diferente, mais avan\u00e7ado, que s\u00e3o os conselhos comunais. As pessoas est\u00e3o inseridas nessas organiza\u00e7\u00f5es e tem uma forma\u00e7\u00e3o pol\u00edtica, uma forma\u00e7\u00e3o ideol\u00f3gica, um objetivo. Ent\u00e3o fica bem mais f\u00e1cil de se trabalhar. E existe um governo que tem a intencionalidade do avan\u00e7o do processo revolucion\u00e1rio. E isso muda tudo\u201d, afirmou ao <strong>Brasil de Fato<\/strong>.<\/p>\n<p>De acordo com ele, essa mudan\u00e7a de perspectiva \u00e9 fundamental tamb\u00e9m para a pr\u00f3pria distribui\u00e7\u00e3o dos alimentos, j\u00e1 que os conselhos comunais e as comunas t\u00eam um contato direto com a popula\u00e7\u00e3o e podem auxiliar nessa log\u00edstica.<\/p>\n<p>Um dos pontos fundamentais para o MST dentro da mudan\u00e7a da perspectiva de produ\u00e7\u00e3o que existe no territ\u00f3rio \u00e9 mudar a forma de limpar o terreno. Hoje, as comunidades locais usam o fogo entre as safras para poder recome\u00e7ar um novo plantio. De acordo com os agrofloresteiros do MST, apesar de aumentar a produtividade em um primeiro momento, a repeti\u00e7\u00e3o dessa pr\u00e1tica prejudica o solo e reduz a capacidade do plantio a cada nova colheita.\u00a0<\/p>\n<p>A Vergare\u00f1a tamb\u00e9m tem uma particularidade geogr\u00e1fica, por ser uma \u00e1rea de transi\u00e7\u00e3o entre um bioma \u00famido como o amaz\u00f4nico e um seco como a savana. Por isso, o fogo tamb\u00e9m prejudica a biodiversidade de um local que mescla especies de diferentes espa\u00e7os.<\/p>\n<p>Para o movimento, todo esse contexto faz com que a montagem do acampamento tenha uma s\u00e9rie de desafios, mas coloca a Venezuela em uma posi\u00e7\u00e3o favor\u00e1vel para o desenvolvimento deste tipo de projeto.<\/p>\n<p>\u201cO MST n\u00e3o veio ocupar terra, at\u00e9 porque a gente n\u00e3o quer transformar a Venezuela no Brasil. Porque a Venezuela j\u00e1 est\u00e1 bem mais avan\u00e7ada do que o Brasil nessa quest\u00e3o. Para al\u00e9m de levar a s\u00e9rio um dos nossos princ\u00edpios de solidariedade entre os povos, a gente tamb\u00e9m quer entender um pouco do processo da Revolu\u00e7\u00e3o Bolivariana. E a gente quer beber nessa fonte, como \u00e9 que a gente constr\u00f3i esse processo l\u00e1 tamb\u00e9m. Ent\u00e3o MST est\u00e1 aqui para fazer essa troca\u201d, concluiu Gessica Lima.<\/p><\/p>\n<!-- Begin Yuzo --><div class='yuzo_related_post style-1'  data-version='5.12.89'><!-- without result --><div class='yuzo_clearfixed yuzo__title yuzo__title'><h3>Related Post<\/h3><\/div>\n\t\t\t\t\t\t  <div class=\"relatedthumb \" style=\"width:125px;float:left;overflow:hidden;\">  \n\t\t\t\t\t\t\t  \n\t\t\t\t\t\t\t  <a  href=\"https:\/\/redept.com.br\/blogosfera\/big-techs-e-eleicoes-a-chance-que-o-brasil-esta-perdendo\/\"  >\n\t\t\t\t\t\t\t\t\t  <div class=\"yuzo-img-wrap \" style=\"width: 125px;height:90px;\">\n\t\t\t\t\t\t\t\t\t\t\n\t\t\t\t\t\t\t\t\t\t<div class=\"yuzo-img\" style=\"background:url('https:\/\/redept.com.br\/blogosfera\/wp-content\/uploads\/2026\/03\/JA21_bigtech_finalcmyk_01-1-2048x1151-150x150.png') 50% 50% no-repeat;width: 125px;height:90px;margin-bottom: 5px;background-size: cover; \"><\/div>\n\t\t\t\t\t\t\t\t\t  <\/div>\n\t\t\t\t\t\t\t\t\t  \n\t\t\t\t\t\t\t\t   <span class=\"yuzo__text--title\" style=\"font-size:13px;\">Big techs e elei\u00e7\u00f5es: a chance que o Brasil est\u00e1 p...<\/span>\n\t\t\t\t\t\t\t  \n\t\t\t\t\t\t\t  \n\t\t\t\t\t\t\t  <\/a>\n\n\t\t\t\t\t\t  <\/div>\n\t\t\t\t\t\t  <div class=\"relatedthumb \" style=\"width:125px;float:left;overflow:hidden;\">  \n\t\t\t\t\t\t\t  \n\t\t\t\t\t\t\t  <a  href=\"https:\/\/redept.com.br\/blogosfera\/no-mst-eu-encontrei-o-meu-lugar-diz-militante-homenageada-na-alep\/\"  >\n\t\t\t\t\t\t\t\t\t  <div class=\"yuzo-img-wrap \" style=\"width: 125px;height:90px;\">\n\t\t\t\t\t\t\t\t\t\t\n\t\t\t\t\t\t\t\t\t\t<div class=\"yuzo-img\" style=\"background:url('https:\/\/redept.com.br\/blogosfera\/wp-content\/uploads\/2026\/03\/unnamed-4-150x150.jpg') 50% 50% no-repeat;width: 125px;height:90px;margin-bottom: 5px;background-size: cover; \"><\/div>\n\t\t\t\t\t\t\t\t\t  <\/div>\n\t\t\t\t\t\t\t\t\t  \n\t\t\t\t\t\t\t\t   <span class=\"yuzo__text--title\" style=\"font-size:13px;\">No MST \u201ceu encontrei o meu lugar\u201d, diz militante h...<\/span>\n\t\t\t\t\t\t\t  \n\t\t\t\t\t\t\t  \n\t\t\t\t\t\t\t  <\/a>\n\n\t\t\t\t\t\t  <\/div>\n\t\t\t\t\t\t  <div class=\"relatedthumb \" style=\"width:125px;float:left;overflow:hidden;\">  \n\t\t\t\t\t\t\t  \n\t\t\t\t\t\t\t  <a  href=\"https:\/\/redept.com.br\/blogosfera\/museu-nacional-reabre-sete-anos-apos-incendio-veja-fotos\/\"  >\n\t\t\t\t\t\t\t\t\t  <div class=\"yuzo-img-wrap \" style=\"width: 125px;height:90px;\">\n\t\t\t\t\t\t\t\t\t\t\n\t\t\t\t\t\t\t\t\t\t<div class=\"yuzo-img\" style=\"background:url('https:\/\/redept.com.br\/blogosfera\/wp-content\/uploads\/2025\/07\/museu-nacional-7-150x150.webp') 50% 50% no-repeat;width: 125px;height:90px;margin-bottom: 5px;background-size: cover; \"><\/div>\n\t\t\t\t\t\t\t\t\t  <\/div>\n\t\t\t\t\t\t\t\t\t  \n\t\t\t\t\t\t\t\t   <span class=\"yuzo__text--title\" style=\"font-size:13px;\">Museu Nacional reabre sete anos ap\u00f3s inc\u00eandio. Vej...<\/span>\n\t\t\t\t\t\t\t  \n\t\t\t\t\t\t\t  \n\t\t\t\t\t\t\t  <\/a>\n\n\t\t\t\t\t\t  <\/div>\n\t\t\t\t\t\t  <div class=\"relatedthumb \" style=\"width:125px;float:left;overflow:hidden;\">  \n\t\t\t\t\t\t\t  \n\t\t\t\t\t\t\t  <a  href=\"https:\/\/redept.com.br\/blogosfera\/oposicao-quer-desgastar-governo-lula-com-cpmi-do-inss-avalia-internacionalista\/\"  >\n\t\t\t\t\t\t\t\t\t  <div class=\"yuzo-img-wrap \" style=\"width: 125px;height:90px;\">\n\t\t\t\t\t\t\t\t\t\t\n\t\t\t\t\t\t\t\t\t\t<div class=\"yuzo-img\" style=\"background:url('https:\/\/redept.org\/blogosfera\/wp-content\/plugins\/yuzo-related-post\/assets\/images\/default.png') 50% 50% no-repeat;width: 125px;height:90px;margin-bottom: 5px;background-size: cover; \"><\/div>\n\t\t\t\t\t\t\t\t\t  <\/div>\n\t\t\t\t\t\t\t\t\t  \n\t\t\t\t\t\t\t\t   <span class=\"yuzo__text--title\" style=\"font-size:13px;\">Oposi\u00e7\u00e3o quer desgastar governo Lula com CPMI do I...<\/span>\n\t\t\t\t\t\t\t  \n\t\t\t\t\t\t\t  \n\t\t\t\t\t\t\t  <\/a>\n\n\t\t\t\t\t\t  <\/div>\n<\/div> <script>\n\t\t\t\t\t\t  jQuery(document).ready(function( $ ){\n\t\t\t\t\t\t\t\/\/jQuery('.yuzo_related_post').equalizer({ overflow : 'relatedthumb' });\n\t\t\t\t\t\t\tjQuery('.yuzo_related_post .yuzo_wraps').equalizer({ columns : '> div' });\n\t\t\t\t\t\t   })\n\t\t\t\t\t\t  <\/script> <!-- End Yuzo :) -->","protected":false},"excerpt":{"rendered":"<p>Montar um acampamento para produ\u00e7\u00e3o agr\u00edcola n\u00e3o \u00e9 simples. O Movimento dos Trabalhadores Rurais Sem Terra (MST) tem um m\u00e9todo para ocupar um espa\u00e7o e come\u00e7ar uma produ\u00e7\u00e3o que parte de uma an\u00e1lise agroecol\u00f3gica do espa\u00e7o e da sociedade presente no territ\u00f3rio. Na Venezuela, a participa\u00e7\u00e3o do movimento encontra particularidades.\u00a0 O MST foi convocado pelo [&hellip;]<\/p>\n","protected":false},"author":2,"featured_media":0,"comment_status":"closed","ping_status":"closed","sticky":false,"template":"","format":"standard","meta":{"fifu_image_url":"","fifu_image_alt":"","footnotes":""},"categories":[50,302,1049],"tags":[],"class_list":["post-23074","post","type-post","status-publish","format-standard","hentry","category-internacional","category-mst","category-venezuela"],"_links":{"self":[{"href":"https:\/\/redept.com.br\/blogosfera\/wp-json\/wp\/v2\/posts\/23074","targetHints":{"allow":["GET"]}}],"collection":[{"href":"https:\/\/redept.com.br\/blogosfera\/wp-json\/wp\/v2\/posts"}],"about":[{"href":"https:\/\/redept.com.br\/blogosfera\/wp-json\/wp\/v2\/types\/post"}],"author":[{"embeddable":true,"href":"https:\/\/redept.com.br\/blogosfera\/wp-json\/wp\/v2\/users\/2"}],"replies":[{"embeddable":true,"href":"https:\/\/redept.com.br\/blogosfera\/wp-json\/wp\/v2\/comments?post=23074"}],"version-history":[{"count":0,"href":"https:\/\/redept.com.br\/blogosfera\/wp-json\/wp\/v2\/posts\/23074\/revisions"}],"wp:attachment":[{"href":"https:\/\/redept.com.br\/blogosfera\/wp-json\/wp\/v2\/media?parent=23074"}],"wp:term":[{"taxonomy":"category","embeddable":true,"href":"https:\/\/redept.com.br\/blogosfera\/wp-json\/wp\/v2\/categories?post=23074"},{"taxonomy":"post_tag","embeddable":true,"href":"https:\/\/redept.com.br\/blogosfera\/wp-json\/wp\/v2\/tags?post=23074"}],"curies":[{"name":"wp","href":"https:\/\/api.w.org\/{rel}","templated":true}]}}