{"id":23075,"date":"2025-04-20T10:00:00","date_gmt":"2025-04-20T13:00:00","guid":{"rendered":"https:\/\/redept.org\/blogosfera\/franca-reconhece-injustica-contra-haiti-por-divida-da-independencia\/"},"modified":"2025-04-20T10:00:00","modified_gmt":"2025-04-20T13:00:00","slug":"franca-reconhece-injustica-contra-haiti-por-divida-da-independencia","status":"publish","type":"post","link":"https:\/\/redept.com.br\/blogosfera\/franca-reconhece-injustica-contra-haiti-por-divida-da-independencia\/","title":{"rendered":"Fran\u00e7a reconhece injusti\u00e7a contra Haiti por d\u00edvida da independ\u00eancia"},"content":{"rendered":"<p>O governo da <strong>Fran\u00e7a<\/strong> afirmou, nesta quinta-feira (17), que a d\u00edvida que cobrou para reconhecer a independ\u00eancia do <strong>Haiti<\/strong> \u2013 h\u00e1 exatos 200 anos \u2013 foi um \u201cfardo pesado\u201d para a rec\u00e9m-criada rep\u00fablica, o que afetou o desenvolvimento da na\u00e7\u00e3o caribenha. Saiba mais na <a href=\"https:\/\/tvtnews.com.br\/\" data-type=\"page\" data-id=\"733503\">TVT News<\/a>.<\/p>\n<p>\u201cO \u00faltimo dos reis da Fran\u00e7a, em troca do reconhecimento e do fim das hostilidades, sujeitou o povo do Haiti a uma pesad\u00edssima indeniza\u00e7\u00e3o financeira, cujo pagamento seria parcelado em d\u00e9cadas. Essa decis\u00e3o colocou um pre\u00e7o na liberdade de uma jovem na\u00e7\u00e3o, que foi confrontada, desde o seu in\u00edcio, com a for\u00e7a injusta da hist\u00f3ria\u201d, disse o presidente franc\u00eas.<\/p>\n<p>Em meio \u00e0s cobran\u00e7as para reparar o Haiti por causa do bicenten\u00e1rio da d\u00edvida da independ\u00eancia, o governo do presidente Emmanuel Macron criou uma comiss\u00e3o conjunta franco-haitiana para analisar o impacto da d\u00edvida sobre o Haiti, apesar de n\u00e3o indicar repara\u00e7\u00e3o financeira ao pa\u00eds hoje devastado pela fome e inseguran\u00e7a.<\/p>\n<p>Segundo Macron, o Haiti nasceu de uma revolu\u00e7\u00e3o fiel ao esp\u00edrito da Revolu\u00e7\u00e3o Francesa de 1789, \u201cmas as for\u00e7as da contrarrevolu\u00e7\u00e3o, em movimento desde 1814, a restaura\u00e7\u00e3o dos Bourbons e a monarquia decidiram de outra forma sobre a escrita da Hist\u00f3ria\u201d.<\/p>\n<p>Para o mandat\u00e1rio franc\u00eas, reconhecer a verdade da hist\u00f3ria \u201c\u00e9 recusar o esquecimento e o apagamento. Cabe tamb\u00e9m \u00e0 Fran\u00e7a assumir sua parcela de verdade na constru\u00e7\u00e3o da mem\u00f3ria, dolorosa para o Haiti\u201d.<\/p>\n<\/p>\n<ul>\n<li>Veja a trajet\u00f3ria da independ\u00eancia do Haiti em publica\u00e7\u00e3o feita na revista Babel: <a href=\"https:\/\/babel.webhostusp.sti.usp.br\/?p=1129\" target=\"_blank\" data-type=\"link\" data-id=\"https:\/\/babel.webhostusp.sti.usp.br\/?p=1129\" rel=\"noreferrer noopener nofollow\">Uma hist\u00f3ria de luta e resist\u00eancia<\/a><\/li>\n<\/ul>\n<h3>Comiss\u00e3o da Mem\u00f3ria<\/h3>\n<\/p>\n<p>O presidente anunciou a cria\u00e7\u00e3o de uma comiss\u00e3o para examinar o \u201cpassado comum\u201d e o impacto da indeniza\u00e7\u00e3o de 1825 para o Haiti, mas sem indicar repara\u00e7\u00e3o, como exigem organiza\u00e7\u00f5es sociais e populares do Haiti, da Am\u00e9rica Latina e do Caribe, al\u00e9m de governos da regi\u00e3o.<\/p>\n<p>\u201cUma vez conclu\u00eddo este trabalho necess\u00e1rio e indispens\u00e1vel, esta comiss\u00e3o propor\u00e1 recomenda\u00e7\u00f5es aos dois governos para que aprendam li\u00e7\u00f5es e construam um futuro mais pac\u00edfico\u201d, disse Macron.<\/p>\n<p>O presidente franc\u00eas destacou ainda que o Haiti e a Fran\u00e7a devem pensar juntos maneiras de \u201ctransmitir melhor essa hist\u00f3ria\u201d, fortalecer a coopera\u00e7\u00e3o educacional e cultural e construir um relacionamento renovado baseado na escuta e no respeito.<\/p>\n<p>\u201c\u00c9 com esse esp\u00edrito que estamos lan\u00e7ando hoje este trabalho memorial conjunto. A mem\u00f3ria n\u00e3o \u00e9 um fardo que obscurece as consci\u00eancias, mas uma for\u00e7a que ilumina as mentes\u201d, finalizou Macron.<\/p>\n<\/p>\n<h3>Repara\u00e7\u00e3o<\/h3>\n<\/p>\n<p>Organiza\u00e7\u00f5es sociais e populares da Am\u00e9rica Latina e do Caribe entregaram hoje ao governo da Fran\u00e7a carta aberta exigindo que o pa\u00eds europeu compense o Haiti pela d\u00edvida de 150 milh\u00f5es de francos cobrada da ilha caribenha pelo reconhecimento da sua independ\u00eancia.<\/p>\n<p>Em 17 de abril de 1825, o Haiti firmou acordo com a Fran\u00e7a, sob os canh\u00f5es da frota francesa, para Paris reconhecer sua independ\u00eancia ap\u00f3s 21 anos de bloqueio comercial das maiores pot\u00eancias da \u00e9poca.<\/p>\n<p>O pagamento da d\u00edvida a ex-senhores de escravizados e donos de terras franceses levou 122 anos. Segundo a Anistia Internacional, o Haiti gastava 80% de seu or\u00e7amento nacional com o pagamento da d\u00edvida externa em 1900.<\/p>\n<p>Especialistas consideram que a pesada d\u00edvida imposta \u00e0 nascente rep\u00fablica contribuiu decisivamente para que o Haiti seja considerado hoje o pa\u00eds mais pobre das Am\u00e9ricas.<\/p>\n<p>\u201cA atual crise no Haiti, um verdadeiro genoc\u00eddio silencioso, \u00e9 um dos resultados dessa d\u00edvida. Entre as principais causas do gangsterismo no Haiti est\u00e3o a pobreza cr\u00f4nica e as desigualdades sociais acumuladas e reproduzidas ao longo de dois s\u00e9culos de asfixia neocolonial\u201d, destaca o documento das organiza\u00e7\u00f5es latino-americanas e caribenhas para o governo da Fran\u00e7a.<\/p>\n<\/p>\n<h3>Independ\u00eancia<\/h3>\n<\/p>\n<p>Considerada a mais lucrativa col\u00f4nia do mundo no s\u00e9culo 18, o Haiti conquistou a independ\u00eancia em 1804, tornando-se a primeira na\u00e7\u00e3o negra livre do mundo e o primeiro pa\u00eds independente da Am\u00e9rica Latina e Caribe. Foi ainda o primeiro pa\u00eds a abolir a escravid\u00e3o no planeta.<\/p>\n<p>A liberta\u00e7\u00e3o do dom\u00ednio franc\u00eas foi conquistada ap\u00f3s sangrenta guerra promovida pelos ex-escravizados, sob a lideran\u00e7a de Toussaint Louverture, que derrotaram os ex\u00e9rcitos da Inglaterra, da Espanha e da Fran\u00e7a que, na \u00e9poca, era governada por Napole\u00e3o Bonaparte.<\/p>\n<\/p>\n<p>Por Lucas Pordeus Le\u00f3n para a <a href=\"https:\/\/agenciabrasil.ebc.com.br\/internacional\/noticia\/2025-04\/franca-reconhece-injustica-contra-haiti-por-divida-da-independencia\" target=\"_blank\" data-type=\"link\" data-id=\"https:\/\/agenciabrasil.ebc.com.br\/internacional\/noticia\/2025-04\/franca-reconhece-injustica-contra-haiti-por-divida-da-independencia\" rel=\"noreferrer noopener nofollow\">Ag\u00eancia Brasil<\/a><\/p>\n<p>The post <a rel=\"nofollow\" href=\"https:\/\/tvtnews.com.br\/franca-reconhece-injustica-haiti-por-independencia\/\">Fran\u00e7a reconhece injusti\u00e7a contra Haiti por d\u00edvida da independ\u00eancia<\/a> appeared first on <a rel=\"nofollow\" href=\"https:\/\/tvtnews.com.br\/\">TVT News<\/a>.<\/p>\n<!-- Begin Yuzo --><div class='yuzo_related_post style-1'  data-version='5.12.89'><!-- without result --><div class='yuzo_clearfixed yuzo__title yuzo__title'><h3>Related Post<\/h3><\/div>\n\t\t\t\t\t\t  <div class=\"relatedthumb \" style=\"width:125px;float:left;overflow:hidden;\">  \n\t\t\t\t\t\t\t  \n\t\t\t\t\t\t\t  <a  href=\"https:\/\/redept.com.br\/blogosfera\/quanto-vale-a-aposta-os-dados-do-imperio-das-bets-no-brasil\/\"  >\n\t\t\t\t\t\t\t\t\t  <div class=\"yuzo-img-wrap \" style=\"width: 125px;height:90px;\">\n\t\t\t\t\t\t\t\t\t\t\n\t\t\t\t\t\t\t\t\t\t<div class=\"yuzo-img\" style=\"background:url('https:\/\/redept.org\/blogosfera\/wp-content\/plugins\/yuzo-related-post\/assets\/images\/default.png') 50% 50% no-repeat;width: 125px;height:90px;margin-bottom: 5px;background-size: cover; \"><\/div>\n\t\t\t\t\t\t\t\t\t  <\/div>\n\t\t\t\t\t\t\t\t\t  \n\t\t\t\t\t\t\t\t   <span class=\"yuzo__text--title\" style=\"font-size:13px;\">Quanto vale a aposta? Os dados do Imp\u00e9rio das Bets...<\/span>\n\t\t\t\t\t\t\t  \n\t\t\t\t\t\t\t  \n\t\t\t\t\t\t\t  <\/a>\n\n\t\t\t\t\t\t  <\/div>\n\t\t\t\t\t\t  <div class=\"relatedthumb \" style=\"width:125px;float:left;overflow:hidden;\">  \n\t\t\t\t\t\t\t  \n\t\t\t\t\t\t\t  <a  href=\"https:\/\/redept.com.br\/blogosfera\/papa-francisco-teve-proximidade-com-venezuela-e-maduro-lamenta-morte-bussola-moral-frente-o-ressurgimento-do-fascismo\/\"  >\n\t\t\t\t\t\t\t\t\t  <div class=\"yuzo-img-wrap \" style=\"width: 125px;height:90px;\">\n\t\t\t\t\t\t\t\t\t\t\n\t\t\t\t\t\t\t\t\t\t<div class=\"yuzo-img\" style=\"background:url('https:\/\/redept.org\/blogosfera\/wp-content\/plugins\/yuzo-related-post\/assets\/images\/default.png') 50% 50% no-repeat;width: 125px;height:90px;margin-bottom: 5px;background-size: cover; \"><\/div>\n\t\t\t\t\t\t\t\t\t  <\/div>\n\t\t\t\t\t\t\t\t\t  \n\t\t\t\t\t\t\t\t   <span class=\"yuzo__text--title\" style=\"font-size:13px;\">Papa Francisco teve proximidade com Venezuela, e M...<\/span>\n\t\t\t\t\t\t\t  \n\t\t\t\t\t\t\t  \n\t\t\t\t\t\t\t  <\/a>\n\n\t\t\t\t\t\t  <\/div>\n\t\t\t\t\t\t  <div class=\"relatedthumb \" style=\"width:125px;float:left;overflow:hidden;\">  \n\t\t\t\t\t\t\t  \n\t\t\t\t\t\t\t  <a  href=\"https:\/\/redept.com.br\/blogosfera\/japao-elege-sanae-takaichi-a-margaret-tatcher-japonesa-como-primeira-ministra\/\"  >\n\t\t\t\t\t\t\t\t\t  <div class=\"yuzo-img-wrap \" style=\"width: 125px;height:90px;\">\n\t\t\t\t\t\t\t\t\t\t\n\t\t\t\t\t\t\t\t\t\t<div class=\"yuzo-img\" style=\"background:url('https:\/\/redept.org\/blogosfera\/wp-content\/plugins\/yuzo-related-post\/assets\/images\/default.png') 50% 50% no-repeat;width: 125px;height:90px;margin-bottom: 5px;background-size: cover; \"><\/div>\n\t\t\t\t\t\t\t\t\t  <\/div>\n\t\t\t\t\t\t\t\t\t  \n\t\t\t\t\t\t\t\t   <span class=\"yuzo__text--title\" style=\"font-size:13px;\">Jap\u00e3o elege Sanae Takaichi, a Margaret Tatcher jap...<\/span>\n\t\t\t\t\t\t\t  \n\t\t\t\t\t\t\t  \n\t\t\t\t\t\t\t  <\/a>\n\n\t\t\t\t\t\t  <\/div>\n\t\t\t\t\t\t  <div class=\"relatedthumb \" style=\"width:125px;float:left;overflow:hidden;\">  \n\t\t\t\t\t\t\t  \n\t\t\t\t\t\t\t  <a  href=\"https:\/\/redept.com.br\/blogosfera\/fuvest-divulga-2a-convocacao-da-lista-de-espera-no-dia-10-de-marco\/\"  >\n\t\t\t\t\t\t\t\t\t  <div class=\"yuzo-img-wrap \" style=\"width: 125px;height:90px;\">\n\t\t\t\t\t\t\t\t\t\t\n\t\t\t\t\t\t\t\t\t\t<div class=\"yuzo-img\" style=\"background:url('https:\/\/redept.com.br\/blogosfera\/wp-content\/uploads\/2026\/03\/Alunos_FUVEST_Foto-Cecilia-Bastos_USP-Imagens-14-e1765828102764-1-150x150.jpg') 50% 50% no-repeat;width: 125px;height:90px;margin-bottom: 5px;background-size: cover; \"><\/div>\n\t\t\t\t\t\t\t\t\t  <\/div>\n\t\t\t\t\t\t\t\t\t  \n\t\t\t\t\t\t\t\t   <span class=\"yuzo__text--title\" style=\"font-size:13px;\">Fuvest divulga 2\u00aa convoca\u00e7\u00e3o da Lista de Espera no...<\/span>\n\t\t\t\t\t\t\t  \n\t\t\t\t\t\t\t  \n\t\t\t\t\t\t\t  <\/a>\n\n\t\t\t\t\t\t  <\/div>\n<\/div> <script>\n\t\t\t\t\t\t  jQuery(document).ready(function( $ ){\n\t\t\t\t\t\t\t\/\/jQuery('.yuzo_related_post').equalizer({ overflow : 'relatedthumb' });\n\t\t\t\t\t\t\tjQuery('.yuzo_related_post .yuzo_wraps').equalizer({ columns : '> div' });\n\t\t\t\t\t\t   })\n\t\t\t\t\t\t  <\/script> <!-- End Yuzo :) -->","protected":false},"excerpt":{"rendered":"<p>O governo da Fran\u00e7a afirmou, nesta quinta-feira (17), que a d\u00edvida que cobrou para reconhecer a independ\u00eancia do Haiti \u2013 h\u00e1 exatos 200 anos \u2013 foi um \u201cfardo pesado\u201d para a rec\u00e9m-criada rep\u00fablica, o que afetou o desenvolvimento da na\u00e7\u00e3o caribenha. Saiba mais na TVT News. \u201cO \u00faltimo dos reis da Fran\u00e7a, em troca do [&hellip;]<\/p>\n","protected":false},"author":2,"featured_media":0,"comment_status":"closed","ping_status":"closed","sticky":false,"template":"","format":"standard","meta":{"fifu_image_url":"","fifu_image_alt":"","footnotes":""},"categories":[472,94,1576],"tags":[],"class_list":["post-23075","post","type-post","status-publish","format-standard","hentry","category-destaque-ahome","category-geral","category-hoje-na-historia"],"_links":{"self":[{"href":"https:\/\/redept.com.br\/blogosfera\/wp-json\/wp\/v2\/posts\/23075","targetHints":{"allow":["GET"]}}],"collection":[{"href":"https:\/\/redept.com.br\/blogosfera\/wp-json\/wp\/v2\/posts"}],"about":[{"href":"https:\/\/redept.com.br\/blogosfera\/wp-json\/wp\/v2\/types\/post"}],"author":[{"embeddable":true,"href":"https:\/\/redept.com.br\/blogosfera\/wp-json\/wp\/v2\/users\/2"}],"replies":[{"embeddable":true,"href":"https:\/\/redept.com.br\/blogosfera\/wp-json\/wp\/v2\/comments?post=23075"}],"version-history":[{"count":0,"href":"https:\/\/redept.com.br\/blogosfera\/wp-json\/wp\/v2\/posts\/23075\/revisions"}],"wp:attachment":[{"href":"https:\/\/redept.com.br\/blogosfera\/wp-json\/wp\/v2\/media?parent=23075"}],"wp:term":[{"taxonomy":"category","embeddable":true,"href":"https:\/\/redept.com.br\/blogosfera\/wp-json\/wp\/v2\/categories?post=23075"},{"taxonomy":"post_tag","embeddable":true,"href":"https:\/\/redept.com.br\/blogosfera\/wp-json\/wp\/v2\/tags?post=23075"}],"curies":[{"name":"wp","href":"https:\/\/api.w.org\/{rel}","templated":true}]}}