{"id":23076,"date":"2025-04-20T10:19:31","date_gmt":"2025-04-20T13:19:31","guid":{"rendered":"https:\/\/redept.org\/blogosfera\/sirene-de-evacuacao-e-acionada-apos-chuva-no-guaruja-sp-abc-paulista-registra-alagamentos\/"},"modified":"2025-04-20T10:19:31","modified_gmt":"2025-04-20T13:19:31","slug":"sirene-de-evacuacao-e-acionada-apos-chuva-no-guaruja-sp-abc-paulista-registra-alagamentos","status":"publish","type":"post","link":"https:\/\/redept.com.br\/blogosfera\/sirene-de-evacuacao-e-acionada-apos-chuva-no-guaruja-sp-abc-paulista-registra-alagamentos\/","title":{"rendered":"Sirene de evacua\u00e7\u00e3o \u00e9 acionada ap\u00f3s chuva no Guaruj\u00e1 (SP); ABC paulista registra alagamentos"},"content":{"rendered":"<p>A chuva que se intensificou na noite de s\u00e1bado (19) fez acionar o sistema de alerta para desastres no <a href=\"https:\/\/www.brasildefato.com.br\/2025\/01\/05\/situacao-de-contaminacao-em-guaruja-sp-e-considerada-surto\/\">Guaruj\u00e1<\/a>, cidade no <a href=\"https:\/\/www.brasildefato.com.br\/2024\/02\/02\/primeiro-tunel-imerso-da-america-latina-ligara-santos-a-guaruja\/\">litoral paulista.<\/a> Pelas redes sociais, o prefeito Fardi Madi (Podemos) gravou um v\u00eddeo pedindo que moradores de \u00e1rea de risco deixem suas casas.<\/p>\n<p>\u201cTodos voc\u00eas que vivem em \u00e1rea de encosta, \u00e1rea de morro, por favor atendam ao chamado, todo mundo foi notificado que existe um risco. Especialmente moradores dos bairros Cachoeira, Barreira, Morro do Macaco. Todos fiquem atentos, des\u00e7am do morro. Toda equipe est\u00e1 atenta e dispon\u00edvel, por favor, n\u00e3o corram risco\u201d<\/p>\n<p>A prefeitura orienta que as pessoas busquem abrigo na Escola Municipal S\u00e9rgio Pereira, na avenida Atl\u00e2ntica, 1516, no Balne\u00e1rio Cidade Atl\u00e2ntica. Autoridades tamb\u00e9m recomendam que procurem o Gin\u00e1sio Municipal.<\/p>\n<figure>\n<div>\n<blockquote data-width=\"500\" data-dnt=\"true\">\n<p lang=\"pt\" dir=\"ltr\"><imgsrc=\"\" alt=\"\ud83d\udea8\">As imagens de Santos e Guaruj\u00e1 alagadas doem. S\u00e3o vidas em risco, fam\u00edlias perdendo tudo. Isso n\u00e3o \u00e9 \u201cs\u00f3 chuva\u201d. \u00c9 emerg\u00eancia clim\u00e1tica somada \u00e0 aus\u00eancia de pol\u00edticas de habita\u00e7\u00e3o digna. Gente morando onde n\u00e3o deveria e o Estado n\u00e3o oferece alternativa. Isso precisa mudar. <a href=\"https:\/\/t.co\/EwoVCDAMhL\">pic.twitter.com\/EwoVCDAMhL<\/a><\/p>\n<p>\u2014 Monica das Pretas (@MonicaSeixas) <a href=\"https:\/\/twitter.com\/MonicaSeixas\/status\/1913798554612645971?ref_src=twsrc%5Etfw\">April 20, 2025<\/a><\/p><\/blockquote>\n<\/div>\n<\/figure>\n<h4>ABC<\/h4>\n<p>Mais cedo, ao longo do s\u00e1bado (19), cidades da regi\u00e3o do ABC Paulista tamb\u00e9m foram <a href=\"https:\/\/www.brasildefato.com.br\/2025\/03\/20\/comeco-do-outono-nao-ameniza-calorao-e-temperaturas-devem-permanecer-altas\/\">afetadas pela chuva<\/a>. Segundo ag\u00eancias de meteorologia, em Diadema o volume de \u00e1gua ultrapassou 84 mil\u00edmetros nas \u00faltimas duas horas, equivalente ao esperado para os pr\u00f3ximos 24 dias.<\/p>\n<p>S\u00e3o Bernardo do Campo tamb\u00e9m foi impactada com mais chuva do que o esperado. Em algumas avenidas, carros chegaram a ser arrastados pelos alagamentos. As cidades de S\u00e3o Caetano do Sul e Santo Andr\u00e9 passam por situa\u00e7\u00e3o semelhante.<\/p>\n<p>Milhares de casas ficaram sem luz durante a noite de s\u00e1bado em todo ABC Paulista.<\/p>\n<p>A <a href=\"https:\/\/www.brasildefato.com.br\/2025\/03\/20\/comeco-do-outono-nao-ameniza-calorao-e-temperaturas-devem-permanecer-altas\/\">previs\u00e3o<\/a> para este domingo e os pr\u00f3ximos dias \u00e9 de tr\u00e9gua na chuva para a regi\u00e3o metropolitana.<\/p>\n<p>\u201cAs simula\u00e7\u00f5es atmosf\u00e9ricas mais recentes indicam uma pequena tr\u00e9gua em rela\u00e7\u00e3o \u00e0s chuvas fortes nos pr\u00f3ximos dias. A previs\u00e3o \u00e9 que volte a chover de forma significativa entre os dias 24 e 25, quando da passagem de uma nova frente fria por S\u00e3o Paulo\u201d, avisa o Centro de Gerenciamento de Emerg\u00eancias (CGE)<\/p>\n<p>O Instituto Nacional de Meteorologia (Inmet) havia alertado ainda na quinta-feira (17) da previs\u00e3o de fortes chuvas ao longo do final de semana em alguns estados da regi\u00e3o centro-oeste e sudeste, como S\u00e3o Paulo.<\/p>\n<p>Segundo o \u00f3rg\u00e3o, a \u201cpassagem de um sistema frontal pelo oceano\u201d iria provocar fortes chuvas no centro e no litoral do estado.<\/p>\n<p>\u201cEm \u00e1reas de S\u00e3o Paulo, Mato Grosso do Sul e Paran\u00e1, as instabilidades devem se intensificar neste per\u00edodo, com chuvas que podem chegar aos 100 mm e rajadas de vento que podem chegar a 100 km\/h\u201d, segue a nota, que prev\u00ea queda de temperatura em algumas localidades neste domingo (20). <\/p>\n<!-- Begin Yuzo --><div class='yuzo_related_post style-1'  data-version='5.12.89'><!-- without result --><div class='yuzo_clearfixed yuzo__title yuzo__title'><h3>Related Post<\/h3><\/div>\n\t\t\t\t\t\t  <div class=\"relatedthumb \" style=\"width:125px;float:left;overflow:hidden;\">  \n\t\t\t\t\t\t\t  \n\t\t\t\t\t\t\t  <a  href=\"https:\/\/redept.com.br\/blogosfera\/haddad-passa-a-motta-agenda-para-isentar-ir-taxar-ricos-e-regular-big-techs\/\"  >\n\t\t\t\t\t\t\t\t\t  <div class=\"yuzo-img-wrap \" style=\"width: 125px;height:90px;\">\n\t\t\t\t\t\t\t\t\t\t\n\t\t\t\t\t\t\t\t\t\t<div class=\"yuzo-img\" style=\"background:url('https:\/\/redept.com.br\/blogosfera\/wp-content\/uploads\/2025\/02\/Haddad-Mota1-150x150.jpg') 50% 50% no-repeat;width: 125px;height:90px;margin-bottom: 5px;background-size: cover; \"><\/div>\n\t\t\t\t\t\t\t\t\t  <\/div>\n\t\t\t\t\t\t\t\t\t  \n\t\t\t\t\t\t\t\t   <span class=\"yuzo__text--title\" style=\"font-size:13px;\">Haddad passa a Motta agenda para isentar IR, taxar...<\/span>\n\t\t\t\t\t\t\t  \n\t\t\t\t\t\t\t  \n\t\t\t\t\t\t\t  <\/a>\n\n\t\t\t\t\t\t  <\/div>\n\t\t\t\t\t\t  <div class=\"relatedthumb \" style=\"width:125px;float:left;overflow:hidden;\">  \n\t\t\t\t\t\t\t  \n\t\t\t\t\t\t\t  <a  href=\"https:\/\/redept.com.br\/blogosfera\/bloqueio-dos-eua-cuba-sofre-apagao-severo-e-metade-do-pais-fica-sem-energia\/\"  >\n\t\t\t\t\t\t\t\t\t  <div class=\"yuzo-img-wrap \" style=\"width: 125px;height:90px;\">\n\t\t\t\t\t\t\t\t\t\t\n\t\t\t\t\t\t\t\t\t\t<div class=\"yuzo-img\" style=\"background:url('https:\/\/redept.org\/blogosfera\/wp-content\/plugins\/yuzo-related-post\/assets\/images\/default.png') 50% 50% no-repeat;width: 125px;height:90px;margin-bottom: 5px;background-size: cover; \"><\/div>\n\t\t\t\t\t\t\t\t\t  <\/div>\n\t\t\t\t\t\t\t\t\t  \n\t\t\t\t\t\t\t\t   <span class=\"yuzo__text--title\" style=\"font-size:13px;\">Bloqueio dos EUA: Cuba sofre apag\u00e3o severo e metad...<\/span>\n\t\t\t\t\t\t\t  \n\t\t\t\t\t\t\t  \n\t\t\t\t\t\t\t  <\/a>\n\n\t\t\t\t\t\t  <\/div>\n\t\t\t\t\t\t  <div class=\"relatedthumb \" style=\"width:125px;float:left;overflow:hidden;\">  \n\t\t\t\t\t\t\t  \n\t\t\t\t\t\t\t  <a  href=\"https:\/\/redept.com.br\/blogosfera\/senador-beto-faro-cop30-em-belem-torna-amazonia-em-protagonista-das-solucoes-para-o-clima\/\"  >\n\t\t\t\t\t\t\t\t\t  <div class=\"yuzo-img-wrap \" style=\"width: 125px;height:90px;\">\n\t\t\t\t\t\t\t\t\t\t\n\t\t\t\t\t\t\t\t\t\t<div class=\"yuzo-img\" style=\"background:url('https:\/\/redept.com.br\/blogosfera\/wp-content\/uploads\/2025\/11\/lula_curupira-2048x1152-1-150x150.jpg') 50% 50% no-repeat;width: 125px;height:90px;margin-bottom: 5px;background-size: cover; \"><\/div>\n\t\t\t\t\t\t\t\t\t  <\/div>\n\t\t\t\t\t\t\t\t\t  \n\t\t\t\t\t\t\t\t   <span class=\"yuzo__text--title\" style=\"font-size:13px;\">Senador Beto Faro: COP30 em Bel\u00e9m torna Amaz\u00f4nia e...<\/span>\n\t\t\t\t\t\t\t  \n\t\t\t\t\t\t\t  \n\t\t\t\t\t\t\t  <\/a>\n\n\t\t\t\t\t\t  <\/div>\n\t\t\t\t\t\t  <div class=\"relatedthumb \" style=\"width:125px;float:left;overflow:hidden;\">  \n\t\t\t\t\t\t\t  \n\t\t\t\t\t\t\t  <a  href=\"https:\/\/redept.com.br\/blogosfera\/pos-graduacao-ainda-e-concentrada-na-populacao-branca-aponta-estudo\/\"  >\n\t\t\t\t\t\t\t\t\t  <div class=\"yuzo-img-wrap \" style=\"width: 125px;height:90px;\">\n\t\t\t\t\t\t\t\t\t\t\n\t\t\t\t\t\t\t\t\t\t<div class=\"yuzo-img\" style=\"background:url('https:\/\/redept.org\/blogosfera\/wp-content\/plugins\/yuzo-related-post\/assets\/images\/default.png') 50% 50% no-repeat;width: 125px;height:90px;margin-bottom: 5px;background-size: cover; \"><\/div>\n\t\t\t\t\t\t\t\t\t  <\/div>\n\t\t\t\t\t\t\t\t\t  \n\t\t\t\t\t\t\t\t   <span class=\"yuzo__text--title\" style=\"font-size:13px;\">P\u00f3s-gradua\u00e7\u00e3o \u2018ainda \u00e9 concentrada na popula\u00e7\u00e3o br...<\/span>\n\t\t\t\t\t\t\t  \n\t\t\t\t\t\t\t  \n\t\t\t\t\t\t\t  <\/a>\n\n\t\t\t\t\t\t  <\/div>\n<\/div> <script>\n\t\t\t\t\t\t  jQuery(document).ready(function( $ ){\n\t\t\t\t\t\t\t\/\/jQuery('.yuzo_related_post').equalizer({ overflow : 'relatedthumb' });\n\t\t\t\t\t\t\tjQuery('.yuzo_related_post .yuzo_wraps').equalizer({ columns : '> div' });\n\t\t\t\t\t\t   })\n\t\t\t\t\t\t  <\/script> <!-- End Yuzo :) -->","protected":false},"excerpt":{"rendered":"<p>A chuva que se intensificou na noite de s\u00e1bado (19) fez acionar o sistema de alerta para desastres no Guaruj\u00e1, cidade no litoral paulista. Pelas redes sociais, o prefeito Fardi Madi (Podemos) gravou um v\u00eddeo pedindo que moradores de \u00e1rea de risco deixem suas casas. \u201cTodos voc\u00eas que vivem em \u00e1rea de encosta, \u00e1rea de [&hellip;]<\/p>\n","protected":false},"author":2,"featured_media":0,"comment_status":"closed","ping_status":"closed","sticky":false,"template":"","format":"standard","meta":{"fifu_image_url":"","fifu_image_alt":"","footnotes":""},"categories":[45,18],"tags":[],"class_list":["post-23076","post","type-post","status-publish","format-standard","hentry","category-brasil","category-meio-ambiente"],"_links":{"self":[{"href":"https:\/\/redept.com.br\/blogosfera\/wp-json\/wp\/v2\/posts\/23076","targetHints":{"allow":["GET"]}}],"collection":[{"href":"https:\/\/redept.com.br\/blogosfera\/wp-json\/wp\/v2\/posts"}],"about":[{"href":"https:\/\/redept.com.br\/blogosfera\/wp-json\/wp\/v2\/types\/post"}],"author":[{"embeddable":true,"href":"https:\/\/redept.com.br\/blogosfera\/wp-json\/wp\/v2\/users\/2"}],"replies":[{"embeddable":true,"href":"https:\/\/redept.com.br\/blogosfera\/wp-json\/wp\/v2\/comments?post=23076"}],"version-history":[{"count":0,"href":"https:\/\/redept.com.br\/blogosfera\/wp-json\/wp\/v2\/posts\/23076\/revisions"}],"wp:attachment":[{"href":"https:\/\/redept.com.br\/blogosfera\/wp-json\/wp\/v2\/media?parent=23076"}],"wp:term":[{"taxonomy":"category","embeddable":true,"href":"https:\/\/redept.com.br\/blogosfera\/wp-json\/wp\/v2\/categories?post=23076"},{"taxonomy":"post_tag","embeddable":true,"href":"https:\/\/redept.com.br\/blogosfera\/wp-json\/wp\/v2\/tags?post=23076"}],"curies":[{"name":"wp","href":"https:\/\/api.w.org\/{rel}","templated":true}]}}