{"id":23077,"date":"2025-04-20T10:48:45","date_gmt":"2025-04-20T13:48:45","guid":{"rendered":"https:\/\/redept.org\/blogosfera\/campeao-do-mundo-hugo-calderano-ganha-titulo-inedito-para-o-brasil-no-tenis-de-mesa\/"},"modified":"2025-04-20T10:48:45","modified_gmt":"2025-04-20T13:48:45","slug":"campeao-do-mundo-hugo-calderano-ganha-titulo-inedito-para-o-brasil-no-tenis-de-mesa","status":"publish","type":"post","link":"https:\/\/redept.com.br\/blogosfera\/campeao-do-mundo-hugo-calderano-ganha-titulo-inedito-para-o-brasil-no-tenis-de-mesa\/","title":{"rendered":"Campe\u00e3o do mundo: Hugo Calderano ganha t\u00edtulo in\u00e9dito para o Brasil no t\u00eanis de mesa"},"content":{"rendered":"<p>O carioca <a href=\"https:\/\/www.brasildefato.com.br\/2024\/07\/26\/politica-sociedade-e-historia-as-olimpiadas-para-alem-do-quadro-de-medalhas\/\">Hugo Calderano<\/a> venceu a Copa do Mundo de T\u00eanis de Mesa, realizada em Macau, na China, na manh\u00e3 deste domingo de p\u00e1scoa (20). \u00c9 a primeira vez que o Brasil conquista o t\u00edtulo.<\/p>\n<p>Aos 28 anos, o tenista, que est\u00e1 no 5\u00ba lugar no ranking mundial, j\u00e1 era um dos grandes nomes do esporte no pa\u00eds, aparecendo como nome forte em campeonatos internacionais, inclusive nas <a href=\"https:\/\/www.brasildefato.com.br\/2024\/07\/26\/politica-sociedade-e-historia-as-olimpiadas-para-alem-do-quadro-de-medalhas\/\">Olimp\u00edadas.<\/a> Na \u00faltima edi\u00e7\u00e3o dos Jogos, em <a href=\"https:\/\/www.brasildefato.com.br\/2024\/07\/26\/politica-sociedade-e-historia-as-olimpiadas-para-alem-do-quadro-de-medalhas\/\">Paris 2024<\/a>, ele ficou nas semifinais.<\/p>\n<p>Antes de chegar na final deste domingo e vencer Lin Shidong, n\u00famero 1 do ranking mundial de t\u00eanis de mesa, Calderano havia passado por outros dois chineses que estavam no top 3. A expectativa \u00e9 que, com a vit\u00f3ria, o atleta alcance o 4\u00ba lugar geral. <\/p>\n<p>\u201cEu n\u00e3o sei como eu me sinto. Antes do jogo eu n\u00e3o poderia imaginar que venceria o n\u00famero 2, 3 e n\u00famero 1 mundo. Estou colocando meu nome na hist\u00f3ria mundial\u201d, disse em entrevista logo ap\u00f3s \u00e0 vit\u00f3ria. O atleta agradeceu o apoio de amigos e familiares, especialmente neste \u00faltimo m\u00eas.\u201cEu n\u00e3o estava bem\u201d, falou lembrando tamb\u00e9m da import\u00e2ncia de chegar ao t\u00edtulo ap\u00f3s a frustra\u00e7\u00e3o das \u00faltimas Olimp\u00edadas.<\/p>\n<p>No mundial, o Brasil tamb\u00e9m contou com Bruna Takahashi, mas que ficou nas quartas de final femininas na chave de simples. A paulista perdeu para a chinesa Chen Xingtong, n\u00famero quatro do mundo.<\/p><\/p>\n<!-- Begin Yuzo --><div class='yuzo_related_post style-1'  data-version='5.12.89'><!-- without result --><div class='yuzo_clearfixed yuzo__title yuzo__title'><h3>Related Post<\/h3><\/div>\n\t\t\t\t\t\t  <div class=\"relatedthumb \" style=\"width:125px;float:left;overflow:hidden;\">  \n\t\t\t\t\t\t\t  \n\t\t\t\t\t\t\t  <a  href=\"https:\/\/redept.com.br\/blogosfera\/jornalista-revela-que-ciro-nogueira-tentou-intimida-lo-apos-denuncia-de-ligacao-com-pcc\/\"  >\n\t\t\t\t\t\t\t\t\t  <div class=\"yuzo-img-wrap \" style=\"width: 125px;height:90px;\">\n\t\t\t\t\t\t\t\t\t\t\n\t\t\t\t\t\t\t\t\t\t<div class=\"yuzo-img\" style=\"background:url('https:\/\/redept.org\/blogosfera\/wp-content\/plugins\/yuzo-related-post\/assets\/images\/default.png') 50% 50% no-repeat;width: 125px;height:90px;margin-bottom: 5px;background-size: cover; \"><\/div>\n\t\t\t\t\t\t\t\t\t  <\/div>\n\t\t\t\t\t\t\t\t\t  \n\t\t\t\t\t\t\t\t   <span class=\"yuzo__text--title\" style=\"font-size:13px;\">Jornalista revela que Ciro Nogueira tentou intimid...<\/span>\n\t\t\t\t\t\t\t  \n\t\t\t\t\t\t\t  \n\t\t\t\t\t\t\t  <\/a>\n\n\t\t\t\t\t\t  <\/div>\n\t\t\t\t\t\t  <div class=\"relatedthumb \" style=\"width:125px;float:left;overflow:hidden;\">  \n\t\t\t\t\t\t\t  \n\t\t\t\t\t\t\t  <a  href=\"https:\/\/redept.com.br\/blogosfera\/stf-julga-bolsonaro-por-tentativa-de-golpe-petistas-exigem-condenacao-por-crimes-contra-a-democracia\/\"  >\n\t\t\t\t\t\t\t\t\t  <div class=\"yuzo-img-wrap \" style=\"width: 125px;height:90px;\">\n\t\t\t\t\t\t\t\t\t\t\n\t\t\t\t\t\t\t\t\t\t<div class=\"yuzo-img\" style=\"background:url('https:\/\/redept.com.br\/blogosfera\/wp-content\/uploads\/2025\/03\/WhatsApp-Image-2025-03-25-at-18.31.40-350x250-1-150x150.jpeg') 50% 50% no-repeat;width: 125px;height:90px;margin-bottom: 5px;background-size: cover; \"><\/div>\n\t\t\t\t\t\t\t\t\t  <\/div>\n\t\t\t\t\t\t\t\t\t  \n\t\t\t\t\t\t\t\t   <span class=\"yuzo__text--title\" style=\"font-size:13px;\">STF julga Bolsonaro por tentativa de golpe: petist...<\/span>\n\t\t\t\t\t\t\t  \n\t\t\t\t\t\t\t  \n\t\t\t\t\t\t\t  <\/a>\n\n\t\t\t\t\t\t  <\/div>\n\t\t\t\t\t\t  <div class=\"relatedthumb \" style=\"width:125px;float:left;overflow:hidden;\">  \n\t\t\t\t\t\t\t  \n\t\t\t\t\t\t\t  <a  href=\"https:\/\/redept.com.br\/blogosfera\/deputados-cobram-punicao-para-militares-que-planejaram-golpe-e-morte-de-lula\/\"  >\n\t\t\t\t\t\t\t\t\t  <div class=\"yuzo-img-wrap \" style=\"width: 125px;height:90px;\">\n\t\t\t\t\t\t\t\t\t\t\n\t\t\t\t\t\t\t\t\t\t<div class=\"yuzo-img\" style=\"background:url('https:\/\/redept.com.br\/blogosfera\/wp-content\/uploads\/2024\/11\/Alckmin-Lula-e-Moraes-150x150.jpg') 50% 50% no-repeat;width: 125px;height:90px;margin-bottom: 5px;background-size: cover; \"><\/div>\n\t\t\t\t\t\t\t\t\t  <\/div>\n\t\t\t\t\t\t\t\t\t  \n\t\t\t\t\t\t\t\t   <span class=\"yuzo__text--title\" style=\"font-size:13px;\">Deputados cobram puni\u00e7\u00e3o para militares que planej...<\/span>\n\t\t\t\t\t\t\t  \n\t\t\t\t\t\t\t  \n\t\t\t\t\t\t\t  <\/a>\n\n\t\t\t\t\t\t  <\/div>\n\t\t\t\t\t\t  <div class=\"relatedthumb \" style=\"width:125px;float:left;overflow:hidden;\">  \n\t\t\t\t\t\t\t  \n\t\t\t\t\t\t\t  <a  href=\"https:\/\/redept.com.br\/blogosfera\/eleicoes-na-bolivia-em-numeros-79-milhoes-vao-as-urnas-para-eleger-166-parlamentares-e-presidente\/\"  >\n\t\t\t\t\t\t\t\t\t  <div class=\"yuzo-img-wrap \" style=\"width: 125px;height:90px;\">\n\t\t\t\t\t\t\t\t\t\t\n\t\t\t\t\t\t\t\t\t\t<div class=\"yuzo-img\" style=\"background:url('https:\/\/redept.org\/blogosfera\/wp-content\/plugins\/yuzo-related-post\/assets\/images\/default.png') 50% 50% no-repeat;width: 125px;height:90px;margin-bottom: 5px;background-size: cover; \"><\/div>\n\t\t\t\t\t\t\t\t\t  <\/div>\n\t\t\t\t\t\t\t\t\t  \n\t\t\t\t\t\t\t\t   <span class=\"yuzo__text--title\" style=\"font-size:13px;\">Elei\u00e7\u00f5es na Bol\u00edvia em n\u00fameros: 7,9 milh\u00f5es v\u00e3o \u00e0s...<\/span>\n\t\t\t\t\t\t\t  \n\t\t\t\t\t\t\t  \n\t\t\t\t\t\t\t  <\/a>\n\n\t\t\t\t\t\t  <\/div>\n<\/div> <script>\n\t\t\t\t\t\t  jQuery(document).ready(function( $ ){\n\t\t\t\t\t\t\t\/\/jQuery('.yuzo_related_post').equalizer({ overflow : 'relatedthumb' });\n\t\t\t\t\t\t\tjQuery('.yuzo_related_post .yuzo_wraps').equalizer({ columns : '> div' });\n\t\t\t\t\t\t   })\n\t\t\t\t\t\t  <\/script> <!-- End Yuzo :) -->","protected":false},"excerpt":{"rendered":"<p>O carioca Hugo Calderano venceu a Copa do Mundo de T\u00eanis de Mesa, realizada em Macau, na China, na manh\u00e3 deste domingo de p\u00e1scoa (20). \u00c9 a primeira vez que o Brasil conquista o t\u00edtulo. Aos 28 anos, o tenista, que est\u00e1 no 5\u00ba lugar no ranking mundial, j\u00e1 era um dos grandes nomes do [&hellip;]<\/p>\n","protected":false},"author":2,"featured_media":0,"comment_status":"closed","ping_status":"closed","sticky":false,"template":"","format":"standard","meta":{"fifu_image_url":"","fifu_image_alt":"","footnotes":""},"categories":[45,4904],"tags":[],"class_list":["post-23077","post","type-post","status-publish","format-standard","hentry","category-brasil","category-variedades"],"_links":{"self":[{"href":"https:\/\/redept.com.br\/blogosfera\/wp-json\/wp\/v2\/posts\/23077","targetHints":{"allow":["GET"]}}],"collection":[{"href":"https:\/\/redept.com.br\/blogosfera\/wp-json\/wp\/v2\/posts"}],"about":[{"href":"https:\/\/redept.com.br\/blogosfera\/wp-json\/wp\/v2\/types\/post"}],"author":[{"embeddable":true,"href":"https:\/\/redept.com.br\/blogosfera\/wp-json\/wp\/v2\/users\/2"}],"replies":[{"embeddable":true,"href":"https:\/\/redept.com.br\/blogosfera\/wp-json\/wp\/v2\/comments?post=23077"}],"version-history":[{"count":0,"href":"https:\/\/redept.com.br\/blogosfera\/wp-json\/wp\/v2\/posts\/23077\/revisions"}],"wp:attachment":[{"href":"https:\/\/redept.com.br\/blogosfera\/wp-json\/wp\/v2\/media?parent=23077"}],"wp:term":[{"taxonomy":"category","embeddable":true,"href":"https:\/\/redept.com.br\/blogosfera\/wp-json\/wp\/v2\/categories?post=23077"},{"taxonomy":"post_tag","embeddable":true,"href":"https:\/\/redept.com.br\/blogosfera\/wp-json\/wp\/v2\/tags?post=23077"}],"curies":[{"name":"wp","href":"https:\/\/api.w.org\/{rel}","templated":true}]}}