{"id":23078,"date":"2025-04-20T11:57:58","date_gmt":"2025-04-20T14:57:58","guid":{"rendered":"https:\/\/redept.org\/blogosfera\/papa-francisco-deseja-feliz-pascoa-e-denuncia-situacao-em-gaza-dramatica-e-ignobil\/"},"modified":"2025-04-20T11:57:58","modified_gmt":"2025-04-20T14:57:58","slug":"papa-francisco-deseja-feliz-pascoa-e-denuncia-situacao-em-gaza-dramatica-e-ignobil","status":"publish","type":"post","link":"https:\/\/redept.com.br\/blogosfera\/papa-francisco-deseja-feliz-pascoa-e-denuncia-situacao-em-gaza-dramatica-e-ignobil\/","title":{"rendered":"Papa Francisco deseja \u2018feliz P\u00e1scoa\u2019 e denuncia situa\u00e7\u00e3o em Gaza: \u2018Dram\u00e1tica e ign\u00f3bil\u2019"},"content":{"rendered":"<p>O <a href=\"https:\/\/www.brasildefato.com.br\/2025\/03\/23\/papa-francisco-recebe-alta-e-faz-aparicao-publica-apos-internacao\/\">Papa Francisco<\/a> fez uma apari\u00e7\u00e3o neste domingo (20) no balc\u00e3o central da Bas\u00edlica Vaticana, durante a celebra\u00e7\u00e3o oficial de <a href=\"https:\/\/www.brasildefato.com.br\/podcast\/bem-viver\/2025\/04\/18\/frei-betto-vivemos-uma-sexta-feira-da-paixao-da-humanidade\/\">P\u00e1scoa<\/a>. O pont\u00edfice, que recentemente recebeu alta hospitalar ap\u00f3s<a href=\"https:\/\/www.brasildefato.com.br\/2025\/03\/23\/papa-francisco-recebe-alta-e-faz-aparicao-publica-apos-internacao\/\"> 37 dias internado<\/a>, acenou ao p\u00fablico e desejou uma \u201cfeliz P\u00e1scoa\u201d a todos os fi\u00e9is que acompanhavam a cerim\u00f4nia. <\/p>\n<p>Logo ap\u00f3s, ele passou a palavra para Mons. Diego Ravelli, mestre das Celebra\u00e7\u00f5es Lit\u00fargicas Pontif\u00edcias, ler seu discurso.<\/p>\n<p>No texto, Francisco denunciou \u201cuma situa\u00e7\u00e3o humanit\u00e1ria dram\u00e1tica e ign\u00f3bil\u201d em Gaza e pediu um cessar-fogo. Tamb\u00e9m disse que \u201c\u00e9 preocupante o crescente clima de antissemitismo que est\u00e1 a se espalhar por todo o mundo\u201d.<\/p>\n<p>\u201cN\u00e3o \u00e9 poss\u00edvel haver paz onde n\u00e3o h\u00e1 liberdade religiosa ou onde n\u00e3o h\u00e1 liberdade de pensamento nem de express\u00e3o, nem respeito pela opini\u00e3o dos outros\u201d, destacou o pont\u00edfice em sua b\u00ean\u00e7\u00e3o.<\/p>\n<p>\u201cQuanta viol\u00eancia vemos com frequ\u00eancia tamb\u00e9m nas fam\u00edlias, dirigida contra as mulheres ou as crian\u00e7as! Quanto desprezo se sente por vezes em rela\u00e7\u00e3o aos mais fracos, marginalizados e migrantes!\u201d.<\/p>\n<p>Na sexta-feira da Paix\u00e3o (21), ao <strong>Brasil de Fato<\/strong>, o <a href=\"https:\/\/www.brasildefato.com.br\/podcast\/bem-viver\/2025\/04\/18\/frei-betto-vivemos-uma-sexta-feira-da-paixao-da-humanidade\/\">frade dominicano e escritor Frei Betto<\/a> tamb\u00e9m criticou os conflitos atuais e afirmou que o mundo atravessa um per\u00edodo sombrio, marcado por guerras, retrocessos dos direitos humanos e a ascens\u00e3o da extrema direita. \u201cEstamos vivendo uma sexta-feira da Paix\u00e3o da humanidade.\u201d<\/p>\n<p>Para <a href=\"https:\/\/www.brasildefato.com.br\/podcast\/bem-viver\/2025\/04\/18\/frei-betto-vivemos-uma-sexta-feira-da-paixao-da-humanidade\/\">Frei Betto<\/a>, a figura do presidente dos EUA Donald Trump \u00e9 um s\u00edmbolo desse colapso \u00e9tico e geopol\u00edtico. \u201cTrump \u00e9 o novo Nero [imperador romano lembrado por sua tirania e por ignorar o sofrimento do povo durante o grande inc\u00eandio de Roma, em 64 d.C.]\u201d, comparou, mencionando a guerra comercial que o l\u00edder estadunidense causou com as recentes tarifas \u201cmalucas\u201d impostas aos pa\u00edses. Ainda assim, o religioso enxerga sinais de resist\u00eancia: o crescimento da China e o distanciamento progressivo da Uni\u00e3o Europeia em rela\u00e7\u00e3o aos EUA s\u00e3o, segundo ele, fatores que indicam poss\u00edveis caminhos de ressurrei\u00e7\u00e3o: \u201cuma esperan\u00e7a de vit\u00f3ria, liberdade e justi\u00e7a\u201d.<\/p><\/p>\n<!-- Begin Yuzo --><div class='yuzo_related_post style-1'  data-version='5.12.89'><!-- without result --><div class='yuzo_clearfixed yuzo__title yuzo__title'><h3>Related Post<\/h3><\/div>\n\t\t\t\t\t\t  <div class=\"relatedthumb \" style=\"width:125px;float:left;overflow:hidden;\">  \n\t\t\t\t\t\t\t  \n\t\t\t\t\t\t\t  <a  href=\"https:\/\/redept.com.br\/blogosfera\/minha-casa-minha-vida-deve-chegar-para-3-milhoes-de-familias-ate-2026\/\"  >\n\t\t\t\t\t\t\t\t\t  <div class=\"yuzo-img-wrap \" style=\"width: 125px;height:90px;\">\n\t\t\t\t\t\t\t\t\t\t\n\t\t\t\t\t\t\t\t\t\t<div class=\"yuzo-img\" style=\"background:url('https:\/\/redept.org\/blogosfera\/wp-content\/plugins\/yuzo-related-post\/assets\/images\/default.png') 50% 50% no-repeat;width: 125px;height:90px;margin-bottom: 5px;background-size: cover; \"><\/div>\n\t\t\t\t\t\t\t\t\t  <\/div>\n\t\t\t\t\t\t\t\t\t  \n\t\t\t\t\t\t\t\t   <span class=\"yuzo__text--title\" style=\"font-size:13px;\">Minha Casa, Minha Vida deve chegar para 3 milh\u00f5es ...<\/span>\n\t\t\t\t\t\t\t  \n\t\t\t\t\t\t\t  \n\t\t\t\t\t\t\t  <\/a>\n\n\t\t\t\t\t\t  <\/div>\n\t\t\t\t\t\t  <div class=\"relatedthumb \" style=\"width:125px;float:left;overflow:hidden;\">  \n\t\t\t\t\t\t\t  \n\t\t\t\t\t\t\t  <a  href=\"https:\/\/redept.com.br\/blogosfera\/trump-e-a-direita-brasileira-nao-tem-interesse-real-em-combater-crime-organizado\/\"  >\n\t\t\t\t\t\t\t\t\t  <div class=\"yuzo-img-wrap \" style=\"width: 125px;height:90px;\">\n\t\t\t\t\t\t\t\t\t\t\n\t\t\t\t\t\t\t\t\t\t<div class=\"yuzo-img\" style=\"background:url('https:\/\/redept.com.br\/blogosfera\/wp-content\/uploads\/2026\/04\/Captura-de-Tela-2026-04-10-as-122047-150x150.png') 50% 50% no-repeat;width: 125px;height:90px;margin-bottom: 5px;background-size: cover; \"><\/div>\n\t\t\t\t\t\t\t\t\t  <\/div>\n\t\t\t\t\t\t\t\t\t  \n\t\t\t\t\t\t\t\t   <span class=\"yuzo__text--title\" style=\"font-size:13px;\">Trump e a direita brasileira n\u00e3o t\u00eam interesse rea...<\/span>\n\t\t\t\t\t\t\t  \n\t\t\t\t\t\t\t  \n\t\t\t\t\t\t\t  <\/a>\n\n\t\t\t\t\t\t  <\/div>\n\t\t\t\t\t\t  <div class=\"relatedthumb \" style=\"width:125px;float:left;overflow:hidden;\">  \n\t\t\t\t\t\t\t  \n\t\t\t\t\t\t\t  <a  href=\"https:\/\/redept.com.br\/blogosfera\/vivam-os-30-anos-da-ujr-a-juventude-revolucionaria-do-brasil\/\"  >\n\t\t\t\t\t\t\t\t\t  <div class=\"yuzo-img-wrap \" style=\"width: 125px;height:90px;\">\n\t\t\t\t\t\t\t\t\t\t\n\t\t\t\t\t\t\t\t\t\t<div class=\"yuzo-img\" style=\"background:url('https:\/\/redept.com.br\/blogosfera\/wp-content\/uploads\/2025\/08\/P11-_-UJR-02-150x150.jpg') 50% 50% no-repeat;width: 125px;height:90px;margin-bottom: 5px;background-size: cover; \"><\/div>\n\t\t\t\t\t\t\t\t\t  <\/div>\n\t\t\t\t\t\t\t\t\t  \n\t\t\t\t\t\t\t\t   <span class=\"yuzo__text--title\" style=\"font-size:13px;\">Vivam os 30 anos da UJR: a juventude revolucion\u00e1ri...<\/span>\n\t\t\t\t\t\t\t  \n\t\t\t\t\t\t\t  \n\t\t\t\t\t\t\t  <\/a>\n\n\t\t\t\t\t\t  <\/div>\n\t\t\t\t\t\t  <div class=\"relatedthumb \" style=\"width:125px;float:left;overflow:hidden;\">  \n\t\t\t\t\t\t\t  \n\t\t\t\t\t\t\t  <a  href=\"https:\/\/redept.com.br\/blogosfera\/associacao-gris-arrecada-alimentos-e-roupas-para-vitimas-de-incendio-na-ocupacao-icaua-rodrigues\/\"  >\n\t\t\t\t\t\t\t\t\t  <div class=\"yuzo-img-wrap \" style=\"width: 125px;height:90px;\">\n\t\t\t\t\t\t\t\t\t\t\n\t\t\t\t\t\t\t\t\t\t<div class=\"yuzo-img\" style=\"background:url('https:\/\/redept.org\/blogosfera\/wp-content\/plugins\/yuzo-related-post\/assets\/images\/default.png') 50% 50% no-repeat;width: 125px;height:90px;margin-bottom: 5px;background-size: cover; \"><\/div>\n\t\t\t\t\t\t\t\t\t  <\/div>\n\t\t\t\t\t\t\t\t\t  \n\t\t\t\t\t\t\t\t   <span class=\"yuzo__text--title\" style=\"font-size:13px;\">Associa\u00e7\u00e3o Gris arrecada alimentos e roupas para v...<\/span>\n\t\t\t\t\t\t\t  \n\t\t\t\t\t\t\t  \n\t\t\t\t\t\t\t  <\/a>\n\n\t\t\t\t\t\t  <\/div>\n<\/div> <script>\n\t\t\t\t\t\t  jQuery(document).ready(function( $ ){\n\t\t\t\t\t\t\t\/\/jQuery('.yuzo_related_post').equalizer({ overflow : 'relatedthumb' });\n\t\t\t\t\t\t\tjQuery('.yuzo_related_post .yuzo_wraps').equalizer({ columns : '> div' });\n\t\t\t\t\t\t   })\n\t\t\t\t\t\t  <\/script> <!-- End Yuzo :) -->","protected":false},"excerpt":{"rendered":"<p>O Papa Francisco fez uma apari\u00e7\u00e3o neste domingo (20) no balc\u00e3o central da Bas\u00edlica Vaticana, durante a celebra\u00e7\u00e3o oficial de P\u00e1scoa. O pont\u00edfice, que recentemente recebeu alta hospitalar ap\u00f3s 37 dias internado, acenou ao p\u00fablico e desejou uma \u201cfeliz P\u00e1scoa\u201d a todos os fi\u00e9is que acompanhavam a cerim\u00f4nia. Logo ap\u00f3s, ele passou a palavra para [&hellip;]<\/p>\n","protected":false},"author":2,"featured_media":0,"comment_status":"closed","ping_status":"closed","sticky":false,"template":"","format":"standard","meta":{"fifu_image_url":"","fifu_image_alt":"","footnotes":""},"categories":[307,50],"tags":[],"class_list":["post-23078","post","type-post","status-publish","format-standard","hentry","category-direitos-humanos","category-internacional"],"_links":{"self":[{"href":"https:\/\/redept.com.br\/blogosfera\/wp-json\/wp\/v2\/posts\/23078","targetHints":{"allow":["GET"]}}],"collection":[{"href":"https:\/\/redept.com.br\/blogosfera\/wp-json\/wp\/v2\/posts"}],"about":[{"href":"https:\/\/redept.com.br\/blogosfera\/wp-json\/wp\/v2\/types\/post"}],"author":[{"embeddable":true,"href":"https:\/\/redept.com.br\/blogosfera\/wp-json\/wp\/v2\/users\/2"}],"replies":[{"embeddable":true,"href":"https:\/\/redept.com.br\/blogosfera\/wp-json\/wp\/v2\/comments?post=23078"}],"version-history":[{"count":0,"href":"https:\/\/redept.com.br\/blogosfera\/wp-json\/wp\/v2\/posts\/23078\/revisions"}],"wp:attachment":[{"href":"https:\/\/redept.com.br\/blogosfera\/wp-json\/wp\/v2\/media?parent=23078"}],"wp:term":[{"taxonomy":"category","embeddable":true,"href":"https:\/\/redept.com.br\/blogosfera\/wp-json\/wp\/v2\/categories?post=23078"},{"taxonomy":"post_tag","embeddable":true,"href":"https:\/\/redept.com.br\/blogosfera\/wp-json\/wp\/v2\/tags?post=23078"}],"curies":[{"name":"wp","href":"https:\/\/api.w.org\/{rel}","templated":true}]}}