{"id":23079,"date":"2025-04-20T11:01:26","date_gmt":"2025-04-20T14:01:26","guid":{"rendered":"https:\/\/redept.org\/blogosfera\/papa-francisco-aparece-para-bencao-de-pascoa\/"},"modified":"2025-04-20T11:01:26","modified_gmt":"2025-04-20T14:01:26","slug":"papa-francisco-aparece-para-bencao-de-pascoa","status":"publish","type":"post","link":"https:\/\/redept.com.br\/blogosfera\/papa-francisco-aparece-para-bencao-de-pascoa\/","title":{"rendered":"Papa Francisco aparece para ben\u00e7\u00e3o de P\u00e1scoa"},"content":{"rendered":"<p>O <a href=\"https:\/\/tvtnews.com.br\/tag\/papa\/\" data-type=\"post_tag\" data-id=\"4705\">Papa Francisco<\/a> apareceu na varanda do Vaticano para fazer a tradicional ben\u00e7\u00e3o de P\u00e1scoa neste domingo (20). Ainda se <a href=\"https:\/\/tvtnews.com.br\/acompanhe-o-estado-de-saude-do-papa-francisco\/\" data-type=\"post\" data-id=\"737458\">recuperando da pneumonia<\/a>, o Papa n\u00e3o participou das celebra\u00e7\u00f5es da Semana Santa, mas escreveu mensagens. Leia com a <a href=\"http:\/\/tvtnews.com.br\/\" data-type=\"link\" data-id=\"tvtnews.com.br\" target=\"_blank\" rel=\"noopener noreferrer nofollow\">TVT News<\/a> as mensagens do Papa e os significados dos ovos de P\u00e1scoa.<\/p>\n<h2>Leia a mensagem de P\u00e1scoa do Papa Francisco<\/h2>\n<p>Do balc\u00e3o central da Bas\u00edlica Vaticana, o Papa Francisco acenou para milhares de fi\u00e9is na Pra\u00e7a S\u00e3o Pedro e desejou a todos \u201cFeliz P\u00e1scoa\u201d!<\/p>\n<\/p>\n<blockquote data-instgrm-captioned data-instgrm-permalink=\"https:\/\/www.instagram.com\/reel\/DIqkPYkMY_y\/?utm_source=ig_embed&amp;utm_campaign=loading\" data-instgrm-version=\"14\">\n<div> <a href=\"https:\/\/www.instagram.com\/reel\/DIqkPYkMY_y\/?utm_source=ig_embed&amp;utm_campaign=loading\" target=\"_blank\" rel=\"noopener noreferrer nofollow\"> <\/p>\n<div>\n<div><\/div>\n<div>\n<div><\/div>\n<div><\/div>\n<\/div>\n<\/div>\n<div><\/div>\n<div><svg width=\"50px\" height=\"50px\" viewbox=\"0 0 60 60\" version=\"1.1\" xmlns=\"https:\/\/www.w3.org\/2000\/svg\" xmlns:xlink=\"https:\/\/www.w3.org\/1999\/xlink\"><g stroke=\"none\" stroke-width=\"1\" fill=\"none\" fill-rule=\"evenodd\"><g transform=\"translate(-511.000000, -20.000000)\" fill=\"#000000\"><g><path d=\"M556.869,30.41 C554.814,30.41 553.148,32.076 553.148,34.131 C553.148,36.186 554.814,37.852 556.869,37.852 C558.924,37.852 560.59,36.186 560.59,34.131 C560.59,32.076 558.924,30.41 556.869,30.41 M541,60.657 C535.114,60.657 530.342,55.887 530.342,50 C530.342,44.114 535.114,39.342 541,39.342 C546.887,39.342 551.658,44.114 551.658,50 C551.658,55.887 546.887,60.657 541,60.657 M541,33.886 C532.1,33.886 524.886,41.1 524.886,50 C524.886,58.899 532.1,66.113 541,66.113 C549.9,66.113 557.115,58.899 557.115,50 C557.115,41.1 549.9,33.886 541,33.886 M565.378,62.101 C565.244,65.022 564.756,66.606 564.346,67.663 C563.803,69.06 563.154,70.057 562.106,71.106 C561.058,72.155 560.06,72.803 558.662,73.347 C557.607,73.757 556.021,74.244 553.102,74.378 C549.944,74.521 548.997,74.552 541,74.552 C533.003,74.552 532.056,74.521 528.898,74.378 C525.979,74.244 524.393,73.757 523.338,73.347 C521.94,72.803 520.942,72.155 519.894,71.106 C518.846,70.057 518.197,69.06 517.654,67.663 C517.244,66.606 516.755,65.022 516.623,62.101 C516.479,58.943 516.448,57.996 516.448,50 C516.448,42.003 516.479,41.056 516.623,37.899 C516.755,34.978 517.244,33.391 517.654,32.338 C518.197,30.938 518.846,29.942 519.894,28.894 C520.942,27.846 521.94,27.196 523.338,26.654 C524.393,26.244 525.979,25.756 528.898,25.623 C532.057,25.479 533.004,25.448 541,25.448 C548.997,25.448 549.943,25.479 553.102,25.623 C556.021,25.756 557.607,26.244 558.662,26.654 C560.06,27.196 561.058,27.846 562.106,28.894 C563.154,29.942 563.803,30.938 564.346,32.338 C564.756,33.391 565.244,34.978 565.378,37.899 C565.522,41.056 565.552,42.003 565.552,50 C565.552,57.996 565.522,58.943 565.378,62.101 M570.82,37.631 C570.674,34.438 570.167,32.258 569.425,30.349 C568.659,28.377 567.633,26.702 565.965,25.035 C564.297,23.368 562.623,22.342 560.652,21.575 C558.743,20.834 556.562,20.326 553.369,20.18 C550.169,20.033 549.148,20 541,20 C532.853,20 531.831,20.033 528.631,20.18 C525.438,20.326 523.257,20.834 521.349,21.575 C519.376,22.342 517.703,23.368 516.035,25.035 C514.368,26.702 513.342,28.377 512.574,30.349 C511.834,32.258 511.326,34.438 511.181,37.631 C511.035,40.831 511,41.851 511,50 C511,58.147 511.035,59.17 511.181,62.369 C511.326,65.562 511.834,67.743 512.574,69.651 C513.342,71.625 514.368,73.296 516.035,74.965 C517.703,76.634 519.376,77.658 521.349,78.425 C523.257,79.167 525.438,79.673 528.631,79.82 C531.831,79.965 532.853,80.001 541,80.001 C549.148,80.001 550.169,79.965 553.369,79.82 C556.562,79.673 558.743,79.167 560.652,78.425 C562.623,77.658 564.297,76.634 565.965,74.965 C567.633,73.296 568.659,71.625 569.425,69.651 C570.167,67.743 570.674,65.562 570.82,62.369 C570.966,59.17 571,58.147 571,50 C571,41.851 570.966,40.831 570.82,37.631\"><\/path><\/g><\/g><\/g><\/svg><\/div>\n<div>\n<div>Ver essa foto no Instagram<\/div>\n<\/div>\n<div><\/div>\n<div>\n<div>\n<div><\/div>\n<div><\/div>\n<div><\/div>\n<\/div>\n<div>\n<div><\/div>\n<div><\/div>\n<\/div>\n<div>\n<div><\/div>\n<div><\/div>\n<div><\/div>\n<\/div>\n<\/div>\n<div>\n<div><\/div>\n<div><\/div>\n<\/div>\n<p><\/a><\/p>\n<p><a href=\"https:\/\/www.instagram.com\/reel\/DIqkPYkMY_y\/?utm_source=ig_embed&amp;utm_campaign=loading\" target=\"_blank\" rel=\"noopener noreferrer nofollow\">Uma publica\u00e7\u00e3o compartilhada por Vatican News in italiano (@vaticannewsit)<\/a><\/p>\n<\/div>\n<\/blockquote>\n<h3>Papa convida ao desarmamento: as \u201carmas\u201d da paz constroem o futuro e n\u00e3o espalham morte<\/h3>\n<p>A mensagem \u201cUrbi et orbi\u201d (para a cidade de Roma e para o mundo) do Papa Francisco por ocasi\u00e3o da celebra\u00e7\u00e3o de P\u00e1scoa foi lida pelo mestre das Celebra\u00e7\u00f5es Lit\u00fargicas Pontif\u00edcias, monsenhor Diego Ravelli. <\/p>\n<p>Do balc\u00e3o central da Bas\u00edlica Vaticana, o Papa Francisco acenou para os milhares de fi\u00e9is na Pra\u00e7a S\u00e3o Pedro e desejou a todos \u201cFeliz P\u00e1scoa\u201d. O Santo Padre estava acompanhado pelo cardeal-protodi\u00e1cono, Dominique Mamberti, e pelo presidente da Pontif\u00edcia Comiss\u00e3o para o Estado da Cidade do Vaticano e do Governo da Cidade do Vaticano, cardeal Fernando V\u00e9rgez Alzaga.<\/p>\n<h4>Leia a mensagem Urbi et Orbi do Papa Francisco<\/h4>\n<p>Do sepulcro vazio de Jerusal\u00e9m, escreve o Papa, chega at\u00e9 n\u00f3s um an\u00fancio sem precedentes: o\u00a0amor venceu o \u00f3dio. A luz venceu as trevas. A verdade venceu a mentira. O perd\u00e3o venceu a vingan\u00e7a. Isso n\u00e3o significa que o mal n\u00e3o desapareceu da hist\u00f3ria, mas j\u00e1 n\u00e3o lhe pertence o dom\u00ednio.<\/p>\n<blockquote>\n<p>\u201cCristo ressuscitou! Neste an\u00fancio encerra-se todo o sentido da nossa exist\u00eancia, que n\u00e3o foi feita para a morte, mas para a vida. A P\u00e1scoa \u00e9 a festa da vida! Deus criou-nos para a vida e quer que a humanidade ressurja! Aos seus olhos, todas as vidas s\u00e3o preciosas! Tanto a da crian\u00e7a no ventre da m\u00e3e, como a do idoso ou a do doente, considerados como pessoas a descartar num n\u00famero cada vez maior de pa\u00edses.\u201d<\/p>\n<\/blockquote>\n<p>Este an\u00fancio de esperan\u00e7a ressoa hoje ainda mais forte enquanto vemos todos os dias os in\u00fameros conflitos que ocorrem em diferentes partes do mundo. \u201cQuanta viol\u00eancia vemos com frequ\u00eancia tamb\u00e9m nas fam\u00edlias, dirigida contra as mulheres ou as crian\u00e7as! Quanto desprezo se sente por vezes em rela\u00e7\u00e3o aos mais fracos, marginalizados e migrantes!\u201d, escreve com pesar Francisco, que formula os seus votos:<\/p>\n<p>\u201cNeste dia, gostaria que volt\u00e1ssemos a ter esperan\u00e7a e confian\u00e7a nos outros\u201d e \u201ca ter esperan\u00e7a de que a paz \u00e9 poss\u00edvel!\u201d O Santo Padre ent\u00e3o elenca os v\u00e1rios pa\u00edses e regi\u00f5es em conflito, a\u00a0partir da Terra Santa, onde este ano cat\u00f3licos e ortodoxos celebram a P\u00e1scoa juntos, manifestando preocupa\u00e7\u00e3o com o crescente clima de antissemitismo e definindo como \u201cdram\u00e1tica e ign\u00f3bil\u201d a situa\u00e7\u00e3o humanit\u00e1ria em Gaza.<\/p>\n<h2>As \u201carmas\u201d da paz<\/h2>\n<p>O Papa extende seus votos de paz a todo o <a href=\"https:\/\/tvtnews.com.br\/tag\/oriente-medio\/\" data-type=\"post_tag\" data-id=\"4397\">Oriente M\u00e9dio<\/a>, de modo especial ao <a href=\"https:\/\/tvtnews.com.br\/israel-aprova-acordo-de-cessar-fogo-no-libano-por-2-meses\/\" data-type=\"post\" data-id=\"731753\">L\u00edbano<\/a>, \u00e0 <a href=\"https:\/\/tvtnews.com.br\/na-siria-medicos-sem-fronteiras-oferece-assistencia-humanitaria-a-milhares-de-deslocados\/\" data-type=\"post\" data-id=\"733144\">S\u00edria<\/a> e ao I\u00eamen. Paz tamb\u00e9m para\u00a0o Sul do C\u00e1ucaso e aos povos africanos v\u00edtimas de viol\u00eancias, especialmente a Rep\u00fablica Democr\u00e1tica do Congo, o Sud\u00e3o, o Sud\u00e3o do Sul, o Chifre\u00a0da \u00c1frica e a Regi\u00e3o dos Grandes Lagos.\u00a0Na \u00c1sia, o pensamento de Francisco vai a Mianmar, que al\u00e9m do conflito armado sofre\u00a0com as consequ\u00eancias do terremoto.<\/p>\n<p>\u201cN\u00e3o \u00e9 poss\u00edvel haver paz sem um verdadeiro desarmamento! A necessidade que cada povo sente de garantir a sua pr\u00f3pria defesa n\u00e3o pode transformar-se numa corrida generalizada ao armamento\u201d, acrescenta o Pont\u00edfice, que renova o pedido para que os recursos dispon\u00edveis sejam utilizados para ajudar os necessitados, combater a fome e promover iniciativas que favore\u00e7am o desenvolvimento. \u201cEstas s\u00e3o as \u2018armas\u201d da paz: aquelas que constroem o futuro, em vez de espalhar morte!\u201d, diz ainda o Papa, apelando que n\u00e3o se ceda \u00e0 l\u00f3gica do medo.<\/p>\n<figure><img fetchpriority=\"high\" fetchpriority=\"high\" decoding=\"async\" width=\"726\" height=\"441\"src=\"https:\/\/redept.org\/blogosfera\/wp-content\/uploads\/2025\/04\/papa_pascoa-2.jpg\" alt=\"papa-francisco-aparece-para-bencao-de-pascoa-na-mensagem-de-pascoa-papa-convida-ao-desarmamento-as-armas-da-paz-constroem-o-futuro-e-nao-espalham-morte-foto-vatican-news-tvt-news\" title=\"Papa Francisco aparece para ben\u00e7\u00e3o de P\u00e1scoa 1\" srcset=\"https:\/\/redept.org\/blogosfera\/wp-content\/uploads\/2025\/04\/papa_pascoa-2.jpg 726w, https:\/\/tvtnews.com.br\/wp-content\/uploads\/2025\/04\/papa_pascoa-2-300x182.jpg 300w\" sizes=\"(max-width: 726px) 100vw, 726px\"><figcaption>Na mensagem de P\u00e1scoa, Papa convida ao desarmamento: as \u201carmas\u201d da paz constroem o futuro e n\u00e3o espalham morte. Foto: Vatican News<\/figcaption><\/figure>\n<p>\u201cQue o princ\u00edpio da humanidade nunca deixe de ser o eixo do nosso agir quotidiano. Perante a crueldade dos conflitos que atingem civis indefesos, atacam escolas e hospitais e agentes humanit\u00e1rios, n\u00e3o podemos esquecer que n\u00e3o s\u00e3o atingidos alvos, mas pessoas com alma e dignidade.\u201d Por fim, os votos de que\u00a0neste ano jubilar\u00a0 a P\u00e1scoa seja uma ocasi\u00e3o para libertar os prisioneiros de guerra e os presos pol\u00edticos.<\/p>\n<blockquote>\n<p>\u201cQueridos irm\u00e3os e irm\u00e3s, na P\u00e1scoa do Senhor, a morte e a vida enfrentaram-se num admir\u00e1vel combate, mas agora o Senhor vive para sempre. Feliz P\u00e1scoa para todos!\u201d<\/p>\n<\/blockquote>\n<p>V\u00eddeo: Missa de P\u00e1scoa, assista \u00e0 cerim\u00f4nia completa<\/p>\n<figure>\n<div>\n<\/div>\n<\/figure>\n<h2>O que significam os ovos da P\u00e1scoa<\/h2>\n<p>Entenda a transi\u00e7\u00e3o de ovos decorados para ovos de chocolate no per\u00edodo de P\u00e1scoa.<\/p>\n<p>Levantamento\u00a0divulgado pela empresa de pesquisa e intelig\u00eancia de dados Nexus revelou, recentemente,\u00a0que 52% dos brasileiros pretendem comprar ovos de chocolate na P\u00e1scoa, sendo que cada um pretende adquirir\u00a0em m\u00e9dia\u00a0tr\u00eas produtos.<\/p>\n<figure>\n<div>\n<blockquote data-secret=\"k5j5vVTR6L\"><p><a href=\"https:\/\/tvtnews.com.br\/vendas-de-pascoa-devem-beneficiar-61-mil-pequenos-negocios-em-sp\/\">Vendas de P\u00e1scoa devem beneficiar 61 mil pequenos neg\u00f3cios em SP<\/a><\/p><\/blockquote>\n<\/div>\n<\/figure>\n<p>Mas como foi a passagem dos tradicionais ovos decorados que eram presenteados no passado para os ovos feitos de chocolate, que dominam as prateleiras dos com\u00e9rcios e s\u00e3o aguardados ansiosamente nesta \u00e9poca do ano\u00a0pelas crian\u00e7as?<\/p>\n<p>A doutora em Teologia e professora da Pontif\u00edcia Universidade Cat\u00f3lica do Paran\u00e1 (PUCPR), Ana Beatriz Dias Pinto, explicou que a transi\u00e7\u00e3o dos ovos decorados para os de chocolate seguiu uma adapta\u00e7\u00e3o do mercado.<\/p>\n<blockquote>\n<p>\u201cEmbora o ovo seja s\u00edmbolo ancestral de fertilidade e vida (presente antes mesmo do cristianismo, em rituais pag\u00e3os e em tradi\u00e7\u00f5es crist\u00e3s orientais), a pr\u00e1tica de presentear ovos de chocolate \u00e9 resultado de um processo de industrializa\u00e7\u00e3o e mercantiliza\u00e7\u00e3o da P\u00e1scoa, que se intensificou ao longo do s\u00e9culo XIX e permanece h\u00e1 175 anos\u201d, afirmou.\u00a0<\/p>\n<\/blockquote>\n<p>Segundo a professora e pesquisadora, a fabrica\u00e7\u00e3o dos primeiros ovos de chocolate come\u00e7ou na Fran\u00e7a e na Alemanha por volta de 1850.<\/p>\n<blockquote>\n<p>\u201cFoi uma forma de presentear com algo mais gostoso e bonito. Antes eram ovos de galinha, pato, avestruz, muito fr\u00e1geis e visualmente enriquecidos com pinturas e adornos, mas que geralmente tinham tamanhos menores.\u201d<\/p>\n<\/blockquote>\n<p>O tamanho dos ovos de chocolate veio com o crescimento e desenvolvimento das ind\u00fastrias.<\/p>\n<figure><img decoding=\"async\" width=\"1024\" height=\"613\"src=\"https:\/\/redept.org\/blogosfera\/wp-content\/uploads\/2025\/04\/ovos_pascoa.webp\" alt=\"papa-francisco-aparece-para-bencao-de-pascoa-embora-o-ovo-seja-simbolo-ancestral-de-fertilidade-e-vida-presente-antes-mesmo-do-cristianismo-em-rituais-pagaos-e-em-tradicoes-cristas-orientais-a-pratica-de-presentear-ovos-de-chocolate-e-resultado-de-um-processo-de-industrializacao-e-mercantilizacao-da-pascoa-foto-marcelo-camargo-agencia-brasil-tvt-news\" title=\"Papa Francisco aparece para ben\u00e7\u00e3o de P\u00e1scoa 4\" srcset=\"https:\/\/tvtnews.com.br\/wp-content\/uploads\/2025\/04\/ovos_pascoa-1024x613.webp 1024w, https:\/\/tvtnews.com.br\/wp-content\/uploads\/2025\/04\/ovos_pascoa-300x179.webp 300w, https:\/\/tvtnews.com.br\/wp-content\/uploads\/2025\/04\/ovos_pascoa-768x459.webp 768w, https:\/\/redept.org\/blogosfera\/wp-content\/uploads\/2025\/04\/ovos_pascoa.webp 1170w\" sizes=\"(max-width: 1024px) 100vw, 1024px\"><figcaption>Embora o ovo seja s\u00edmbolo ancestral de fertilidade e vida (presente antes mesmo do cristianismo, em rituais pag\u00e3os e em tradi\u00e7\u00f5es crist\u00e3s orientais), a pr\u00e1tica de presentear ovos de chocolate \u00e9 resultado de um processo de industrializa\u00e7\u00e3o e mercantiliza\u00e7\u00e3o da P\u00e1scoa. Foto: Marcelo Camargo\/Ag\u00eancia Brasil<\/figcaption><\/figure>\n<blockquote>\n<p>\u201cH\u00e1 pa\u00edses onde j\u00e1 vi ovos do tamanho de uma pessoa\u201d, disse Ana Beatriz.<\/p>\n<\/blockquote>\n<p>Para a pesquisadora, \u201cpor conta deste\u00a0<em>marketing<\/em>, os ovos de chocolate\u00a0acabam servindo ao consumismo de mercado, mas sua dimens\u00e3o simb\u00f3lica para a P\u00e1scoa verdadeira n\u00e3o est\u00e1 associada \u00e0s campanhas publicit\u00e1rias, brinquedos e embalagens festivas,\u00a0assim como a vela, o coelho, o c\u00edrio pascal e as flores,. ela \u00e9 um elemento que fala sobre a vida, o renascimento\u201d.<\/p>\n<p>O consumismo que pode ser representado pelos n\u00fameros da ind\u00fastria. A Associa\u00e7\u00e3o Brasileira da Ind\u00fastria de Chocolates, Amendoim e Bala (Abicab) estimou que a produ\u00e7\u00e3o do setor neste ano deve atingir cerca de 45 milh\u00f5es de unidades. Apesar do aumento nos pre\u00e7os do produto por causa da crise da produ\u00e7\u00e3o do cacau, ainda assim s\u00e3o n\u00fameros expressivos.\u00a0<\/p>\n<\/p>\n<p><em>Com informa\u00e7\u00f5es do Vatican News e da Ag\u00eancia Brasil<\/em><\/p>\n<\/p>\n<p>The post <a rel=\"nofollow\" href=\"https:\/\/tvtnews.com.br\/papa-francisco-aparece-para-bencao-de-pascoa\/\">Papa Francisco aparece para ben\u00e7\u00e3o de P\u00e1scoa<\/a> appeared first on <a rel=\"nofollow\" href=\"https:\/\/tvtnews.com.br\/\">TVT News<\/a>.<\/p>\n<!-- Begin Yuzo --><div class='yuzo_related_post style-1'  data-version='5.12.89'><!-- without result --><div class='yuzo_clearfixed yuzo__title yuzo__title'><h3>Related Post<\/h3><\/div>\n\t\t\t\t\t\t  <div class=\"relatedthumb \" style=\"width:125px;float:left;overflow:hidden;\">  \n\t\t\t\t\t\t\t  \n\t\t\t\t\t\t\t  <a  href=\"https:\/\/redept.com.br\/blogosfera\/lula-cancela-presenca-em-posse-de-presidente-do-chile-apos-convites-a-irmaos-bolsonaro\/\"  >\n\t\t\t\t\t\t\t\t\t  <div class=\"yuzo-img-wrap \" style=\"width: 125px;height:90px;\">\n\t\t\t\t\t\t\t\t\t\t\n\t\t\t\t\t\t\t\t\t\t<div class=\"yuzo-img\" style=\"background:url('https:\/\/redept.org\/blogosfera\/wp-content\/plugins\/yuzo-related-post\/assets\/images\/default.png') 50% 50% no-repeat;width: 125px;height:90px;margin-bottom: 5px;background-size: cover; \"><\/div>\n\t\t\t\t\t\t\t\t\t  <\/div>\n\t\t\t\t\t\t\t\t\t  \n\t\t\t\t\t\t\t\t   <span class=\"yuzo__text--title\" style=\"font-size:13px;\">Lula cancela presen\u00e7a em posse de presidente do Ch...<\/span>\n\t\t\t\t\t\t\t  \n\t\t\t\t\t\t\t  \n\t\t\t\t\t\t\t  <\/a>\n\n\t\t\t\t\t\t  <\/div>\n\t\t\t\t\t\t  <div class=\"relatedthumb \" style=\"width:125px;float:left;overflow:hidden;\">  \n\t\t\t\t\t\t\t  \n\t\t\t\t\t\t\t  <a  href=\"https:\/\/redept.com.br\/blogosfera\/cotada-para-vice-de-flavio-bolsonaro-deputada-pernambucana-clarissa-tercio-ja-protestou-para-que-crianca-estuprada-mantivesse-gravidez\/\"  >\n\t\t\t\t\t\t\t\t\t  <div class=\"yuzo-img-wrap \" style=\"width: 125px;height:90px;\">\n\t\t\t\t\t\t\t\t\t\t\n\t\t\t\t\t\t\t\t\t\t<div class=\"yuzo-img\" style=\"background:url('https:\/\/redept.org\/blogosfera\/wp-content\/plugins\/yuzo-related-post\/assets\/images\/default.png') 50% 50% no-repeat;width: 125px;height:90px;margin-bottom: 5px;background-size: cover; \"><\/div>\n\t\t\t\t\t\t\t\t\t  <\/div>\n\t\t\t\t\t\t\t\t\t  \n\t\t\t\t\t\t\t\t   <span class=\"yuzo__text--title\" style=\"font-size:13px;\">Cotada para vice de Fl\u00e1vio Bolsonaro, deputada per...<\/span>\n\t\t\t\t\t\t\t  \n\t\t\t\t\t\t\t  \n\t\t\t\t\t\t\t  <\/a>\n\n\t\t\t\t\t\t  <\/div>\n\t\t\t\t\t\t  <div class=\"relatedthumb \" style=\"width:125px;float:left;overflow:hidden;\">  \n\t\t\t\t\t\t\t  \n\t\t\t\t\t\t\t  <a  href=\"https:\/\/redept.com.br\/blogosfera\/vorcaro-ja-esta-na-pf-preparando-a-delacao-premiada-nao-poupara-ninguem-sinaliza-defesa\/\"  >\n\t\t\t\t\t\t\t\t\t  <div class=\"yuzo-img-wrap \" style=\"width: 125px;height:90px;\">\n\t\t\t\t\t\t\t\t\t\t\n\t\t\t\t\t\t\t\t\t\t<div class=\"yuzo-img\" style=\"background:url('https:\/\/redept.org\/blogosfera\/wp-content\/plugins\/yuzo-related-post\/assets\/images\/default.png') 50% 50% no-repeat;width: 125px;height:90px;margin-bottom: 5px;background-size: cover; \"><\/div>\n\t\t\t\t\t\t\t\t\t  <\/div>\n\t\t\t\t\t\t\t\t\t  \n\t\t\t\t\t\t\t\t   <span class=\"yuzo__text--title\" style=\"font-size:13px;\">Vorcaro j\u00e1 est\u00e1 na PF preparando a dela\u00e7\u00e3o premiad...<\/span>\n\t\t\t\t\t\t\t  \n\t\t\t\t\t\t\t  \n\t\t\t\t\t\t\t  <\/a>\n\n\t\t\t\t\t\t  <\/div>\n\t\t\t\t\t\t  <div class=\"relatedthumb \" style=\"width:125px;float:left;overflow:hidden;\">  \n\t\t\t\t\t\t\t  \n\t\t\t\t\t\t\t  <a  href=\"https:\/\/redept.com.br\/blogosfera\/raio-atinge-apoiadores-em-ato-de-nikolas-ferreira-e-deixa-11-feridos-em-brasilia\/\"  >\n\t\t\t\t\t\t\t\t\t  <div class=\"yuzo-img-wrap \" style=\"width: 125px;height:90px;\">\n\t\t\t\t\t\t\t\t\t\t\n\t\t\t\t\t\t\t\t\t\t<div class=\"yuzo-img\" style=\"background:url('https:\/\/redept.org\/blogosfera\/wp-content\/plugins\/yuzo-related-post\/assets\/images\/default.png') 50% 50% no-repeat;width: 125px;height:90px;margin-bottom: 5px;background-size: cover; \"><\/div>\n\t\t\t\t\t\t\t\t\t  <\/div>\n\t\t\t\t\t\t\t\t\t  \n\t\t\t\t\t\t\t\t   <span class=\"yuzo__text--title\" style=\"font-size:13px;\">Raio atinge apoiadores em ato de Nikolas Ferreira ...<\/span>\n\t\t\t\t\t\t\t  \n\t\t\t\t\t\t\t  \n\t\t\t\t\t\t\t  <\/a>\n\n\t\t\t\t\t\t  <\/div>\n<\/div> <script>\n\t\t\t\t\t\t  jQuery(document).ready(function( $ ){\n\t\t\t\t\t\t\t\/\/jQuery('.yuzo_related_post').equalizer({ overflow : 'relatedthumb' });\n\t\t\t\t\t\t\tjQuery('.yuzo_related_post .yuzo_wraps').equalizer({ columns : '> div' });\n\t\t\t\t\t\t   })\n\t\t\t\t\t\t  <\/script> <!-- End Yuzo :) -->","protected":false},"excerpt":{"rendered":"<p>O Papa Francisco apareceu na varanda do Vaticano para fazer a tradicional ben\u00e7\u00e3o de P\u00e1scoa neste domingo (20). Ainda se recuperando da pneumonia, o Papa n\u00e3o participou das celebra\u00e7\u00f5es da Semana Santa, mas escreveu mensagens. Leia com a TVT News as mensagens do Papa e os significados dos ovos de P\u00e1scoa. Leia a mensagem de [&hellip;]<\/p>\n","protected":false},"author":2,"featured_media":23080,"comment_status":"closed","ping_status":"closed","sticky":false,"template":"","format":"standard","meta":{"fifu_image_url":"","fifu_image_alt":"","footnotes":""},"categories":[472,1576,26,998],"tags":[],"class_list":["post-23079","post","type-post","status-publish","format-standard","has-post-thumbnail","hentry","category-destaque-ahome","category-hoje-na-historia","category-mundo","category-papa"],"_links":{"self":[{"href":"https:\/\/redept.com.br\/blogosfera\/wp-json\/wp\/v2\/posts\/23079","targetHints":{"allow":["GET"]}}],"collection":[{"href":"https:\/\/redept.com.br\/blogosfera\/wp-json\/wp\/v2\/posts"}],"about":[{"href":"https:\/\/redept.com.br\/blogosfera\/wp-json\/wp\/v2\/types\/post"}],"author":[{"embeddable":true,"href":"https:\/\/redept.com.br\/blogosfera\/wp-json\/wp\/v2\/users\/2"}],"replies":[{"embeddable":true,"href":"https:\/\/redept.com.br\/blogosfera\/wp-json\/wp\/v2\/comments?post=23079"}],"version-history":[{"count":0,"href":"https:\/\/redept.com.br\/blogosfera\/wp-json\/wp\/v2\/posts\/23079\/revisions"}],"wp:featuredmedia":[{"embeddable":true,"href":"https:\/\/redept.com.br\/blogosfera\/wp-json\/wp\/v2\/media\/23080"}],"wp:attachment":[{"href":"https:\/\/redept.com.br\/blogosfera\/wp-json\/wp\/v2\/media?parent=23079"}],"wp:term":[{"taxonomy":"category","embeddable":true,"href":"https:\/\/redept.com.br\/blogosfera\/wp-json\/wp\/v2\/categories?post=23079"},{"taxonomy":"post_tag","embeddable":true,"href":"https:\/\/redept.com.br\/blogosfera\/wp-json\/wp\/v2\/tags?post=23079"}],"curies":[{"name":"wp","href":"https:\/\/api.w.org\/{rel}","templated":true}]}}