{"id":23086,"date":"2025-04-20T12:54:47","date_gmt":"2025-04-20T15:54:47","guid":{"rendered":"https:\/\/redept.org\/blogosfera\/cantora-e-compositora-cristina-buarque-morre-aos-74-anos\/"},"modified":"2025-04-20T12:54:47","modified_gmt":"2025-04-20T15:54:47","slug":"cantora-e-compositora-cristina-buarque-morre-aos-74-anos","status":"publish","type":"post","link":"https:\/\/redept.com.br\/blogosfera\/cantora-e-compositora-cristina-buarque-morre-aos-74-anos\/","title":{"rendered":"Cantora e compositora Cristina Buarque morre aos 74 anos"},"content":{"rendered":"<p>A cantora e compositora Maria Cristina Buarque de Hollanda morreu neste domingo (20), aos 74 anos, na Ilha de Paquet\u00e1, no Rio de Janeiro. A informa\u00e7\u00e3o foi confirmada por seu filho, o cineasta Zeca Ferreira. Cristina enfrentava complica\u00e7\u00f5es causadas por um c\u00e2ncer.<\/p>\n<p>Filha do historiador S\u00e9rgio Buarque de Hollanda e da pianista Maria Am\u00e9lia Alvim, Cristina era irm\u00e3 do compositor<a href=\"https:\/\/www.brasildefato.com.br\/2022\/07\/21\/chico-buarque-luta-dos-evangelicos-contra-a-cultura-da-morte-e-da-maior-importancia\/\"> Chico Buarque<\/a>, da cantora Mi\u00facha e da ex-ministra da Cultura Ana de Hollanda.<\/p>\n<p>\u201cUma cantora avessa aos holofotes. Como explicar um neg\u00f3cio desses em qualquer tempo? Mas como explicar isso nesse tempo espec\u00edfico?\u201d, escreveu o filho nas redes sociais.<\/p>\n<p>Cristina Buarque se dedicou principalmente ao <a href=\"https:\/\/www.brasildefato.com.br\/2024\/11\/23\/o-samba-ensina-a-caminhar-junto-de-forma-revolucionaria-afirma-fabiana-cozza\/\">samba<\/a>, com foco em compositores do in\u00edcio do s\u00e9culo XX e da chamada Velha Guarda. Gravou \u00e1lbuns solo e participou de projetos coletivos do g\u00eanero. Seu primeiro disco, Cristina Buarque (1974), foi lan\u00e7ado em parceria com o pianista Jo\u00e3o Carlos Assis Brasil.<\/p><\/p>\n<!-- Begin Yuzo --><div class='yuzo_related_post style-1'  data-version='5.12.89'><!-- without result --><div class='yuzo_clearfixed yuzo__title yuzo__title'><h3>Related Post<\/h3><\/div>\n\t\t\t\t\t\t  <div class=\"relatedthumb \" style=\"width:125px;float:left;overflow:hidden;\">  \n\t\t\t\t\t\t\t  \n\t\t\t\t\t\t\t  <a  href=\"https:\/\/redept.com.br\/blogosfera\/eduardo-bolsonaro-o-inventor-do-ai-5-democratico\/\"  >\n\t\t\t\t\t\t\t\t\t  <div class=\"yuzo-img-wrap \" style=\"width: 125px;height:90px;\">\n\t\t\t\t\t\t\t\t\t\t\n\t\t\t\t\t\t\t\t\t\t<div class=\"yuzo-img\" style=\"background:url('https:\/\/redept.org\/blogosfera\/wp-content\/plugins\/yuzo-related-post\/assets\/images\/default.png') 50% 50% no-repeat;width: 125px;height:90px;margin-bottom: 5px;background-size: cover; \"><\/div>\n\t\t\t\t\t\t\t\t\t  <\/div>\n\t\t\t\t\t\t\t\t\t  \n\t\t\t\t\t\t\t\t   <span class=\"yuzo__text--title\" style=\"font-size:13px;\">Eduardo Bolsonaro, o inventor do AI-5 democr\u00e1tico<\/span>\n\t\t\t\t\t\t\t  \n\t\t\t\t\t\t\t  \n\t\t\t\t\t\t\t  <\/a>\n\n\t\t\t\t\t\t  <\/div>\n\t\t\t\t\t\t  <div class=\"relatedthumb \" style=\"width:125px;float:left;overflow:hidden;\">  \n\t\t\t\t\t\t\t  \n\t\t\t\t\t\t\t  <a  href=\"https:\/\/redept.com.br\/blogosfera\/padilha-avalia-ir-a-nova-york-para-assembleias-da-onu-e-opas\/\"  >\n\t\t\t\t\t\t\t\t\t  <div class=\"yuzo-img-wrap \" style=\"width: 125px;height:90px;\">\n\t\t\t\t\t\t\t\t\t\t\n\t\t\t\t\t\t\t\t\t\t<div class=\"yuzo-img\" style=\"background:url('https:\/\/redept.org\/blogosfera\/wp-content\/plugins\/yuzo-related-post\/assets\/images\/default.png') 50% 50% no-repeat;width: 125px;height:90px;margin-bottom: 5px;background-size: cover; \"><\/div>\n\t\t\t\t\t\t\t\t\t  <\/div>\n\t\t\t\t\t\t\t\t\t  \n\t\t\t\t\t\t\t\t   <span class=\"yuzo__text--title\" style=\"font-size:13px;\">Padilha avalia ir a Nova York para assembleias da ...<\/span>\n\t\t\t\t\t\t\t  \n\t\t\t\t\t\t\t  \n\t\t\t\t\t\t\t  <\/a>\n\n\t\t\t\t\t\t  <\/div>\n\t\t\t\t\t\t  <div class=\"relatedthumb \" style=\"width:125px;float:left;overflow:hidden;\">  \n\t\t\t\t\t\t\t  \n\t\t\t\t\t\t\t  <a  href=\"https:\/\/redept.com.br\/blogosfera\/governo-deve-apostar-em-confronto-com-congresso-para-avancar-em-isencao-de-ir-e-taxacao-dos-super-ricos-avalia-analista\/\"  >\n\t\t\t\t\t\t\t\t\t  <div class=\"yuzo-img-wrap \" style=\"width: 125px;height:90px;\">\n\t\t\t\t\t\t\t\t\t\t\n\t\t\t\t\t\t\t\t\t\t<div class=\"yuzo-img\" style=\"background:url('https:\/\/redept.org\/blogosfera\/wp-content\/plugins\/yuzo-related-post\/assets\/images\/default.png') 50% 50% no-repeat;width: 125px;height:90px;margin-bottom: 5px;background-size: cover; \"><\/div>\n\t\t\t\t\t\t\t\t\t  <\/div>\n\t\t\t\t\t\t\t\t\t  \n\t\t\t\t\t\t\t\t   <span class=\"yuzo__text--title\" style=\"font-size:13px;\">Governo deve apostar em confronto com Congresso pa...<\/span>\n\t\t\t\t\t\t\t  \n\t\t\t\t\t\t\t  \n\t\t\t\t\t\t\t  <\/a>\n\n\t\t\t\t\t\t  <\/div>\n\t\t\t\t\t\t  <div class=\"relatedthumb \" style=\"width:125px;float:left;overflow:hidden;\">  \n\t\t\t\t\t\t\t  \n\t\t\t\t\t\t\t  <a  href=\"https:\/\/redept.com.br\/blogosfera\/congresso-inimigo-do-povo\/\"  >\n\t\t\t\t\t\t\t\t\t  <div class=\"yuzo-img-wrap \" style=\"width: 125px;height:90px;\">\n\t\t\t\t\t\t\t\t\t\t\n\t\t\t\t\t\t\t\t\t\t<div class=\"yuzo-img\" style=\"background:url('https:\/\/redept.org\/blogosfera\/wp-content\/plugins\/yuzo-related-post\/assets\/images\/default.png') 50% 50% no-repeat;width: 125px;height:90px;margin-bottom: 5px;background-size: cover; \"><\/div>\n\t\t\t\t\t\t\t\t\t  <\/div>\n\t\t\t\t\t\t\t\t\t  \n\t\t\t\t\t\t\t\t   <span class=\"yuzo__text--title\" style=\"font-size:13px;\">Congresso inimigo do povo<\/span>\n\t\t\t\t\t\t\t  \n\t\t\t\t\t\t\t  \n\t\t\t\t\t\t\t  <\/a>\n\n\t\t\t\t\t\t  <\/div>\n<\/div> <script>\n\t\t\t\t\t\t  jQuery(document).ready(function( $ ){\n\t\t\t\t\t\t\t\/\/jQuery('.yuzo_related_post').equalizer({ overflow : 'relatedthumb' });\n\t\t\t\t\t\t\tjQuery('.yuzo_related_post .yuzo_wraps').equalizer({ columns : '> div' });\n\t\t\t\t\t\t   })\n\t\t\t\t\t\t  <\/script> <!-- End Yuzo :) -->","protected":false},"excerpt":{"rendered":"<p>A cantora e compositora Maria Cristina Buarque de Hollanda morreu neste domingo (20), aos 74 anos, na Ilha de Paquet\u00e1, no Rio de Janeiro. A informa\u00e7\u00e3o foi confirmada por seu filho, o cineasta Zeca Ferreira. Cristina enfrentava complica\u00e7\u00f5es causadas por um c\u00e2ncer. Filha do historiador S\u00e9rgio Buarque de Hollanda e da pianista Maria Am\u00e9lia Alvim, [&hellip;]<\/p>\n","protected":false},"author":2,"featured_media":0,"comment_status":"closed","ping_status":"closed","sticky":false,"template":"","format":"standard","meta":{"fifu_image_url":"","fifu_image_alt":"","footnotes":""},"categories":[309],"tags":[],"class_list":["post-23086","post","type-post","status-publish","format-standard","hentry","category-cultura"],"_links":{"self":[{"href":"https:\/\/redept.com.br\/blogosfera\/wp-json\/wp\/v2\/posts\/23086","targetHints":{"allow":["GET"]}}],"collection":[{"href":"https:\/\/redept.com.br\/blogosfera\/wp-json\/wp\/v2\/posts"}],"about":[{"href":"https:\/\/redept.com.br\/blogosfera\/wp-json\/wp\/v2\/types\/post"}],"author":[{"embeddable":true,"href":"https:\/\/redept.com.br\/blogosfera\/wp-json\/wp\/v2\/users\/2"}],"replies":[{"embeddable":true,"href":"https:\/\/redept.com.br\/blogosfera\/wp-json\/wp\/v2\/comments?post=23086"}],"version-history":[{"count":0,"href":"https:\/\/redept.com.br\/blogosfera\/wp-json\/wp\/v2\/posts\/23086\/revisions"}],"wp:attachment":[{"href":"https:\/\/redept.com.br\/blogosfera\/wp-json\/wp\/v2\/media?parent=23086"}],"wp:term":[{"taxonomy":"category","embeddable":true,"href":"https:\/\/redept.com.br\/blogosfera\/wp-json\/wp\/v2\/categories?post=23086"},{"taxonomy":"post_tag","embeddable":true,"href":"https:\/\/redept.com.br\/blogosfera\/wp-json\/wp\/v2\/tags?post=23086"}],"curies":[{"name":"wp","href":"https:\/\/api.w.org\/{rel}","templated":true}]}}