{"id":23087,"date":"2025-04-20T13:00:25","date_gmt":"2025-04-20T16:00:25","guid":{"rendered":"https:\/\/redept.org\/blogosfera\/mst-confirma-visita-de-lula-a-acampamento-no-parana-no-final-do-mes-de-abril\/"},"modified":"2025-04-20T13:00:25","modified_gmt":"2025-04-20T16:00:25","slug":"mst-confirma-visita-de-lula-a-acampamento-no-parana-no-final-do-mes-de-abril","status":"publish","type":"post","link":"https:\/\/redept.com.br\/blogosfera\/mst-confirma-visita-de-lula-a-acampamento-no-parana-no-final-do-mes-de-abril\/","title":{"rendered":"MST confirma visita de Lula a acampamento no Paran\u00e1 no final do m\u00eas de abril"},"content":{"rendered":"<p>O presidente Luiz In\u00e1cio Lula da Silva (PT) deve realizar uma <a href=\"https:\/\/www.brasildefato.com.br\/2025\/03\/03\/lula-tem-visita-agendada-a-acampamento-do-mst-em-campo-do-meio-mg-onde-participa-de-ato-pela-reforma-agraria\/\">visita ao acampamento<\/a> Maila Sabrina do Movimento dos Trabalhadores Rurais Sem Terra (MST), no Paran\u00e1, para anunciar a cria\u00e7\u00e3o de um novo assentamento. A visita est\u00e1 prevista para o final deste m\u00eas. <\/p>\n<p>A comunidade Maila Sabrina est\u00e1 localizada no limite entre os munic\u00edpios de Ortigueira e Faxinal, na regi\u00e3o centro-sul dos Campos Gerais do estado. O acampamento do MST existe h\u00e1 22 anos e espera receber o t\u00edtulo de assentamento de terra durante a visita, marcada para o dia 30 de abril.<\/p>\n<p>Este pode ser o <a href=\"https:\/\/www.brasildefato.com.br\/2025\/03\/03\/lula-tem-visita-agendada-a-acampamento-do-mst-em-campo-do-meio-mg-onde-participa-de-ato-pela-reforma-agraria\/\">segundo gesto concreto pela reforma agr\u00e1ria<\/a> desta gest\u00e3o do presidente.<\/p>\n<p>O espa\u00e7o ocupado servia, no passado, para a cria\u00e7\u00e3o de b\u00fafalos e, segundo o MST, estava em estado de degrada\u00e7\u00e3o ambiental intenso.<\/p>\n<p>O territ\u00f3rio hoje \u00e9 lar de 1600 pessoas que trabalham no cultivo de gr\u00e3os, hortali\u00e7as, verduras e frutas, pequenas cria\u00e7\u00f5es de animais e tamb\u00e9m produ\u00e7\u00e3o org\u00e2nica.<\/p>\n<p>Logo ap\u00f3s o carnaval, Lula fez a primeira a\u00e7\u00e3o <a href=\"https:\/\/www.brasildefato.com.br\/2025\/03\/03\/lula-tem-visita-agendada-a-acampamento-do-mst-em-campo-do-meio-mg-onde-participa-de-ato-pela-reforma-agraria\/\">durante visita ao interior de Minas Gerais<\/a>, Em Campo do Meio, o presidente assinou decreto de desapropria\u00e7\u00e3o de uma \u00e1rea que h\u00e1 27 anos tem sido um espa\u00e7o de constru\u00e7\u00e3o coletiva e produ\u00e7\u00e3o de alimentos do MST, o <a href=\"https:\/\/www.brasildefato.com.br\/2025\/03\/03\/lula-tem-visita-agendada-a-acampamento-do-mst-em-campo-do-meio-mg-onde-participa-de-ato-pela-reforma-agraria\/\">Quilombo Campo Grande<\/a>.<\/p>\n<p>Na ocasi\u00e3o, o governo tamb\u00e9m confirmou 138 novos assentamentos, localizados em 24 estados do pa\u00eds, al\u00e9m da destina\u00e7\u00e3o de 75.573 hectares de terra para fins de Reforma Agr\u00e1ria, possibilitando assim a cria\u00e7\u00e3o de 12.297 novos lotes familiares de trabalhadores rurais.<\/p>\n<!-- Begin Yuzo --><div class='yuzo_related_post style-1'  data-version='5.12.89'><!-- without result --><div class='yuzo_clearfixed yuzo__title yuzo__title'><h3>Related Post<\/h3><\/div>\n\t\t\t\t\t\t  <div class=\"relatedthumb \" style=\"width:125px;float:left;overflow:hidden;\">  \n\t\t\t\t\t\t\t  \n\t\t\t\t\t\t\t  <a  href=\"https:\/\/redept.com.br\/blogosfera\/fortes-chuvas-causam-deslizamentos-e-transbordamento-de-rios-em-paraty-rj-cidade-esta-em-alerta-severo\/\"  >\n\t\t\t\t\t\t\t\t\t  <div class=\"yuzo-img-wrap \" style=\"width: 125px;height:90px;\">\n\t\t\t\t\t\t\t\t\t\t\n\t\t\t\t\t\t\t\t\t\t<div class=\"yuzo-img\" style=\"background:url('https:\/\/redept.org\/blogosfera\/wp-content\/plugins\/yuzo-related-post\/assets\/images\/default.png') 50% 50% no-repeat;width: 125px;height:90px;margin-bottom: 5px;background-size: cover; \"><\/div>\n\t\t\t\t\t\t\t\t\t  <\/div>\n\t\t\t\t\t\t\t\t\t  \n\t\t\t\t\t\t\t\t   <span class=\"yuzo__text--title\" style=\"font-size:13px;\">Fortes chuvas causam deslizamentos e transbordamen...<\/span>\n\t\t\t\t\t\t\t  \n\t\t\t\t\t\t\t  \n\t\t\t\t\t\t\t  <\/a>\n\n\t\t\t\t\t\t  <\/div>\n\t\t\t\t\t\t  <div class=\"relatedthumb \" style=\"width:125px;float:left;overflow:hidden;\">  \n\t\t\t\t\t\t\t  \n\t\t\t\t\t\t\t  <a  href=\"https:\/\/redept.com.br\/blogosfera\/na-ccj-maria-do-rosario-desmonta-farsa-de-zambelli-e-expoe-crimes-da-bolsonarista\/\"  >\n\t\t\t\t\t\t\t\t\t  <div class=\"yuzo-img-wrap \" style=\"width: 125px;height:90px;\">\n\t\t\t\t\t\t\t\t\t\t\n\t\t\t\t\t\t\t\t\t\t<div class=\"yuzo-img\" style=\"background:url('https:\/\/redept.com.br\/blogosfera\/wp-content\/uploads\/2025\/09\/WhatsApp-Image-2025-09-10-at-154239-150x150.jpeg') 50% 50% no-repeat;width: 125px;height:90px;margin-bottom: 5px;background-size: cover; \"><\/div>\n\t\t\t\t\t\t\t\t\t  <\/div>\n\t\t\t\t\t\t\t\t\t  \n\t\t\t\t\t\t\t\t   <span class=\"yuzo__text--title\" style=\"font-size:13px;\">Na CCJ, Maria do Ros\u00e1rio desmonta farsa de Zambell...<\/span>\n\t\t\t\t\t\t\t  \n\t\t\t\t\t\t\t  \n\t\t\t\t\t\t\t  <\/a>\n\n\t\t\t\t\t\t  <\/div>\n\t\t\t\t\t\t  <div class=\"relatedthumb \" style=\"width:125px;float:left;overflow:hidden;\">  \n\t\t\t\t\t\t\t  \n\t\t\t\t\t\t\t  <a  href=\"https:\/\/redept.com.br\/blogosfera\/brazilian-university-awards-diplomas-to-students-and-civil-servants-persecuted-by-the-dictatorship\/\"  >\n\t\t\t\t\t\t\t\t\t  <div class=\"yuzo-img-wrap \" style=\"width: 125px;height:90px;\">\n\t\t\t\t\t\t\t\t\t\t\n\t\t\t\t\t\t\t\t\t\t<div class=\"yuzo-img\" style=\"background:url('https:\/\/redept.org\/blogosfera\/wp-content\/plugins\/yuzo-related-post\/assets\/images\/default.png') 50% 50% no-repeat;width: 125px;height:90px;margin-bottom: 5px;background-size: cover; \"><\/div>\n\t\t\t\t\t\t\t\t\t  <\/div>\n\t\t\t\t\t\t\t\t\t  \n\t\t\t\t\t\t\t\t   <span class=\"yuzo__text--title\" style=\"font-size:13px;\">Brazilian University awards diplomas to students a...<\/span>\n\t\t\t\t\t\t\t  \n\t\t\t\t\t\t\t  \n\t\t\t\t\t\t\t  <\/a>\n\n\t\t\t\t\t\t  <\/div>\n\t\t\t\t\t\t  <div class=\"relatedthumb \" style=\"width:125px;float:left;overflow:hidden;\">  \n\t\t\t\t\t\t\t  \n\t\t\t\t\t\t\t  <a  href=\"https:\/\/redept.com.br\/blogosfera\/estado-do-rs-ja-soma-r-7-bilhoes-em-incentivos-fiscais-a-iniciativa-privada-em-2025\/\"  >\n\t\t\t\t\t\t\t\t\t  <div class=\"yuzo-img-wrap \" style=\"width: 125px;height:90px;\">\n\t\t\t\t\t\t\t\t\t\t\n\t\t\t\t\t\t\t\t\t\t<div class=\"yuzo-img\" style=\"background:url('https:\/\/redept.org\/blogosfera\/wp-content\/plugins\/yuzo-related-post\/assets\/images\/default.png') 50% 50% no-repeat;width: 125px;height:90px;margin-bottom: 5px;background-size: cover; \"><\/div>\n\t\t\t\t\t\t\t\t\t  <\/div>\n\t\t\t\t\t\t\t\t\t  \n\t\t\t\t\t\t\t\t   <span class=\"yuzo__text--title\" style=\"font-size:13px;\">Estado do RS j\u00e1 soma R$ 7 bilh\u00f5es em incentivos fi...<\/span>\n\t\t\t\t\t\t\t  \n\t\t\t\t\t\t\t  \n\t\t\t\t\t\t\t  <\/a>\n\n\t\t\t\t\t\t  <\/div>\n<\/div> <script>\n\t\t\t\t\t\t  jQuery(document).ready(function( $ ){\n\t\t\t\t\t\t\t\/\/jQuery('.yuzo_related_post').equalizer({ overflow : 'relatedthumb' });\n\t\t\t\t\t\t\tjQuery('.yuzo_related_post .yuzo_wraps').equalizer({ columns : '> div' });\n\t\t\t\t\t\t   })\n\t\t\t\t\t\t  <\/script> <!-- End Yuzo :) -->","protected":false},"excerpt":{"rendered":"<p>O presidente Luiz In\u00e1cio Lula da Silva (PT) deve realizar uma visita ao acampamento Maila Sabrina do Movimento dos Trabalhadores Rurais Sem Terra (MST), no Paran\u00e1, para anunciar a cria\u00e7\u00e3o de um novo assentamento. A visita est\u00e1 prevista para o final deste m\u00eas. A comunidade Maila Sabrina est\u00e1 localizada no limite entre os munic\u00edpios de [&hellip;]<\/p>\n","protected":false},"author":2,"featured_media":0,"comment_status":"closed","ping_status":"closed","sticky":false,"template":"","format":"standard","meta":{"fifu_image_url":"","fifu_image_alt":"","footnotes":""},"categories":[306,45],"tags":[],"class_list":["post-23087","post","type-post","status-publish","format-standard","hentry","category-agroecologia","category-brasil"],"_links":{"self":[{"href":"https:\/\/redept.com.br\/blogosfera\/wp-json\/wp\/v2\/posts\/23087","targetHints":{"allow":["GET"]}}],"collection":[{"href":"https:\/\/redept.com.br\/blogosfera\/wp-json\/wp\/v2\/posts"}],"about":[{"href":"https:\/\/redept.com.br\/blogosfera\/wp-json\/wp\/v2\/types\/post"}],"author":[{"embeddable":true,"href":"https:\/\/redept.com.br\/blogosfera\/wp-json\/wp\/v2\/users\/2"}],"replies":[{"embeddable":true,"href":"https:\/\/redept.com.br\/blogosfera\/wp-json\/wp\/v2\/comments?post=23087"}],"version-history":[{"count":0,"href":"https:\/\/redept.com.br\/blogosfera\/wp-json\/wp\/v2\/posts\/23087\/revisions"}],"wp:attachment":[{"href":"https:\/\/redept.com.br\/blogosfera\/wp-json\/wp\/v2\/media?parent=23087"}],"wp:term":[{"taxonomy":"category","embeddable":true,"href":"https:\/\/redept.com.br\/blogosfera\/wp-json\/wp\/v2\/categories?post=23087"},{"taxonomy":"post_tag","embeddable":true,"href":"https:\/\/redept.com.br\/blogosfera\/wp-json\/wp\/v2\/tags?post=23087"}],"curies":[{"name":"wp","href":"https:\/\/api.w.org\/{rel}","templated":true}]}}