{"id":23088,"date":"2025-04-20T13:30:19","date_gmt":"2025-04-20T16:30:19","guid":{"rendered":"https:\/\/redept.org\/blogosfera\/russia-e-ucrania-trocam-acusacoes-sobre-violacao-da-tregua-de-pascoa\/"},"modified":"2025-04-20T13:30:19","modified_gmt":"2025-04-20T16:30:19","slug":"russia-e-ucrania-trocam-acusacoes-sobre-violacao-da-tregua-de-pascoa","status":"publish","type":"post","link":"https:\/\/redept.com.br\/blogosfera\/russia-e-ucrania-trocam-acusacoes-sobre-violacao-da-tregua-de-pascoa\/","title":{"rendered":"R\u00fassia e Ucr\u00e2nia trocam acusa\u00e7\u00f5es sobre viola\u00e7\u00e3o da tr\u00e9gua de P\u00e1scoa"},"content":{"rendered":"<p>R\u00fassia e Ucr\u00e2nia trocaram acusa\u00e7\u00f5es neste domingo (20) sobre viola\u00e7\u00e3o da<a href=\"https:\/\/www.brasildefato.com.br\/2025\/04\/19\/putin-anuncia-cessar-fogo-de-pascoa-de-30h-na-guerra-da-ucrania\/\"> tr\u00e9gua de P\u00e1scoa<\/a> declarada pelo presidente russo, Vladimir Putin, que o chefe de Estado ucraniano Volodimir Zelensky se comprometeu a respeitar.<\/p>\n<p>O presidente russo anunciou no s\u00e1bado (19) a suspens\u00e3o de todas as a\u00e7\u00f5es militares na Ucr\u00e2nia \u201cdas 18h do dia 19 de abril at\u00e9 as 00h do dia 21 de abril\u201d. A informa\u00e7\u00e3o foi confirmada, na ocasi\u00e3o, pelo servi\u00e7o de imprensa do Kremlin.<\/p>\n<p>Desde o in\u00edcio da tr\u00e9gua, \u00e0s 15h00 GMT (12h00 de Bras\u00edlia) de s\u00e1bado, Zelensky, por\u00e9m, acusou a R\u00fassia de prosseguir com os ataques e, neste domingo, o chefe de Estado ucraniano relatou novos bombardeios.<\/p>\n<p>O Minist\u00e9rio da Defesa da R\u00fassia tamb\u00e9m fez queixas e denunciou que, apesar da tr\u00e9gua, \u201cunidades ucranianas tentaram executar ataques durante a noite contra posi\u00e7\u00f5es russas nas \u00e1reas de Sukha Balka e Bahatyr\u201d, em Donetsk, uma regi\u00e3o do leste da Ucr\u00e2nia parcialmente controlada pela R\u00fassia.<\/p>\n<p>O Minist\u00e9rio afirmou ainda que, durante a noite, a Ucr\u00e2nia lan\u00e7ou \u201c444 ataques de artilharia\u201d contra posi\u00e7\u00f5es militares de seus soldados e 900 bombardeios com drones. A R\u00fassia tamb\u00e9m anunciou o registro de ataques dos ucranianos nas regi\u00f5es fronteiri\u00e7as de Briansk, Kursk e Belgorod, com mortes de civis.<\/p>\n<p>As autoridades russas destacaram que suas tropas \u201crespeitaram estritamente o cessar-fogo e permanecem nas linhas de frente e nas posi\u00e7\u00f5es que ocupavam anteriormente\u201d, mas destacam que os ataques \u201cforam repelidos\u201d.<\/p>\n<p>Zelensky acusou a R\u00fassia de executar \u201copera\u00e7\u00f5es\u201d em Pokrovsk e Siversk, na frente leste, e afirmou que o Ex\u00e9rcito russo \u201ccontinua utilizando armamento pesado\u201d.<\/p>\n<p>O presidente ucraniano relatou nas redes sociais que foram registrados \u201c59 casos de bombardeios russos e cinco ataques de unidades russas\u201d, ao mencionar um boletim das 6h00 (0h00 de Bras\u00edlia) do Ex\u00e9rcito.<\/p>\n<p>Al\u00e9m disso, ele afirmou que nas seis horas anteriores \u00e0 meia-noite de s\u00e1bado foram registrados 387 bombardeios e 19 ataques por parte das for\u00e7as russas.<\/p>\n<p>\u201cNa manh\u00e3 da P\u00e1scoa, podemos dizer que o Ex\u00e9rcito russo tenta criar a impress\u00e3o de um cessar-fogo, enquanto em algumas \u00e1reas continuam as tentativas isoladas de avan\u00e7ar e provocar baixas na Ucr\u00e2nia\u201d, destacou Zelensky.<\/p>\n<p>A For\u00e7a A\u00e9rea ucraniana n\u00e3o informou nenhum bombardeio com drones ou m\u00edsseis na manh\u00e3 de domingo. Correspondentes da AFP na frente leste informaram que ouviram explos\u00f5es.<\/p>\n<h4><\/h4>\n<p><em>*Com AFP.<\/em><\/p><\/p>\n<!-- Begin Yuzo --><div class='yuzo_related_post style-1'  data-version='5.12.89'><!-- without result --><div class='yuzo_clearfixed yuzo__title yuzo__title'><h3>Related Post<\/h3><\/div>\n\t\t\t\t\t\t  <div class=\"relatedthumb \" style=\"width:125px;float:left;overflow:hidden;\">  \n\t\t\t\t\t\t\t  \n\t\t\t\t\t\t\t  <a  href=\"https:\/\/redept.com.br\/blogosfera\/spotify-elege-melhores-musicas-nacionais-de-2025-ate-agora-veja-lista\/\"  >\n\t\t\t\t\t\t\t\t\t  <div class=\"yuzo-img-wrap \" style=\"width: 125px;height:90px;\">\n\t\t\t\t\t\t\t\t\t\t\n\t\t\t\t\t\t\t\t\t\t<div class=\"yuzo-img\" style=\"background:url('https:\/\/redept.com.br\/blogosfera\/wp-content\/uploads\/2025\/08\/memphis-150x150.jpg') 50% 50% no-repeat;width: 125px;height:90px;margin-bottom: 5px;background-size: cover; \"><\/div>\n\t\t\t\t\t\t\t\t\t  <\/div>\n\t\t\t\t\t\t\t\t\t  \n\t\t\t\t\t\t\t\t   <span class=\"yuzo__text--title\" style=\"font-size:13px;\">Spotify elege melhores m\u00fasicas nacionais de 2025 (...<\/span>\n\t\t\t\t\t\t\t  \n\t\t\t\t\t\t\t  \n\t\t\t\t\t\t\t  <\/a>\n\n\t\t\t\t\t\t  <\/div>\n\t\t\t\t\t\t  <div class=\"relatedthumb \" style=\"width:125px;float:left;overflow:hidden;\">  \n\t\t\t\t\t\t\t  \n\t\t\t\t\t\t\t  <a  href=\"https:\/\/redept.com.br\/blogosfera\/defesa-civil-gaucha-confirma-terceira-morte-provocada-pelas-chuvas\/\"  >\n\t\t\t\t\t\t\t\t\t  <div class=\"yuzo-img-wrap \" style=\"width: 125px;height:90px;\">\n\t\t\t\t\t\t\t\t\t\t\n\t\t\t\t\t\t\t\t\t\t<div class=\"yuzo-img\" style=\"background:url('https:\/\/redept.org\/blogosfera\/wp-content\/plugins\/yuzo-related-post\/assets\/images\/default.png') 50% 50% no-repeat;width: 125px;height:90px;margin-bottom: 5px;background-size: cover; \"><\/div>\n\t\t\t\t\t\t\t\t\t  <\/div>\n\t\t\t\t\t\t\t\t\t  \n\t\t\t\t\t\t\t\t   <span class=\"yuzo__text--title\" style=\"font-size:13px;\">Defesa Civil ga\u00facha confirma terceira morte provoc...<\/span>\n\t\t\t\t\t\t\t  \n\t\t\t\t\t\t\t  \n\t\t\t\t\t\t\t  <\/a>\n\n\t\t\t\t\t\t  <\/div>\n\t\t\t\t\t\t  <div class=\"relatedthumb \" style=\"width:125px;float:left;overflow:hidden;\">  \n\t\t\t\t\t\t\t  \n\t\t\t\t\t\t\t  <a  href=\"https:\/\/redept.com.br\/blogosfera\/deputada-carla-zambelli-vira-alvo-de-questionamento-no-parlamento-da-italia-e-pode-perder-cidadania\/\"  >\n\t\t\t\t\t\t\t\t\t  <div class=\"yuzo-img-wrap \" style=\"width: 125px;height:90px;\">\n\t\t\t\t\t\t\t\t\t\t\n\t\t\t\t\t\t\t\t\t\t<div class=\"yuzo-img\" style=\"background:url('https:\/\/redept.org\/blogosfera\/wp-content\/plugins\/yuzo-related-post\/assets\/images\/default.png') 50% 50% no-repeat;width: 125px;height:90px;margin-bottom: 5px;background-size: cover; \"><\/div>\n\t\t\t\t\t\t\t\t\t  <\/div>\n\t\t\t\t\t\t\t\t\t  \n\t\t\t\t\t\t\t\t   <span class=\"yuzo__text--title\" style=\"font-size:13px;\">Deputada Carla Zambelli vira alvo de questionament...<\/span>\n\t\t\t\t\t\t\t  \n\t\t\t\t\t\t\t  \n\t\t\t\t\t\t\t  <\/a>\n\n\t\t\t\t\t\t  <\/div>\n\t\t\t\t\t\t  <div class=\"relatedthumb \" style=\"width:125px;float:left;overflow:hidden;\">  \n\t\t\t\t\t\t\t  \n\t\t\t\t\t\t\t  <a  href=\"https:\/\/redept.com.br\/blogosfera\/sindicato-dos-metalurgicos-do-abc-comemora-66-anos-de-lutas\/\"  >\n\t\t\t\t\t\t\t\t\t  <div class=\"yuzo-img-wrap \" style=\"width: 125px;height:90px;\">\n\t\t\t\t\t\t\t\t\t\t\n\t\t\t\t\t\t\t\t\t\t<div class=\"yuzo-img\" style=\"background:url('https:\/\/redept.com.br\/blogosfera\/wp-content\/uploads\/2025\/05\/publico_1-maio-5-1-1-150x150.jpeg') 50% 50% no-repeat;width: 125px;height:90px;margin-bottom: 5px;background-size: cover; \"><\/div>\n\t\t\t\t\t\t\t\t\t  <\/div>\n\t\t\t\t\t\t\t\t\t  \n\t\t\t\t\t\t\t\t   <span class=\"yuzo__text--title\" style=\"font-size:13px;\">Sindicato dos Metal\u00fargicos do ABC comemora 66 anos...<\/span>\n\t\t\t\t\t\t\t  \n\t\t\t\t\t\t\t  \n\t\t\t\t\t\t\t  <\/a>\n\n\t\t\t\t\t\t  <\/div>\n<\/div> <script>\n\t\t\t\t\t\t  jQuery(document).ready(function( $ ){\n\t\t\t\t\t\t\t\/\/jQuery('.yuzo_related_post').equalizer({ overflow : 'relatedthumb' });\n\t\t\t\t\t\t\tjQuery('.yuzo_related_post .yuzo_wraps').equalizer({ columns : '> div' });\n\t\t\t\t\t\t   })\n\t\t\t\t\t\t  <\/script> <!-- End Yuzo :) -->","protected":false},"excerpt":{"rendered":"<p>R\u00fassia e Ucr\u00e2nia trocaram acusa\u00e7\u00f5es neste domingo (20) sobre viola\u00e7\u00e3o da tr\u00e9gua de P\u00e1scoa declarada pelo presidente russo, Vladimir Putin, que o chefe de Estado ucraniano Volodimir Zelensky se comprometeu a respeitar. O presidente russo anunciou no s\u00e1bado (19) a suspens\u00e3o de todas as a\u00e7\u00f5es militares na Ucr\u00e2nia \u201cdas 18h do dia 19 de abril [&hellip;]<\/p>\n","protected":false},"author":2,"featured_media":0,"comment_status":"closed","ping_status":"closed","sticky":false,"template":"","format":"standard","meta":{"fifu_image_url":"","fifu_image_alt":"","footnotes":""},"categories":[50],"tags":[],"class_list":["post-23088","post","type-post","status-publish","format-standard","hentry","category-internacional"],"_links":{"self":[{"href":"https:\/\/redept.com.br\/blogosfera\/wp-json\/wp\/v2\/posts\/23088","targetHints":{"allow":["GET"]}}],"collection":[{"href":"https:\/\/redept.com.br\/blogosfera\/wp-json\/wp\/v2\/posts"}],"about":[{"href":"https:\/\/redept.com.br\/blogosfera\/wp-json\/wp\/v2\/types\/post"}],"author":[{"embeddable":true,"href":"https:\/\/redept.com.br\/blogosfera\/wp-json\/wp\/v2\/users\/2"}],"replies":[{"embeddable":true,"href":"https:\/\/redept.com.br\/blogosfera\/wp-json\/wp\/v2\/comments?post=23088"}],"version-history":[{"count":0,"href":"https:\/\/redept.com.br\/blogosfera\/wp-json\/wp\/v2\/posts\/23088\/revisions"}],"wp:attachment":[{"href":"https:\/\/redept.com.br\/blogosfera\/wp-json\/wp\/v2\/media?parent=23088"}],"wp:term":[{"taxonomy":"category","embeddable":true,"href":"https:\/\/redept.com.br\/blogosfera\/wp-json\/wp\/v2\/categories?post=23088"},{"taxonomy":"post_tag","embeddable":true,"href":"https:\/\/redept.com.br\/blogosfera\/wp-json\/wp\/v2\/tags?post=23088"}],"curies":[{"name":"wp","href":"https:\/\/api.w.org\/{rel}","templated":true}]}}