{"id":23091,"date":"2025-04-20T15:16:20","date_gmt":"2025-04-20T18:16:20","guid":{"rendered":"https:\/\/redept.org\/blogosfera\/moradores-da-favela-do-moinho-em-sao-paulo-anunciam-ato-nesta-terca-22-contra-ameaca-de-despejo\/"},"modified":"2025-04-20T15:16:20","modified_gmt":"2025-04-20T18:16:20","slug":"moradores-da-favela-do-moinho-em-sao-paulo-anunciam-ato-nesta-terca-22-contra-ameaca-de-despejo","status":"publish","type":"post","link":"https:\/\/redept.com.br\/blogosfera\/moradores-da-favela-do-moinho-em-sao-paulo-anunciam-ato-nesta-terca-22-contra-ameaca-de-despejo\/","title":{"rendered":"Moradores da Favela do Moinho, em S\u00e3o Paulo, anunciam ato nesta ter\u00e7a (22) contra amea\u00e7a de despejo"},"content":{"rendered":"<p>Nos \u00faltimos dias, moradores da Favela do Moinho, considerada a \u00faltima a permanecer no centro de S\u00e3o Paulo (SP), t\u00eam atravessado uma <a href=\"https:\/\/www.brasildefato.com.br\/2025\/04\/18\/moradores-da-favela-do-moinho-acusam-governo-tarcisio-de-terrorismo-psicologico-com-acoes-seguidas-da-pm\/\">rotina de viol\u00eancia e amea\u00e7as<\/a> por conta do interesse do governo do estado em retirar a comunidade do local para <a href=\"https:\/\/www.brasildefato.com.br\/2025\/04\/15\/favela-do-moinho-a-ultima-do-centro-de-sp-protesta-contra-plano-de-remocao-do-governo-tarcisio\/\">constru\u00e7\u00e3o de um parque.<\/a><\/p>\n<p>H\u00e1 um temor entre os moradores de que na ter\u00e7a-feira (22)<a href=\"https:\/\/www.brasildefato.com.br\/2025\/04\/18\/moradores-da-favela-do-moinho-acusam-governo-tarcisio-de-terrorismo-psicologico-com-acoes-seguidas-da-pm\/\">, sejam iniciados os despejos.<\/a> Por conta disso, a comunidade anunciou o <a href=\"https:\/\/www.instagram.com\/p\/DIoxTIwpMhG\/\">\u201cAto-vig\u00edlia Moinho vive\u201d<\/a> para a mesma data.<\/p>\n<p>Segundo o <a href=\"https:\/\/www.instagram.com\/p\/DIoxTIwpMhG\/\">informe<\/a>, haver\u00e1 uma concentra\u00e7\u00e3o a partir das 7h da manh\u00e3 na rua Dr. Elias Chaves, 20, no entorno da comunidade.<\/p>\n<p>\u201cA CDHU [Companhia de Desenvolvimento Habitacional e Urbano] amea\u00e7a entrar com tratores para demoli\u00e7\u00e3o da comunidade sem propostas de moradia que atendam a nossa necessidade. Vamos lutar por moradia digna. Todo apoio \u00e9 bem vindo e urgente\u201d, diz a convoca\u00e7\u00e3o ao ato.<\/p>\n<p>No feriado de sexta-feira Santa (18), pela <a href=\"https:\/\/www.brasildefato.com.br\/2025\/04\/18\/moradores-da-favela-do-moinho-acusam-governo-tarcisio-de-terrorismo-psicologico-com-acoes-seguidas-da-pm\/\">quarta vez consecutiva<\/a>, a Pol\u00edcia Militar fez uma ronda pelas ruas da regi\u00e3o. O <strong>Brasil de Fato<\/strong> esteve presente e ouviu <a href=\"https:\/\/www.brasildefato.com.br\/2025\/04\/18\/moradores-da-favela-do-moinho-acusam-governo-tarcisio-de-terrorismo-psicologico-com-acoes-seguidas-da-pm\/\">den\u00fancias de moradores sobre trucul\u00eancia por parte dos agentes.<\/a><\/p>\n<p>Segundo as fam\u00edlias, PMs amea\u00e7avam iniciar o despejo naquele momento, mas n\u00e3o apresentaram mandado judicial.<\/p>\n<p>A proposta da gest\u00e3o Tarc\u00edsio de Freitas (Republicanos), contestada pela associa\u00e7\u00e3o de moradores, \u00e9 transferir os residentes do Moinho para resid\u00eancias subsidiadas pela CDHU. A maior parte das habita\u00e7\u00f5es, no entanto, n\u00e3o est\u00e1 pronta e a maioria n\u00e3o fica na regi\u00e3o do centro. Segundo lideran\u00e7as da comunidade ouvidas no dia 15, as habita\u00e7\u00f5es t\u00eam de 25 a 33 metros quadrados.<\/p>\n<p>Para as outras fam\u00edlias, a op\u00e7\u00e3o \u00e9 viver com um aux\u00edlio aluguel de R$ 800, custeado em 50% pelo governo estadual e 50% pela prefeitura de Ricardo Nunes (MDB).<\/p>\n<h4>Impasse<\/h4>\n<p>A Favela do Moinho est\u00e1 localizada em uma \u00e1rea que pertence \u00e0 Uni\u00e3o. O local \u00e9 de <a href=\"https:\/\/www.brasildefato.com.br\/2025\/04\/15\/favela-do-moinho-a-ultima-do-centro-de-sp-protesta-contra-plano-de-remocao-do-governo-tarcisio\/\">propriedade da Secretaria de Patrim\u00f4nio da Uni\u00e3o (SPU)<\/a>, que faz parte do Minist\u00e9rio da Gest\u00e3o e Inova\u00e7\u00e3o em Servi\u00e7os P\u00fablicos.<\/p>\n<p>Ao <strong>Brasil de Fato<\/strong>, o \u00f3rg\u00e3o informou que \u201ca transfer\u00eancia do terreno est\u00e1 condicionada \u00e0<a href=\"https:\/\/www.brasildefato.com.br\/2025\/04\/15\/favela-do-moinho-a-ultima-do-centro-de-sp-protesta-contra-plano-de-remocao-do-governo-tarcisio\/\"> garantia do direito \u00e0 moradia das quase mil fam\u00edlias que vivem no local\u201d<\/a>.<\/p>\n<p>Al\u00e9m disso, a SPU afirmou que \u201cainda <a href=\"https:\/\/www.brasildefato.com.br\/2025\/04\/15\/favela-do-moinho-a-ultima-do-centro-de-sp-protesta-contra-plano-de-remocao-do-governo-tarcisio\/\">n\u00e3o h\u00e1 previs\u00e3o para a cess\u00e3o da \u00e1rea<\/a>, pois o processo depende de ajustes e complementa\u00e7\u00f5es, por parte da CDHU, no plano de reassentamento enviado em abril deste ano, para que contemple as necessidades dos moradores\u201d.<\/p>\n<p>A SPU declarou que tamb\u00e9m aguarda o detalhamento do projeto do governo de S\u00e3o Paulo que deve ser implementado na \u00e1rea.<\/p>\n<h4>Relatos de viol\u00eancia<\/h4>\n<p>Leidivania Dominguas Serra Teixera, moradora do Moinho, contou ao <a href=\"https:\/\/www.brasildefato.com.br\/2025\/04\/18\/moradores-da-favela-do-moinho-acusam-governo-tarcisio-de-terrorismo-psicologico-com-acoes-seguidas-da-pm\/\"><strong>Brasil de Fato<\/strong><\/a> que, na sexta-feira, estava dormindo em casa, quando os <a href=\"https:\/\/www.brasildefato.com.br\/2025\/04\/18\/moradores-da-favela-do-moinho-acusam-governo-tarcisio-de-terrorismo-psicologico-com-acoes-seguidas-da-pm\/\">policiais entraram em sua moradia.<\/a><\/p>\n<p>\u201cA pol\u00edcia simplesmente vai entrando nas nossas casas, batendo, oprimindo os moradores. Eu tenho duas crian\u00e7as. Eles chegaram, empurraram o mo\u00e7o para dentro da minha casa, sendo que tinha tr\u00eas crian\u00e7as, uma rec\u00e9m-nascida de 15 dias, uma de um ano e nove meses, e uma de nove anos. Tacaram g\u00e1s de pimenta na gente dentro de casa, dentro da nossa casa. N\u00f3s estamos sendo oprimidos. Por que essa viol\u00eancia? Ningu\u00e9m fez nada de errado\u201d, contou a moradora, que classifica as a\u00e7\u00f5es da PM como \u201cterrorismo psicol\u00f3gico\u201d.<\/p>\n<p>A Secret\u00e1ria de Seguran\u00e7a P\u00fablica de S\u00e3o Paulo (SSP) informou, em nota, que uma pessoa foi presa por suspeita de tr\u00e1fico de drogas. Moradores afirmaram \u00e0 reportagem que o homem detido n\u00e3o seria morador da favela e que trabalhava no local, fazendo pequenos reparos nas casas da comunidade.<\/p><\/p>\n<!-- Begin Yuzo --><div class='yuzo_related_post style-1'  data-version='5.12.89'><!-- without result --><div class='yuzo_clearfixed yuzo__title yuzo__title'><h3>Related Post<\/h3><\/div>\n\t\t\t\t\t\t  <div class=\"relatedthumb \" style=\"width:125px;float:left;overflow:hidden;\">  \n\t\t\t\t\t\t\t  \n\t\t\t\t\t\t\t  <a  href=\"https:\/\/redept.com.br\/blogosfera\/escritor-relembra-massacre-de-1-milhao-de-comunistas-e-simpatizantes-na-indonesia\/\"  >\n\t\t\t\t\t\t\t\t\t  <div class=\"yuzo-img-wrap \" style=\"width: 125px;height:90px;\">\n\t\t\t\t\t\t\t\t\t\t\n\t\t\t\t\t\t\t\t\t\t<div class=\"yuzo-img\" style=\"background:url('https:\/\/redept.com.br\/blogosfera\/wp-content\/uploads\/2025\/09\/image_processing20201202-13867-tlteon-768x366-1-150x150.jpeg') 50% 50% no-repeat;width: 125px;height:90px;margin-bottom: 5px;background-size: cover; \"><\/div>\n\t\t\t\t\t\t\t\t\t  <\/div>\n\t\t\t\t\t\t\t\t\t  \n\t\t\t\t\t\t\t\t   <span class=\"yuzo__text--title\" style=\"font-size:13px;\">Escritor relembra massacre de 1 milh\u00e3o de comunist...<\/span>\n\t\t\t\t\t\t\t  \n\t\t\t\t\t\t\t  \n\t\t\t\t\t\t\t  <\/a>\n\n\t\t\t\t\t\t  <\/div>\n\t\t\t\t\t\t  <div class=\"relatedthumb \" style=\"width:125px;float:left;overflow:hidden;\">  \n\t\t\t\t\t\t\t  \n\t\t\t\t\t\t\t  <a  href=\"https:\/\/redept.com.br\/blogosfera\/nicolas-maduro-toma-posse-para-terceiro-mandato-na-venezuela-em-meio-a-tensao-com-opositores\/\"  >\n\t\t\t\t\t\t\t\t\t  <div class=\"yuzo-img-wrap \" style=\"width: 125px;height:90px;\">\n\t\t\t\t\t\t\t\t\t\t\n\t\t\t\t\t\t\t\t\t\t<div class=\"yuzo-img\" style=\"background:url('https:\/\/redept.org\/blogosfera\/wp-content\/plugins\/yuzo-related-post\/assets\/images\/default.png') 50% 50% no-repeat;width: 125px;height:90px;margin-bottom: 5px;background-size: cover; \"><\/div>\n\t\t\t\t\t\t\t\t\t  <\/div>\n\t\t\t\t\t\t\t\t\t  \n\t\t\t\t\t\t\t\t   <span class=\"yuzo__text--title\" style=\"font-size:13px;\">Nicol\u00e1s Maduro toma posse para terceiro mandato na...<\/span>\n\t\t\t\t\t\t\t  \n\t\t\t\t\t\t\t  \n\t\t\t\t\t\t\t  <\/a>\n\n\t\t\t\t\t\t  <\/div>\n\t\t\t\t\t\t  <div class=\"relatedthumb \" style=\"width:125px;float:left;overflow:hidden;\">  \n\t\t\t\t\t\t\t  \n\t\t\t\t\t\t\t  <a  href=\"https:\/\/redept.com.br\/blogosfera\/corre-preto-promove-saude-e-reforca-identidade-da-populacao-negra-em-porto-alegre\/\"  >\n\t\t\t\t\t\t\t\t\t  <div class=\"yuzo-img-wrap \" style=\"width: 125px;height:90px;\">\n\t\t\t\t\t\t\t\t\t\t\n\t\t\t\t\t\t\t\t\t\t<div class=\"yuzo-img\" style=\"background:url('https:\/\/redept.com.br\/blogosfera\/wp-content\/uploads\/2025\/07\/image-7-50-150x150.png') 50% 50% no-repeat;width: 125px;height:90px;margin-bottom: 5px;background-size: cover; \"><\/div>\n\t\t\t\t\t\t\t\t\t  <\/div>\n\t\t\t\t\t\t\t\t\t  \n\t\t\t\t\t\t\t\t   <span class=\"yuzo__text--title\" style=\"font-size:13px;\">Corre Preto promove sa\u00fade e refor\u00e7a identidade da ...<\/span>\n\t\t\t\t\t\t\t  \n\t\t\t\t\t\t\t  \n\t\t\t\t\t\t\t  <\/a>\n\n\t\t\t\t\t\t  <\/div>\n\t\t\t\t\t\t  <div class=\"relatedthumb \" style=\"width:125px;float:left;overflow:hidden;\">  \n\t\t\t\t\t\t\t  \n\t\t\t\t\t\t\t  <a  href=\"https:\/\/redept.com.br\/blogosfera\/ataque-terrorista-na-alerj-policia-desmantela-plano-explosivo-no-rio-e-evita-desastre-imprevisivel\/\"  >\n\t\t\t\t\t\t\t\t\t  <div class=\"yuzo-img-wrap \" style=\"width: 125px;height:90px;\">\n\t\t\t\t\t\t\t\t\t\t\n\t\t\t\t\t\t\t\t\t\t<div class=\"yuzo-img\" style=\"background:url('https:\/\/redept.org\/blogosfera\/wp-content\/plugins\/yuzo-related-post\/assets\/images\/default.png') 50% 50% no-repeat;width: 125px;height:90px;margin-bottom: 5px;background-size: cover; \"><\/div>\n\t\t\t\t\t\t\t\t\t  <\/div>\n\t\t\t\t\t\t\t\t\t  \n\t\t\t\t\t\t\t\t   <span class=\"yuzo__text--title\" style=\"font-size:13px;\">Ataque terrorista na ALERJ: pol\u00edcia desmantela pla...<\/span>\n\t\t\t\t\t\t\t  \n\t\t\t\t\t\t\t  \n\t\t\t\t\t\t\t  <\/a>\n\n\t\t\t\t\t\t  <\/div>\n<\/div> <script>\n\t\t\t\t\t\t  jQuery(document).ready(function( $ ){\n\t\t\t\t\t\t\t\/\/jQuery('.yuzo_related_post').equalizer({ overflow : 'relatedthumb' });\n\t\t\t\t\t\t\tjQuery('.yuzo_related_post .yuzo_wraps').equalizer({ columns : '> div' });\n\t\t\t\t\t\t   })\n\t\t\t\t\t\t  <\/script> <!-- End Yuzo :) -->","protected":false},"excerpt":{"rendered":"<p>Nos \u00faltimos dias, moradores da Favela do Moinho, considerada a \u00faltima a permanecer no centro de S\u00e3o Paulo (SP), t\u00eam atravessado uma rotina de viol\u00eancia e amea\u00e7as por conta do interesse do governo do estado em retirar a comunidade do local para constru\u00e7\u00e3o de um parque. H\u00e1 um temor entre os moradores de que na [&hellip;]<\/p>\n","protected":false},"author":2,"featured_media":0,"comment_status":"closed","ping_status":"closed","sticky":false,"template":"","format":"standard","meta":{"fifu_image_url":"","fifu_image_alt":"","footnotes":""},"categories":[4126,307],"tags":[],"class_list":["post-23091","post","type-post","status-publish","format-standard","hentry","category-direitos","category-direitos-humanos"],"_links":{"self":[{"href":"https:\/\/redept.com.br\/blogosfera\/wp-json\/wp\/v2\/posts\/23091","targetHints":{"allow":["GET"]}}],"collection":[{"href":"https:\/\/redept.com.br\/blogosfera\/wp-json\/wp\/v2\/posts"}],"about":[{"href":"https:\/\/redept.com.br\/blogosfera\/wp-json\/wp\/v2\/types\/post"}],"author":[{"embeddable":true,"href":"https:\/\/redept.com.br\/blogosfera\/wp-json\/wp\/v2\/users\/2"}],"replies":[{"embeddable":true,"href":"https:\/\/redept.com.br\/blogosfera\/wp-json\/wp\/v2\/comments?post=23091"}],"version-history":[{"count":0,"href":"https:\/\/redept.com.br\/blogosfera\/wp-json\/wp\/v2\/posts\/23091\/revisions"}],"wp:attachment":[{"href":"https:\/\/redept.com.br\/blogosfera\/wp-json\/wp\/v2\/media?parent=23091"}],"wp:term":[{"taxonomy":"category","embeddable":true,"href":"https:\/\/redept.com.br\/blogosfera\/wp-json\/wp\/v2\/categories?post=23091"},{"taxonomy":"post_tag","embeddable":true,"href":"https:\/\/redept.com.br\/blogosfera\/wp-json\/wp\/v2\/tags?post=23091"}],"curies":[{"name":"wp","href":"https:\/\/api.w.org\/{rel}","templated":true}]}}