{"id":23092,"date":"2025-04-20T15:32:40","date_gmt":"2025-04-20T18:32:40","guid":{"rendered":"https:\/\/redept.org\/blogosfera\/agricultura-de-chalaca\/"},"modified":"2025-04-20T15:32:40","modified_gmt":"2025-04-20T18:32:40","slug":"agricultura-de-chalaca","status":"publish","type":"post","link":"https:\/\/redept.com.br\/blogosfera\/agricultura-de-chalaca\/","title":{"rendered":"Agricultura de chala\u00e7a"},"content":{"rendered":"<p>Em tempos de emerg\u00eancia clim\u00e1tica, colapso h\u00eddrico e perda acelerada de biodiversidade, o uso banalizado da express\u00e3o \u201cagricultura sustent\u00e1vel\u201d tornou-se n\u00e3o somente contradit\u00f3rio, mas em muitos casos, uma verdadeira chala\u00e7a, uma brincadeira de mau gosto com a intelig\u00eancia coletiva, com a ci\u00eancia e, sobretudo, com a vida sobre a terra. O termo, antes carregado de esperan\u00e7a e responsabilidade \u00e9tica, hoje \u00e9 manipulado com tamanha leviandade que j\u00e1 n\u00e3o distingue pr\u00e1ticas comprometidas com o futuro daquelas que mascaram destrui\u00e7\u00e3o com discursos verdes.<\/p>\n<p>Nas \u00faltimas d\u00e9cadas, a ado\u00e7\u00e3o indiscriminada de<a href=\"https:\/\/www.brasildefato.com.br\/2024\/12\/02\/agroecologia-um-caminho-necessario-para-enfrentar-a-crise-ambiental\/\"> tecnologias agr\u00edcolas <\/a>que se autointitulam \u201csustent\u00e1veis\u201d vem servindo de cortina de fuma\u00e7a para modelos produtivos essencialmente extrativistas, que continuam baseados na mobiliza\u00e7\u00e3o intensa do solo, no uso abusivo de agrot\u00f3xicos e fertilizantes sint\u00e9ticos, e na nega\u00e7\u00e3o sistem\u00e1tica da import\u00e2ncia da agrobiodiversidade, do conhecimento ecol\u00f3gico tradicional e da agroecologia. O marketing verde passou a compor o vocabul\u00e1rio de corpora\u00e7\u00f5es e institui\u00e7\u00f5es que mant\u00eam suas estruturas produtivas ancoradas na l\u00f3gica da degrada\u00e7\u00e3o e da homogeneiza\u00e7\u00e3o da paisagem.<\/p>\n<p>Essa distor\u00e7\u00e3o de linguagem \u00e9 o que define a \u201cagricultura de chala\u00e7a\u201d, uma agricultura zombeteira, descomprometida com os fundamentos ecol\u00f3gicos, mas extremamente h\u00e1bil em manipular narrativas para manter a apar\u00eancia de modernidade, inova\u00e7\u00e3o e responsabilidade socioambiental. Nesse teatro de apar\u00eancias, as palavras perdem seu peso, os conceitos se esvaziam, e o que resta \u00e9 uma caricatura de sustentabilidade.<\/p>\n<p>\u00c9 comum encontrar eventos <a href=\"https:\/\/www.brasildefato.com.br\/2025\/03\/11\/agro-em-queda-e-energia-em-alta-como-as-mudancas-climaticas-afetam-o-pib-do-brasil\/\">agropecu\u00e1rios<\/a> em que se exaltam as \u201cboas pr\u00e1ticas\u201d, ao mesmo tempo em que se glorifica o uso de m\u00e1quinas pesadas que revolvem o solo at\u00e9 sua exaust\u00e3o, se promovem \u201cbioinsumos\u201d em campos est\u00e9reis e se marginaliza o agricultor que aposta na diversidade, no cons\u00f3rcio de culturas ou na recupera\u00e7\u00e3o ecol\u00f3gica dos agroecossistemas. Nessa l\u00f3gica, o solo \u00e9 um suporte inerte, a \u00e1gua \u00e9 um insumo, a floresta \u00e9 obst\u00e1culo, e o agricultor ecol\u00f3gico, muitas vezes, \u00e9 visto como exc\u00eantrico ou ultrapassado.<\/p>\n<p>A chala\u00e7a se revela tamb\u00e9m na forma como a agroecologia \u00e9 sistematicamente desvalorizada. Embora essa abordagem represente o caminho mais promissor para restaurar o equil\u00edbrio entre produ\u00e7\u00e3o, territ\u00f3rio e cultura, ela \u00e9 frequentemente tratada com esc\u00e1rnio ou indiferen\u00e7a pelos grandes atores do agroneg\u00f3cio. Rotulada como improdutiva, rom\u00e2ntica ou ideol\u00f3gica, a agroecologia segue \u00e0 margem dos investimentos p\u00fablicos, das linhas de cr\u00e9dito e da pesquisa de ponta, ainda que seja reconhecida internacionalmente como base para a transforma\u00e7\u00e3o dos sistemas alimentares rumo \u00e0 resili\u00eancia e \u00e0 justi\u00e7a social.<\/p>\n<p>Na pr\u00e1tica, o que se v\u00ea \u00e9 um sistema produtivo que mant\u00e9m sua depend\u00eancia qu\u00edmica e energ\u00e9tica, que promove a expans\u00e3o horizontal sobre \u00e1reas de vegeta\u00e7\u00e3o nativa e que se sustenta \u00e0 custa da concentra\u00e7\u00e3o de terras, da precariza\u00e7\u00e3o do trabalho rural e da contamina\u00e7\u00e3o ambiental. Tudo isso, paradoxalmente, sob o r\u00f3tulo de \u201csustent\u00e1vel\u201d. Como \u00e9 poss\u00edvel sustentar esse modelo sem cair na contradi\u00e7\u00e3o?<br \/>A resposta est\u00e1 na manipula\u00e7\u00e3o do discurso. A \u201cagricultura de chala\u00e7a\u201d se alimenta do marketing de responsabilidade, das certifica\u00e7\u00f5es flex\u00edveis, dos relat\u00f3rios de sustentabilidade corporativa repletos de eufemismos. Fala-se em pegada de carbono, mas omite-se a perda da biota do solo. Fala-se em economia circular, mas oculta-se a exporta\u00e7\u00e3o massiva de nutrientes. Fala-se em conserva\u00e7\u00e3o, mas remove-se a cobertura vegetal e ignora-se o papel das sementes crioulas, dos quintais agroflorestais e das pr\u00e1ticas culturais dos povos do campo.<\/p>\n<p>Mais grave ainda, esse tipo de agricultura opera por meio de apologias disfar\u00e7adas: valoriza-se a produtividade a qualquer custo, normaliza-se o uso cont\u00ednuo de venenos, justifica-se a eros\u00e3o como \u201cefeito colateral\u201d e trata-se a monocultura como sin\u00f4nimo de efici\u00eancia. A agricultura de chala\u00e7a \u00e9, nesse sentido, mais ideol\u00f3gica do que t\u00e9cnica, mais teatral do que agron\u00f4mica, e mais marqueteira do que ecol\u00f3gica.<\/p>\n<p>\u00c9 necess\u00e1rio romper esse ciclo de ironia e desinforma\u00e7\u00e3o. A agricultura do futuro, ou melhor, do presente urgente, n\u00e3o pode se basear em chala\u00e7as. Ela precisa ser radicalmente coerente, ou seja, ir \u00e0 raiz dos problemas, repensar o modelo de produ\u00e7\u00e3o, rever a rela\u00e7\u00e3o entre ser humano e natureza, resgatar o senso de pertencimento ao territ\u00f3rio e abandonar a l\u00f3gica predat\u00f3ria que reduz o solo a uma \u201cplataforma de insumos\u201d.<\/p>\n<p>Sustentabilidade, quando levada a s\u00e9rio, implica resili\u00eancia ecol\u00f3gica, autonomia camponesa, conserva\u00e7\u00e3o h\u00eddrica, bem-estar animal, integra\u00e7\u00e3o com a paisagem e respeito ao ciclo da vida. Implica tamb\u00e9m reconhecer os saberes tradicionais, promover a justi\u00e7a agr\u00e1ria e estimular a inova\u00e7\u00e3o verdadeiramente ecol\u00f3gica, aquela que nasce da observa\u00e7\u00e3o da natureza e da escuta atenta das comunidades.<\/p>\n<p>A agricultura org\u00e2nica, a regenerativa, a agroecologia, os sistemas agroflorestais, o manejo ecol\u00f3gico do solo, o respeito ao tempo da terra, tudo isso comp\u00f5e um caminho poss\u00edvel, coerente e \u00e9tico. Um caminho oposto \u00e0 chala\u00e7a. Um caminho que recusa as solu\u00e7\u00f5es f\u00e1ceis, os pacotes prontos e as verdades absolutas, para construir, em seu lugar, um modelo din\u00e2mico, diverso e conectado com os princ\u00edpios da vida.<br \/>Assim, ao nomear esse fen\u00f4meno de \u201cagricultura de chala\u00e7a\u201d, o que se prop\u00f5e n\u00e3o \u00e9 uma simples cr\u00edtica sarc\u00e1stica, mas uma den\u00fancia \u00e9tica. \u00c9 preciso desmascarar as incoer\u00eancias que se escondem sob o manto da sustentabilidade e exigir que a agricultura volte a se alinhar com os ciclos naturais, com a justi\u00e7a social e com a verdade dos ecossistemas.<\/p>\n<p>N\u00e3o se brinca com a terra. N\u00e3o se brinca com a \u00e1gua. N\u00e3o se brinca com a vida. A agricultura precisa reencontrar sua voca\u00e7\u00e3o ancestral de nutrir, e n\u00e3o de zombar da pr\u00f3pria exist\u00eancia.<\/p>\n<\/p>\n<p><em>*Afonso Peche Filho \u00e9 pesquisador cient\u00edfico do Instituto Agron\u00f4mico de Campinas \u2013 IAC.<\/em><\/p>\n<p><em>**Este \u00e9 um artigo de opini\u00e3o e n\u00e3o necessariamente representa a linha editorial do <strong>Brasil do Fato<\/strong>.<\/em><\/p><\/p>\n<!-- Begin Yuzo --><div class='yuzo_related_post style-1'  data-version='5.12.89'><!-- without result --><div class='yuzo_clearfixed yuzo__title yuzo__title'><h3>Related Post<\/h3><\/div>\n\t\t\t\t\t\t  <div class=\"relatedthumb \" style=\"width:125px;float:left;overflow:hidden;\">  \n\t\t\t\t\t\t\t  \n\t\t\t\t\t\t\t  <a  href=\"https:\/\/redept.com.br\/blogosfera\/eduardo-bolsonaro-e-aliados-tramaram-sancao-contra-stf-antes-de-tornozeleira-em-jair\/\"  >\n\t\t\t\t\t\t\t\t\t  <div class=\"yuzo-img-wrap \" style=\"width: 125px;height:90px;\">\n\t\t\t\t\t\t\t\t\t\t\n\t\t\t\t\t\t\t\t\t\t<div class=\"yuzo-img\" style=\"background:url('https:\/\/redept.org\/blogosfera\/wp-content\/plugins\/yuzo-related-post\/assets\/images\/default.png') 50% 50% no-repeat;width: 125px;height:90px;margin-bottom: 5px;background-size: cover; \"><\/div>\n\t\t\t\t\t\t\t\t\t  <\/div>\n\t\t\t\t\t\t\t\t\t  \n\t\t\t\t\t\t\t\t   <span class=\"yuzo__text--title\" style=\"font-size:13px;\">Eduardo Bolsonaro e aliados tramaram san\u00e7\u00e3o contra...<\/span>\n\t\t\t\t\t\t\t  \n\t\t\t\t\t\t\t  \n\t\t\t\t\t\t\t  <\/a>\n\n\t\t\t\t\t\t  <\/div>\n\t\t\t\t\t\t  <div class=\"relatedthumb \" style=\"width:125px;float:left;overflow:hidden;\">  \n\t\t\t\t\t\t\t  \n\t\t\t\t\t\t\t  <a  href=\"https:\/\/redept.com.br\/blogosfera\/entrega-de-alimentos-da-reforma-agraria-fortalece-agricultura-familiar-e-o-combate-a-fome-em-sp\/\"  >\n\t\t\t\t\t\t\t\t\t  <div class=\"yuzo-img-wrap \" style=\"width: 125px;height:90px;\">\n\t\t\t\t\t\t\t\t\t\t\n\t\t\t\t\t\t\t\t\t\t<div class=\"yuzo-img\" style=\"background:url('https:\/\/redept.com.br\/blogosfera\/wp-content\/uploads\/2025\/10\/ec6b6317-0a27-43b6-8231-90f7e5ff0dc9-150x150.jpeg') 50% 50% no-repeat;width: 125px;height:90px;margin-bottom: 5px;background-size: cover; \"><\/div>\n\t\t\t\t\t\t\t\t\t  <\/div>\n\t\t\t\t\t\t\t\t\t  \n\t\t\t\t\t\t\t\t   <span class=\"yuzo__text--title\" style=\"font-size:13px;\">Entrega de Alimentos da Reforma Agr\u00e1ria fortalece ...<\/span>\n\t\t\t\t\t\t\t  \n\t\t\t\t\t\t\t  \n\t\t\t\t\t\t\t  <\/a>\n\n\t\t\t\t\t\t  <\/div>\n\t\t\t\t\t\t  <div class=\"relatedthumb \" style=\"width:125px;float:left;overflow:hidden;\">  \n\t\t\t\t\t\t\t  \n\t\t\t\t\t\t\t  <a  href=\"https:\/\/redept.com.br\/blogosfera\/comunidade-da-uemg-vai-as-ruas-contra-projetos-de-zema-que-ameacam-a-existencia-da-universidade\/\"  >\n\t\t\t\t\t\t\t\t\t  <div class=\"yuzo-img-wrap \" style=\"width: 125px;height:90px;\">\n\t\t\t\t\t\t\t\t\t\t\n\t\t\t\t\t\t\t\t\t\t<div class=\"yuzo-img\" style=\"background:url('https:\/\/redept.org\/blogosfera\/wp-content\/plugins\/yuzo-related-post\/assets\/images\/default.png') 50% 50% no-repeat;width: 125px;height:90px;margin-bottom: 5px;background-size: cover; \"><\/div>\n\t\t\t\t\t\t\t\t\t  <\/div>\n\t\t\t\t\t\t\t\t\t  \n\t\t\t\t\t\t\t\t   <span class=\"yuzo__text--title\" style=\"font-size:13px;\">Comunidade da UEMG vai \u00e0s ruas contra projetos de ...<\/span>\n\t\t\t\t\t\t\t  \n\t\t\t\t\t\t\t  \n\t\t\t\t\t\t\t  <\/a>\n\n\t\t\t\t\t\t  <\/div>\n\t\t\t\t\t\t  <div class=\"relatedthumb \" style=\"width:125px;float:left;overflow:hidden;\">  \n\t\t\t\t\t\t\t  \n\t\t\t\t\t\t\t  <a  href=\"https:\/\/redept.com.br\/blogosfera\/rede-nacional-de-cursinhos-populares-edital-tem-prazo-prorrogado-e-propostas-podem-ser-enviadas-ate-dia-14\/\"  >\n\t\t\t\t\t\t\t\t\t  <div class=\"yuzo-img-wrap \" style=\"width: 125px;height:90px;\">\n\t\t\t\t\t\t\t\t\t\t\n\t\t\t\t\t\t\t\t\t\t<div class=\"yuzo-img\" style=\"background:url('https:\/\/redept.org\/blogosfera\/wp-content\/plugins\/yuzo-related-post\/assets\/images\/default.png') 50% 50% no-repeat;width: 125px;height:90px;margin-bottom: 5px;background-size: cover; \"><\/div>\n\t\t\t\t\t\t\t\t\t  <\/div>\n\t\t\t\t\t\t\t\t\t  \n\t\t\t\t\t\t\t\t   <span class=\"yuzo__text--title\" style=\"font-size:13px;\">Rede Nacional de Cursinhos Populares: edital tem p...<\/span>\n\t\t\t\t\t\t\t  \n\t\t\t\t\t\t\t  \n\t\t\t\t\t\t\t  <\/a>\n\n\t\t\t\t\t\t  <\/div>\n<\/div> <script>\n\t\t\t\t\t\t  jQuery(document).ready(function( $ ){\n\t\t\t\t\t\t\t\/\/jQuery('.yuzo_related_post').equalizer({ overflow : 'relatedthumb' });\n\t\t\t\t\t\t\tjQuery('.yuzo_related_post .yuzo_wraps').equalizer({ columns : '> div' });\n\t\t\t\t\t\t   })\n\t\t\t\t\t\t  <\/script> <!-- End Yuzo :) -->","protected":false},"excerpt":{"rendered":"<p>Em tempos de emerg\u00eancia clim\u00e1tica, colapso h\u00eddrico e perda acelerada de biodiversidade, o uso banalizado da express\u00e3o \u201cagricultura sustent\u00e1vel\u201d tornou-se n\u00e3o somente contradit\u00f3rio, mas em muitos casos, uma verdadeira chala\u00e7a, uma brincadeira de mau gosto com a intelig\u00eancia coletiva, com a ci\u00eancia e, sobretudo, com a vida sobre a terra. O termo, antes carregado de [&hellip;]<\/p>\n","protected":false},"author":2,"featured_media":0,"comment_status":"closed","ping_status":"closed","sticky":false,"template":"","format":"standard","meta":{"fifu_image_url":"","fifu_image_alt":"","footnotes":""},"categories":[153],"tags":[],"class_list":["post-23092","post","type-post","status-publish","format-standard","hentry","category-opiniao"],"_links":{"self":[{"href":"https:\/\/redept.com.br\/blogosfera\/wp-json\/wp\/v2\/posts\/23092","targetHints":{"allow":["GET"]}}],"collection":[{"href":"https:\/\/redept.com.br\/blogosfera\/wp-json\/wp\/v2\/posts"}],"about":[{"href":"https:\/\/redept.com.br\/blogosfera\/wp-json\/wp\/v2\/types\/post"}],"author":[{"embeddable":true,"href":"https:\/\/redept.com.br\/blogosfera\/wp-json\/wp\/v2\/users\/2"}],"replies":[{"embeddable":true,"href":"https:\/\/redept.com.br\/blogosfera\/wp-json\/wp\/v2\/comments?post=23092"}],"version-history":[{"count":0,"href":"https:\/\/redept.com.br\/blogosfera\/wp-json\/wp\/v2\/posts\/23092\/revisions"}],"wp:attachment":[{"href":"https:\/\/redept.com.br\/blogosfera\/wp-json\/wp\/v2\/media?parent=23092"}],"wp:term":[{"taxonomy":"category","embeddable":true,"href":"https:\/\/redept.com.br\/blogosfera\/wp-json\/wp\/v2\/categories?post=23092"},{"taxonomy":"post_tag","embeddable":true,"href":"https:\/\/redept.com.br\/blogosfera\/wp-json\/wp\/v2\/tags?post=23092"}],"curies":[{"name":"wp","href":"https:\/\/api.w.org\/{rel}","templated":true}]}}