{"id":23093,"date":"2025-04-20T18:00:00","date_gmt":"2025-04-20T21:00:00","guid":{"rendered":"https:\/\/redept.org\/blogosfera\/stf-retoma-analise-da-denuncia-sobre-trama-golpista-e-lula-recebe-presidente-do-chile\/"},"modified":"2025-04-20T18:00:00","modified_gmt":"2025-04-20T21:00:00","slug":"stf-retoma-analise-da-denuncia-sobre-trama-golpista-e-lula-recebe-presidente-do-chile","status":"publish","type":"post","link":"https:\/\/redept.com.br\/blogosfera\/stf-retoma-analise-da-denuncia-sobre-trama-golpista-e-lula-recebe-presidente-do-chile\/","title":{"rendered":"STF retoma an\u00e1lise da den\u00fancia sobre trama golpista e Lula recebe presidente do Chile"},"content":{"rendered":"<p>O Supremo Tribunal Federal (STF) retoma a an\u00e1lise da den\u00fancia da Procuradoria-Geral da Rep\u00fablica (PGR) contra os integrantes do n\u00facleo 2 da tentativa de golpe de 8 de janeiro de 2023, a partir desta ter\u00e7a-feira (22). A PGR acusa seis investigados \u2014 entre eles o ex-assessor de Bolsonaro Filipe Martins, o ex-diretor da Pol\u00edcia Rodovi\u00e1ria Federal (PRF) Silvinei Vasques e o general M\u00e1rio Fernandes \u2014 de tentar manter o ex-presidente Jair Bolsonaro no poder ap\u00f3s a derrota nas elei\u00e7\u00f5es de 2022. A Corte decide se aceita den\u00fancia ou n\u00e3o a den\u00fancia deste que \u00e9 o segundo n\u00facleo da trama golpista que culminou no ataque \u00e0s sedes dos Tr\u00eas Poderes em Bras\u00edlia.<\/p>\n<p>O presidente Luiz In\u00e1cio Lula da Silva (PT) recebe o presidente do Chile, Gabriel Boric, em visita de Estado, nesta ter\u00e7a. O encontro marca a primeira celebra\u00e7\u00e3o oficial do Dia da Amizade entre Brasil e Chile, criado em 2023 para homenagear as rela\u00e7\u00f5es diplom\u00e1ticas entre os dois pa\u00edses, estabelecidas em 22 de abril de 1836. Ap\u00f3s reuni\u00e3o no Pal\u00e1cio do Planalto, Lula e Boric participar\u00e3o de um almo\u00e7o no Pal\u00e1cio do Itamaraty.<\/p>\n<p>Na C\u00e2mara dos Deputados, avan\u00e7a o debate sobre a regulamenta\u00e7\u00e3o do trabalho por aplicativos de entrega. Na quarta-feira (23), a Comiss\u00e3o de Desenvolvimento Urbano (CDU) discute as condi\u00e7\u00f5es enfrentadas pelos entregadores, como jornadas exaustivas e baixos rendimentos. J\u00e1 a Comiss\u00e3o de Trabalho (CTRAB) analisa na quinta-feira (24), os impactos \u00e0 sa\u00fade desses trabalhadores, com foco em acidentes, adoecimentos, agress\u00f5es e assaltos durante o exerc\u00edcio da atividade.<\/p>\n<p><strong>Tamb\u00e9m est\u00e3o na agenda da semana de 21 a 25 de abril:<\/strong><\/p>\n<h3><strong>DIREITOS HUMANOS\u00a0<\/strong><\/h3>\n<ul>\n<li><strong>C\u00e2mara<\/strong>\n<ul>\n<li><strong>Disque parente (CPOVOS, 22\/4, 13h):<\/strong> Est\u00e1 na pauta o PL que cria o canal da FUNAI para den\u00fancias e demandas ind\u00edgenas. A proposta prev\u00ea sigilo, anonimato e opera\u00e7\u00e3o por entidades sem fins lucrativos. O atendimento incluir\u00e1 casos de viol\u00eancia, invas\u00f5es e viola\u00e7\u00f5es de direitos.<\/li>\n<li><strong>Idosos em asilo (CIDOSO | CSAUDE, 23\/4, 14h): <\/strong>Reuni\u00e3o conjunta debate sa\u00fade mental de idosos em institui\u00e7\u00f5es de longa perman\u00eancia, para propor a\u00e7\u00f5es para melhorar a qualidade de vida nesses locais. O requerimento destaca que confinamento, afastamento familiar e falta de est\u00edmulos impactam o bem-estar psicol\u00f3gico.<\/li>\n<li><strong>Entregadores de app (CDU, 23\/4, 16h):<\/strong>\u00a0 Audi\u00eancia debate a regulamenta\u00e7\u00e3o do trabalho de entregadores por aplicativo.. Proposta cita jornadas exaustivas, baixos rendimentos e falta de direitos para discutir sa\u00fade, seguran\u00e7a e garantias trabalhistas, a fim de construir uma agenda pol\u00edtica por equidade no setor.<\/li>\n<li><strong>Sa\u00fade sobre rodas (CTRAB, 24\/3, 14h30):<\/strong> Comiss\u00e3o discute os impactos do trabalho por aplicativos de entrega na sa\u00fade dos trabalhadores, com dados sobre acidentes, adoecimentos, agress\u00f5es e assaltos. A audi\u00eancia tamb\u00e9m debate a aus\u00eancia de cobertura previdenci\u00e1ria, que agrava a vulnerabilidade da categoria.<\/li>\n<\/ul>\n<\/li>\n<li><strong>Senado<\/strong>\n<ul>\n<li><strong>Abordagem humanizada (CSP, 22\/4, 11h): <\/strong>PL define regras para a\u00e7\u00f5es policiais em rela\u00e7\u00e3o a pessoas com crises de sa\u00fade mental. A proposta exige mediadores capacitados, restringe o uso da for\u00e7a letal e prev\u00ea encaminhamento ao SUS ou SUAS, al\u00e9m de Treinamentos peri\u00f3dicos obrigat\u00f3rios.\u00a0<\/li>\n<\/ul>\n<\/li>\n<\/ul>\n<h3><strong>MEIO AMBIENTE\u00a0<\/strong><\/h3>\n<ul>\n<li><strong>C\u00e2mara<\/strong>\n<ul>\n<li><strong>Aspectos da COP30 (CFT, 22\/4, 14h): <\/strong>Comiss\u00e3o debate os aspectos econ\u00f4micos e financeiros da confer\u00eancia, com as presen\u00e7as esperadas do presidente da COP30, Andr\u00e9 Corr\u00eaa do Lago, e da secret\u00e1ria nacional de Clima, Ana Toni. A audi\u00eancia aborda investimentos, financiamento clim\u00e1tico e a prepara\u00e7\u00e3o do Brasil.<\/li>\n<\/ul>\n<\/li>\n<\/ul>\n<ul>\n<li><strong>Senado<\/strong>\n<ul>\n<li><strong>Impacto dos pl\u00e1sticos (CRE, 24\/4, 10h):<\/strong> A comiss\u00e3o debate a posi\u00e7\u00e3o, compromissos e metas ambientais do Brasil nas negocia\u00e7\u00f5es do Tratado Global contra a Polui\u00e7\u00e3o por Pl\u00e1sticos, proposto pela ONU em 2022, e com participa\u00e7\u00e3o de 175 pa\u00edses.<\/li>\n<\/ul>\n<\/li>\n<\/ul>\n<h3><strong>POL\u00cdTICA<\/strong><\/h3>\n<ul>\n<li><strong>Senado<\/strong>\n<ul>\n<li><strong>Propaganda de bets (CEsp, 23\/4, 9h30): <\/strong>Audi\u00eancia debate dois PLs que restringem a publicidade de apostas, com o objetivo de reduzir a influ\u00eancia das bets no p\u00fablico. Um pro\u00edbe propaganda de casas de apostas; outro veda a participa\u00e7\u00e3o de atletas e celebridades nessas campanhas.\u00a0<\/li>\n<\/ul>\n<\/li>\n<\/ul>\n<ul>\n<li><strong>STF<\/strong>\n<ul>\n<li><strong>N\u00facleo 2 do golpe (22\/4, 9h30 e 23\/4, 8h): <\/strong>O colegiado, que ir\u00e1 analisar a den\u00fancia dos seis acusados, \u00e9 composto pelo relator, Alexandre de Moraes, e pelos ministros Fl\u00e1vio Dino, Cristiano Zanin, C\u00e1rmen L\u00facia e Luiz Fux.<\/li>\n<\/ul>\n<\/li>\n<\/ul>\n<h3><strong>EDUCA\u00c7\u00c3O\u00a0<\/strong><\/h3>\n<ul>\n<li><strong>C\u00e2mara<\/strong>\n<ul>\n<li><strong>Direitos humanos nas aulas (CE, 23\/4, 16h): <\/strong>Audi\u00eancia debate o projeto \u201cDandaras e Carolinas\u201d, que prop\u00f5e um Plano Nacional de Educa\u00e7\u00e3o (PNE) antirracista e antissexista. A iniciativa da sociedade civil ocorre em meio \u00e0 discuss\u00e3o do novo plano no Congresso, que deve ser vigente at\u00e9 2034.<\/li>\n<\/ul>\n<\/li>\n<\/ul>\n<h3><strong>ECONOMIA<\/strong><\/h3>\n<ul>\n<li><strong>Senado<\/strong>\n<ul>\n<li><strong>Presidente do BC (CAE, 22\/4, 10h):<\/strong> A comiss\u00e3o ouve o presidente do Banco Central, Gabriel Gal\u00edpolo, sobre diretrizes, implementa\u00e7\u00e3o e perspectivas da pol\u00edtica monet\u00e1ria. O comparecimento de Gal\u00edpolo ocorre em cumprimento ao regimento do Senado, que prev\u00ea o comparecimento pelo menos quatro vezes ao ano.<\/li>\n<\/ul>\n<\/li>\n<\/ul>\n<p><strong>Para ficar de olho:<\/strong><\/p>\n<ul>\n<li><strong>A defesa do psolista Glauber Braga (PSOL \u2013 RJ) deve apresentar recurso.<\/strong> Na pr\u00f3xima semana, a defesa deve entregar \u00e0 Comiss\u00e3o de Constitui\u00e7\u00e3o e Justi\u00e7a (CCJ) da C\u00e2mara dos Deputados um questionamento sobre o rito adotado no processo de cassa\u00e7\u00e3o do parlamentar, autorizado pelo Conselho de \u00c9tica, no \u00faltimo dia 9.<\/li>\n<\/ul>\n<blockquote>\n<p><em>Agenda da semana da <\/em><strong><em>P\u00fablica<\/em><\/strong><em> \u00e9 um servi\u00e7o apresentado aos leitores aos domingos e segundas, concebido com base nas informa\u00e7\u00f5es dos portais da C\u00e2mara, Senado e STF.<\/em><\/p>\n<\/p>\n<\/blockquote>\n<!-- Begin Yuzo --><div class='yuzo_related_post style-1'  data-version='5.12.89'><!-- without result --><div class='yuzo_clearfixed yuzo__title yuzo__title'><h3>Related Post<\/h3><\/div>\n\t\t\t\t\t\t  <div class=\"relatedthumb \" style=\"width:125px;float:left;overflow:hidden;\">  \n\t\t\t\t\t\t\t  \n\t\t\t\t\t\t\t  <a  href=\"https:\/\/redept.com.br\/blogosfera\/com-acampamento-em-maceio-al-camponeses-pressionam-por-reuniao-com-governador\/\"  >\n\t\t\t\t\t\t\t\t\t  <div class=\"yuzo-img-wrap \" style=\"width: 125px;height:90px;\">\n\t\t\t\t\t\t\t\t\t\t\n\t\t\t\t\t\t\t\t\t\t<div class=\"yuzo-img\" style=\"background:url('https:\/\/redept.com.br\/blogosfera\/wp-content\/uploads\/2025\/07\/Foto-SEAGRI_Mykesio-Max-005-JORNADA-CAMPONESA-2025-150x150.jpeg') 50% 50% no-repeat;width: 125px;height:90px;margin-bottom: 5px;background-size: cover; \"><\/div>\n\t\t\t\t\t\t\t\t\t  <\/div>\n\t\t\t\t\t\t\t\t\t  \n\t\t\t\t\t\t\t\t   <span class=\"yuzo__text--title\" style=\"font-size:13px;\">Com acampamento em Macei\u00f3 (AL), camponeses pressio...<\/span>\n\t\t\t\t\t\t\t  \n\t\t\t\t\t\t\t  \n\t\t\t\t\t\t\t  <\/a>\n\n\t\t\t\t\t\t  <\/div>\n\t\t\t\t\t\t  <div class=\"relatedthumb \" style=\"width:125px;float:left;overflow:hidden;\">  \n\t\t\t\t\t\t\t  \n\t\t\t\t\t\t\t  <a  href=\"https:\/\/redept.com.br\/blogosfera\/autoridades-dos-eua-desmantelam-rede-de-apostas-ilegais-na-nba\/\"  >\n\t\t\t\t\t\t\t\t\t  <div class=\"yuzo-img-wrap \" style=\"width: 125px;height:90px;\">\n\t\t\t\t\t\t\t\t\t\t\n\t\t\t\t\t\t\t\t\t\t<div class=\"yuzo-img\" style=\"background:url('https:\/\/redept.com.br\/blogosfera\/wp-content\/uploads\/2025\/10\/partido_nba_-i-i-_31910450720-150x150.jpg') 50% 50% no-repeat;width: 125px;height:90px;margin-bottom: 5px;background-size: cover; \"><\/div>\n\t\t\t\t\t\t\t\t\t  <\/div>\n\t\t\t\t\t\t\t\t\t  \n\t\t\t\t\t\t\t\t   <span class=\"yuzo__text--title\" style=\"font-size:13px;\">Autoridades dos EUA desmantelam rede de apostas il...<\/span>\n\t\t\t\t\t\t\t  \n\t\t\t\t\t\t\t  \n\t\t\t\t\t\t\t  <\/a>\n\n\t\t\t\t\t\t  <\/div>\n\t\t\t\t\t\t  <div class=\"relatedthumb \" style=\"width:125px;float:left;overflow:hidden;\">  \n\t\t\t\t\t\t\t  \n\t\t\t\t\t\t\t  <a  href=\"https:\/\/sul21.com.br\/opiniao\/2025\/10\/a-verdade-sobre-o-dmae-por-raul-pont\/\"  >\n\t\t\t\t\t\t\t\t\t  <div class=\"yuzo-img-wrap \" style=\"width: 125px;height:90px;\">\n\t\t\t\t\t\t\t\t\t\t\n\t\t\t\t\t\t\t\t\t\t<div class=\"yuzo-img\" style=\"background:url('https:\/\/redept.org\/blogosfera\/wp-content\/plugins\/yuzo-related-post\/assets\/images\/default.png') 50% 50% no-repeat;width: 125px;height:90px;margin-bottom: 5px;background-size: cover; \"><\/div>\n\t\t\t\t\t\t\t\t\t  <\/div>\n\t\t\t\t\t\t\t\t\t  \n\t\t\t\t\t\t\t\t   <span class=\"yuzo__text--title\" style=\"font-size:13px;\">A verdade sobre o Dmae\u00a0(por Raul Pont)<\/span>\n\t\t\t\t\t\t\t  \n\t\t\t\t\t\t\t  \n\t\t\t\t\t\t\t  <\/a>\n\n\t\t\t\t\t\t  <\/div>\n\t\t\t\t\t\t  <div class=\"relatedthumb \" style=\"width:125px;float:left;overflow:hidden;\">  \n\t\t\t\t\t\t\t  \n\t\t\t\t\t\t\t  <a  href=\"https:\/\/redept.com.br\/blogosfera\/intervencao-artistica-do-mst-denuncia-o-mercado-da-natureza-em-ponto-turistico-da-sede-da-cop30\/\"  >\n\t\t\t\t\t\t\t\t\t  <div class=\"yuzo-img-wrap \" style=\"width: 125px;height:90px;\">\n\t\t\t\t\t\t\t\t\t\t\n\t\t\t\t\t\t\t\t\t\t<div class=\"yuzo-img\" style=\"background:url('https:\/\/redept.com.br\/blogosfera\/wp-content\/uploads\/2025\/11\/Intervencao2-150x150.jpeg') 50% 50% no-repeat;width: 125px;height:90px;margin-bottom: 5px;background-size: cover; \"><\/div>\n\t\t\t\t\t\t\t\t\t  <\/div>\n\t\t\t\t\t\t\t\t\t  \n\t\t\t\t\t\t\t\t   <span class=\"yuzo__text--title\" style=\"font-size:13px;\">Interven\u00e7\u00e3o art\u00edstica do MST denuncia o \u2018mercado d...<\/span>\n\t\t\t\t\t\t\t  \n\t\t\t\t\t\t\t  \n\t\t\t\t\t\t\t  <\/a>\n\n\t\t\t\t\t\t  <\/div>\n<\/div> <script>\n\t\t\t\t\t\t  jQuery(document).ready(function( $ ){\n\t\t\t\t\t\t\t\/\/jQuery('.yuzo_related_post').equalizer({ overflow : 'relatedthumb' });\n\t\t\t\t\t\t\tjQuery('.yuzo_related_post .yuzo_wraps').equalizer({ columns : '> div' });\n\t\t\t\t\t\t   })\n\t\t\t\t\t\t  <\/script> <!-- End Yuzo :) -->","protected":false},"excerpt":{"rendered":"<p>O Supremo Tribunal Federal (STF) retoma a an\u00e1lise da den\u00fancia da Procuradoria-Geral da Rep\u00fablica (PGR) contra os integrantes do n\u00facleo 2 da tentativa de golpe de 8 de janeiro de 2023, a partir desta ter\u00e7a-feira (22). A PGR acusa seis investigados \u2014 entre eles o ex-assessor de Bolsonaro Filipe Martins, o ex-diretor da Pol\u00edcia Rodovi\u00e1ria [&hellip;]<\/p>\n","protected":false},"author":2,"featured_media":0,"comment_status":"open","ping_status":"closed","sticky":false,"template":"","format":"standard","meta":{"fifu_image_url":"","fifu_image_alt":"","footnotes":""},"categories":[1],"tags":[],"class_list":["post-23093","post","type-post","status-publish","format-standard","hentry","category-uncategorized"],"_links":{"self":[{"href":"https:\/\/redept.com.br\/blogosfera\/wp-json\/wp\/v2\/posts\/23093","targetHints":{"allow":["GET"]}}],"collection":[{"href":"https:\/\/redept.com.br\/blogosfera\/wp-json\/wp\/v2\/posts"}],"about":[{"href":"https:\/\/redept.com.br\/blogosfera\/wp-json\/wp\/v2\/types\/post"}],"author":[{"embeddable":true,"href":"https:\/\/redept.com.br\/blogosfera\/wp-json\/wp\/v2\/users\/2"}],"replies":[{"embeddable":true,"href":"https:\/\/redept.com.br\/blogosfera\/wp-json\/wp\/v2\/comments?post=23093"}],"version-history":[{"count":0,"href":"https:\/\/redept.com.br\/blogosfera\/wp-json\/wp\/v2\/posts\/23093\/revisions"}],"wp:attachment":[{"href":"https:\/\/redept.com.br\/blogosfera\/wp-json\/wp\/v2\/media?parent=23093"}],"wp:term":[{"taxonomy":"category","embeddable":true,"href":"https:\/\/redept.com.br\/blogosfera\/wp-json\/wp\/v2\/categories?post=23093"},{"taxonomy":"post_tag","embeddable":true,"href":"https:\/\/redept.com.br\/blogosfera\/wp-json\/wp\/v2\/tags?post=23093"}],"curies":[{"name":"wp","href":"https:\/\/api.w.org\/{rel}","templated":true}]}}