{"id":23098,"date":"2025-04-20T17:20:04","date_gmt":"2025-04-20T20:20:04","guid":{"rendered":"https:\/\/redept.org\/blogosfera\/novos-ataques-de-israel-deixam-25-mortos-em-gaza\/"},"modified":"2025-04-20T17:20:04","modified_gmt":"2025-04-20T20:20:04","slug":"novos-ataques-de-israel-deixam-25-mortos-em-gaza","status":"publish","type":"post","link":"https:\/\/redept.com.br\/blogosfera\/novos-ataques-de-israel-deixam-25-mortos-em-gaza\/","title":{"rendered":"Novos ataques de Israel deixam 25 mortos em Gaza"},"content":{"rendered":"<p>Pelo menos 25 pessoas morreram em ataques israelenses na Faixa de Gaza desde o amanhecer deste domingo (20\/04), segundo boletim divulgado pela ag\u00eancia de defesa civil do enclave palestino.<\/p>\n<p>Ap\u00f3s dois meses de um cessar-fogo, Israel n\u00e3o respeitou o acordo e retomou os bombardeios contra Gaza em 18 de mar\u00e7o, dando novo impulso na guerra que j\u00e1 dura um ano e meio e fez mais de 51 mil v\u00edtimas, a maioria delas civis.<\/p>\n<p>\u201cDesde o amanhecer, os ataques a\u00e9reos israelenses mataram 20 pessoas e feriram dezenas, incluindo mulheres e crian\u00e7as, por toda a Faixa de Gaza\u201d, disse Mahmud Bassal, porta-voz da defesa civil, \u00e0 ag\u00eancia <em>AFP<\/em>.<\/p>\n<p>Al\u00e9m disso, outros cinco morreram em um bombardeio com drone em Rafah, no extremo-sul do enclave.<\/p>\n<figure aria-describedby=\"caption-attachment-216928\"><img fetchpriority=\"high\" fetchpriority=\"high\" decoding=\"async\"src=\"https:\/\/redept.org\/blogosfera\/wp-content\/uploads\/2025\/04\/damage_in_gaza_strip_during_the_october_2023_-_13.jpg\" alt=\"gaza destru\u00edda\" width=\"1024\" height=\"682\" srcset=\"https:\/\/operamundi.uol.com.br\/wp-content\/uploads\/2025\/04\/damage_in_gaza_strip_during_the_october_2023_-_13-1024x682.jpg 1024w, https:\/\/operamundi.uol.com.br\/wp-content\/uploads\/2025\/04\/damage_in_gaza_strip_during_the_october_2023_-_13-300x200.jpg 300w, https:\/\/operamundi.uol.com.br\/wp-content\/uploads\/2025\/04\/damage_in_gaza_strip_during_the_october_2023_-_13-768x512.jpg 768w, https:\/\/operamundi.uol.com.br\/wp-content\/uploads\/2025\/04\/damage_in_gaza_strip_during_the_october_2023_-_13-150x100.jpg 150w, https:\/\/operamundi.uol.com.br\/wp-content\/uploads\/2025\/04\/damage_in_gaza_strip_during_the_october_2023_-_13-750x500.jpg 750w, https:\/\/operamundi.uol.com.br\/wp-content\/uploads\/2025\/04\/damage_in_gaza_strip_during_the_october_2023_-_13-1140x760.jpg 1140w, https:\/\/redept.org\/blogosfera\/wp-content\/uploads\/2025\/04\/damage_in_gaza_strip_during_the_october_2023_-_13.jpg 1280w\" sizes=\"(max-width: 1024px) 100vw, 1024px\"><figcaption>Mais de 420 mil pessoas foram deslocadas desde retomada dos ataques israelenses em Gaza <br \/>Palestinian News &amp; Information Agency (Wafa) in contract with APAimages<\/figcaption><\/figure>\n<h3>Hospitais pedi\u00e1tricos de Gaza em crise<\/h3>\n<p>O Fundo das Na\u00e7\u00f5es Unidas para a Inf\u00e2ncia (UNICEF) alertou que os hospitais para crian\u00e7as e rec\u00e9m-nascidos na Faixa de Gaza est\u00e3o operando em condi\u00e7\u00f5es extremamente prec\u00e1rias e carecem de equipamentos m\u00e9dicos essenciais.<\/p>\n<p>Em uma publica\u00e7\u00e3o no X, a Unicef \u200b\u200b\u200b\u200bdisse que a sobreviv\u00eancia das crian\u00e7as em Gaza agora depende do cessar-fogo e da distribui\u00e7\u00e3o imediata de assist\u00eancia humanit\u00e1ria \u00e0 \u00e1rea sitiada.<\/p>\n<p>\u201cOs hospitais de Gaza que tratam rec\u00e9m-nascidos e crian\u00e7as n\u00e3o t\u00eam equipamento m\u00e9dico suficiente e est\u00e3o operando em circunst\u00e2ncias extremamente dif\u00edceis\u201d, disse a ag\u00eancia, pedindo acesso imediato e cont\u00ednuo \u00e0 ajuda humanit\u00e1ria.<\/p>\n<p>Na sexta-feira (18\/04), a Ag\u00eancia das Na\u00e7\u00f5es Unidas de Assist\u00eancia aos Refugiados da Palestina no Oriente Pr\u00f3ximo (UNRWA) tamb\u00e9m relatou que o cerco atual em Gaza \u00e9 \u201cmais severo do que nas primeiras semanas ap\u00f3s 7 de outubro de 2023\u201d.<\/p>\n<p>De acordo com a UNRWA, mais de 420 mil pessoas foram deslocadas em Gaza desde 18 de mar\u00e7o de 2025, devido aos recentes ataques israelenses.<\/p>\n<p>(*) Com <em>Ansa<\/em> e <em>Telesur<\/em>.<\/p>\n<p>O post <a href=\"https:\/\/operamundi.uol.com.br\/guerra-israel-x-palestina\/novos-ataques-de-israel-deixam-25-mortos-em-gaza\/\">Novos ataques de Israel deixam 25 mortos em Gaza<\/a> apareceu primeiro em <a href=\"https:\/\/operamundi.uol.com.br\/\">Opera Mundi<\/a>.<\/p>\n<!-- Begin Yuzo --><div class='yuzo_related_post style-1'  data-version='5.12.89'><!-- without result --><div class='yuzo_clearfixed yuzo__title yuzo__title'><h3>Related Post<\/h3><\/div>\n\t\t\t\t\t\t  <div class=\"relatedthumb \" style=\"width:125px;float:left;overflow:hidden;\">  \n\t\t\t\t\t\t\t  \n\t\t\t\t\t\t\t  <a  href=\"https:\/\/redept.com.br\/blogosfera\/movimento-social-tem-de-reagir-ao-lobby-do-mercado-defendem-economistas\/\"  >\n\t\t\t\t\t\t\t\t\t  <div class=\"yuzo-img-wrap \" style=\"width: 125px;height:90px;\">\n\t\t\t\t\t\t\t\t\t\t\n\t\t\t\t\t\t\t\t\t\t<div class=\"yuzo-img\" style=\"background:url('https:\/\/redept.com.br\/blogosfera\/wp-content\/uploads\/2025\/06\/Beluzzo-150x150.jpg') 50% 50% no-repeat;width: 125px;height:90px;margin-bottom: 5px;background-size: cover; \"><\/div>\n\t\t\t\t\t\t\t\t\t  <\/div>\n\t\t\t\t\t\t\t\t\t  \n\t\t\t\t\t\t\t\t   <span class=\"yuzo__text--title\" style=\"font-size:13px;\">Movimento social tem de reagir ao lobby do mercado...<\/span>\n\t\t\t\t\t\t\t  \n\t\t\t\t\t\t\t  \n\t\t\t\t\t\t\t  <\/a>\n\n\t\t\t\t\t\t  <\/div>\n\t\t\t\t\t\t  <div class=\"relatedthumb \" style=\"width:125px;float:left;overflow:hidden;\">  \n\t\t\t\t\t\t\t  \n\t\t\t\t\t\t\t  <a  href=\"https:\/\/redept.com.br\/blogosfera\/fraudes-no-inss-petistas-demonstram-como-o-esquema-foi-criado-por-bolsonaro-e-desmontado-por-lula\/\"  >\n\t\t\t\t\t\t\t\t\t  <div class=\"yuzo-img-wrap \" style=\"width: 125px;height:90px;\">\n\t\t\t\t\t\t\t\t\t\t\n\t\t\t\t\t\t\t\t\t\t<div class=\"yuzo-img\" style=\"background:url('https:\/\/redept.org\/blogosfera\/wp-content\/plugins\/yuzo-related-post\/assets\/images\/default.png') 50% 50% no-repeat;width: 125px;height:90px;margin-bottom: 5px;background-size: cover; \"><\/div>\n\t\t\t\t\t\t\t\t\t  <\/div>\n\t\t\t\t\t\t\t\t\t  \n\t\t\t\t\t\t\t\t   <span class=\"yuzo__text--title\" style=\"font-size:13px;\">Fraudes no INSS: Petistas demonstram como o esquem...<\/span>\n\t\t\t\t\t\t\t  \n\t\t\t\t\t\t\t  \n\t\t\t\t\t\t\t  <\/a>\n\n\t\t\t\t\t\t  <\/div>\n\t\t\t\t\t\t  <div class=\"relatedthumb \" style=\"width:125px;float:left;overflow:hidden;\">  \n\t\t\t\t\t\t\t  \n\t\t\t\t\t\t\t  <a  href=\"https:\/\/redept.com.br\/blogosfera\/kim-jong-un-diz-que-acertou-em-nao-abandonar-projeto-nuclear-diante-do-terrorismo-dos-eua\/\"  >\n\t\t\t\t\t\t\t\t\t  <div class=\"yuzo-img-wrap \" style=\"width: 125px;height:90px;\">\n\t\t\t\t\t\t\t\t\t\t\n\t\t\t\t\t\t\t\t\t\t<div class=\"yuzo-img\" style=\"background:url('https:\/\/redept.com.br\/blogosfera\/wp-content\/uploads\/2026\/03\/44d7e309f4ef65cb44a11d1a0712ddf31a1a3022f3be1f18f917f4fddd55bc5eeecaf2e327101adf28e02c27df7546d5dca1-150x150.jpg') 50% 50% no-repeat;width: 125px;height:90px;margin-bottom: 5px;background-size: cover; \"><\/div>\n\t\t\t\t\t\t\t\t\t  <\/div>\n\t\t\t\t\t\t\t\t\t  \n\t\t\t\t\t\t\t\t   <span class=\"yuzo__text--title\" style=\"font-size:13px;\">Kim Jong Un diz que \u2018acertou\u2019 em n\u00e3o abandonar pro...<\/span>\n\t\t\t\t\t\t\t  \n\t\t\t\t\t\t\t  \n\t\t\t\t\t\t\t  <\/a>\n\n\t\t\t\t\t\t  <\/div>\n\t\t\t\t\t\t  <div class=\"relatedthumb \" style=\"width:125px;float:left;overflow:hidden;\">  \n\t\t\t\t\t\t\t  \n\t\t\t\t\t\t\t  <a  href=\"https:\/\/redept.com.br\/blogosfera\/trabalhadora-da-casa-da-moeda-diz-que-lula-e-o-atleta-barbudinho-mais-sexy-do-brasil-apos-corrigir-velhinho-video\/\"  >\n\t\t\t\t\t\t\t\t\t  <div class=\"yuzo-img-wrap \" style=\"width: 125px;height:90px;\">\n\t\t\t\t\t\t\t\t\t\t\n\t\t\t\t\t\t\t\t\t\t<div class=\"yuzo-img\" style=\"background:url('https:\/\/redept.org\/blogosfera\/wp-content\/plugins\/yuzo-related-post\/assets\/images\/default.png') 50% 50% no-repeat;width: 125px;height:90px;margin-bottom: 5px;background-size: cover; \"><\/div>\n\t\t\t\t\t\t\t\t\t  <\/div>\n\t\t\t\t\t\t\t\t\t  \n\t\t\t\t\t\t\t\t   <span class=\"yuzo__text--title\" style=\"font-size:13px;\">Trabalhadora da Casa da Moeda diz que Lula \u00e9 o \u201cat...<\/span>\n\t\t\t\t\t\t\t  \n\t\t\t\t\t\t\t  \n\t\t\t\t\t\t\t  <\/a>\n\n\t\t\t\t\t\t  <\/div>\n<\/div> <script>\n\t\t\t\t\t\t  jQuery(document).ready(function( $ ){\n\t\t\t\t\t\t\t\/\/jQuery('.yuzo_related_post').equalizer({ overflow : 'relatedthumb' });\n\t\t\t\t\t\t\tjQuery('.yuzo_related_post .yuzo_wraps').equalizer({ columns : '> div' });\n\t\t\t\t\t\t   })\n\t\t\t\t\t\t  <\/script> <!-- End Yuzo :) -->","protected":false},"excerpt":{"rendered":"<p>Pelo menos 25 pessoas morreram em ataques israelenses na Faixa de Gaza desde o amanhecer deste domingo (20\/04), segundo boletim divulgado pela ag\u00eancia de defesa civil do enclave palestino. Ap\u00f3s dois meses de um cessar-fogo, Israel n\u00e3o respeitou o acordo e retomou os bombardeios contra Gaza em 18 de mar\u00e7o, dando novo impulso na guerra [&hellip;]<\/p>\n","protected":false},"author":2,"featured_media":23099,"comment_status":"closed","ping_status":"closed","sticky":false,"template":"","format":"standard","meta":{"fifu_image_url":"","fifu_image_alt":"","footnotes":""},"categories":[1],"tags":[],"class_list":["post-23098","post","type-post","status-publish","format-standard","has-post-thumbnail","hentry","category-uncategorized"],"_links":{"self":[{"href":"https:\/\/redept.com.br\/blogosfera\/wp-json\/wp\/v2\/posts\/23098","targetHints":{"allow":["GET"]}}],"collection":[{"href":"https:\/\/redept.com.br\/blogosfera\/wp-json\/wp\/v2\/posts"}],"about":[{"href":"https:\/\/redept.com.br\/blogosfera\/wp-json\/wp\/v2\/types\/post"}],"author":[{"embeddable":true,"href":"https:\/\/redept.com.br\/blogosfera\/wp-json\/wp\/v2\/users\/2"}],"replies":[{"embeddable":true,"href":"https:\/\/redept.com.br\/blogosfera\/wp-json\/wp\/v2\/comments?post=23098"}],"version-history":[{"count":0,"href":"https:\/\/redept.com.br\/blogosfera\/wp-json\/wp\/v2\/posts\/23098\/revisions"}],"wp:featuredmedia":[{"embeddable":true,"href":"https:\/\/redept.com.br\/blogosfera\/wp-json\/wp\/v2\/media\/23099"}],"wp:attachment":[{"href":"https:\/\/redept.com.br\/blogosfera\/wp-json\/wp\/v2\/media?parent=23098"}],"wp:term":[{"taxonomy":"category","embeddable":true,"href":"https:\/\/redept.com.br\/blogosfera\/wp-json\/wp\/v2\/categories?post=23098"},{"taxonomy":"post_tag","embeddable":true,"href":"https:\/\/redept.com.br\/blogosfera\/wp-json\/wp\/v2\/tags?post=23098"}],"curies":[{"name":"wp","href":"https:\/\/api.w.org\/{rel}","templated":true}]}}