{"id":23100,"date":"2025-04-20T17:35:46","date_gmt":"2025-04-20T20:35:46","guid":{"rendered":"https:\/\/redept.org\/blogosfera\/fechamento-do-coliseu-para-familia-de-vice-dos-eua-vira-caso-judicial\/"},"modified":"2025-04-20T17:35:46","modified_gmt":"2025-04-20T20:35:46","slug":"fechamento-do-coliseu-para-familia-de-vice-dos-eua-vira-caso-judicial","status":"publish","type":"post","link":"https:\/\/redept.com.br\/blogosfera\/fechamento-do-coliseu-para-familia-de-vice-dos-eua-vira-caso-judicial\/","title":{"rendered":"Fechamento do Coliseu para fam\u00edlia de vice dos EUA vira caso judicial"},"content":{"rendered":"<p>Uma associa\u00e7\u00e3o de defesa dos direitos dos consumidores da It\u00e1lia apresentar\u00e1 uma den\u00fancia ao Minist\u00e9rio P\u00fablico de Roma ap\u00f3s o Coliseu, monumento mais frequentado da cidade, ter sido fechado antecipadamente para uma visita privada do presidente dos Estados Unidos, J.D.Vance, e da segunda-dama norte-americana, Usha Vance.<\/p>\n<p>O epis\u00f3dio ocorreu no \u00faltimo s\u00e1bado (19\/04) e gerou protestos de turistas que j\u00e1 tinham ingresso comprado e aguardavam na fila. Usha acabou fazendo o tour apenas com os filhos e sem o marido, que de \u00faltima hora decidiu permanecer na embaixada dos EUA na capital italiana.<\/p>\n<p>\u201cTrata-se de uma falta de respeito em rela\u00e7\u00e3o aos muitos turistas que tinham comprado ingresso e daqueles que estavam na fila para entrar no Coliseu\u201d, disse Carlo Rienzi, presidente da Codacons, entidade conhecida na It\u00e1lia por acionar frequentemente a Justi\u00e7a em defesa dos consumidores.<\/p>\n<p>Recentemente, a associa\u00e7\u00e3o foi o estopim para o esc\u00e2ndalo da suposta fraude envolvendo falsas campanhas beneficentes protagonizadas pela influenciadora de moda Chiara Ferragni.<\/p>\n<p>\u201cQueremos entender se o epis\u00f3dio [do fechamento do Coliseu] pode apresentar hip\u00f3teses penalmente relevantes, como a poss\u00edvel interrup\u00e7\u00e3o de servi\u00e7o p\u00fablico em preju\u00edzo dos usu\u00e1rios. Por tal motivo, apresentaremos na ter\u00e7a-feira [22\/04] uma a\u00e7\u00e3o pedindo a abertura de uma investiga\u00e7\u00e3o sobre o caso\u201d, acrescentou Rienzi.<\/p>\n<p>Fontes do Minist\u00e9rio da Cultura da It\u00e1lia garantiram que quem tinha ingresso e n\u00e3o conseguiu entrar no monumento ser\u00e1 reembolsado e que a decis\u00e3o de fechar a arena de 2 mil anos para a visita privada da fam\u00edlia Vance foi tomada pelas autoridades de seguran\u00e7a.<\/p>\n<h3>J.D. Vance se encontra com Papa<\/h3>\n<p>O papa Francisco recebeu neste domingo (20\/04), no Vaticano, Vance, que est\u00e1 em visita oficial \u00e0 It\u00e1lia.<\/p>\n<p>Cat\u00f3lico fervoroso, o republicano chegou \u00e0 Casa Santa Marta, resid\u00eancia oficial do pont\u00edfice, sem a fam\u00edlia e ficou apenas alguns minutos com Jorge Bergoglio, que ainda se recupera de uma grave pneumonia.<\/p>\n<p>Durante sua estadia na It\u00e1lia, Vance tamb\u00e9m participou da Paix\u00e3o do Senhor na Sexta-Feira Santa e se reuniu com o secret\u00e1rio de Estado do Vaticano, cardeal Pietro Parolin, no s\u00e1bado, encontro que abordou temas como conflitos internacionais e imigra\u00e7\u00e3o.<\/p>\n<p>(*) Com <em>Ansa<\/em>.<\/p>\n<p>O post <a href=\"https:\/\/operamundi.uol.com.br\/politica-e-economia\/fechamento-do-coliseu-para-familia-de-vice-dos-eua-vira-caso-judicial\/\">Fechamento do Coliseu para fam\u00edlia de vice dos EUA vira caso judicial<\/a> apareceu primeiro em <a href=\"https:\/\/operamundi.uol.com.br\/\">Opera Mundi<\/a>.<\/p>\n<!-- Begin Yuzo --><div class='yuzo_related_post style-1'  data-version='5.12.89'><!-- without result --><div class='yuzo_clearfixed yuzo__title yuzo__title'><h3>Related Post<\/h3><\/div>\n\t\t\t\t\t\t  <div class=\"relatedthumb \" style=\"width:125px;float:left;overflow:hidden;\">  \n\t\t\t\t\t\t\t  \n\t\t\t\t\t\t\t  <a  href=\"https:\/\/redept.com.br\/blogosfera\/mst-pr-inicia-jornada-de-lutas-por-novos-assentamentos-e-avancos-em-politicas-publicas-da-reforma-agraria\/\"  >\n\t\t\t\t\t\t\t\t\t  <div class=\"yuzo-img-wrap \" style=\"width: 125px;height:90px;\">\n\t\t\t\t\t\t\t\t\t\t\n\t\t\t\t\t\t\t\t\t\t<div class=\"yuzo-img\" style=\"background:url('https:\/\/redept.com.br\/blogosfera\/wp-content\/uploads\/2025\/04\/unnamed-8-1024x768-1-150x150.jpg') 50% 50% no-repeat;width: 125px;height:90px;margin-bottom: 5px;background-size: cover; \"><\/div>\n\t\t\t\t\t\t\t\t\t  <\/div>\n\t\t\t\t\t\t\t\t\t  \n\t\t\t\t\t\t\t\t   <span class=\"yuzo__text--title\" style=\"font-size:13px;\">MST PR inicia Jornada de Lutas por novos assentame...<\/span>\n\t\t\t\t\t\t\t  \n\t\t\t\t\t\t\t  \n\t\t\t\t\t\t\t  <\/a>\n\n\t\t\t\t\t\t  <\/div>\n\t\t\t\t\t\t  <div class=\"relatedthumb \" style=\"width:125px;float:left;overflow:hidden;\">  \n\t\t\t\t\t\t\t  \n\t\t\t\t\t\t\t  <a  href=\"https:\/\/redept.com.br\/blogosfera\/vacinacao-contra-a-gripe-comeca-nesta-segunda-7\/\"  >\n\t\t\t\t\t\t\t\t\t  <div class=\"yuzo-img-wrap \" style=\"width: 125px;height:90px;\">\n\t\t\t\t\t\t\t\t\t\t\n\t\t\t\t\t\t\t\t\t\t<div class=\"yuzo-img\" style=\"background:url('https:\/\/redept.com.br\/blogosfera\/wp-content\/uploads\/2025\/04\/vacina-contra-a-gripe-150x150.jpg') 50% 50% no-repeat;width: 125px;height:90px;margin-bottom: 5px;background-size: cover; \"><\/div>\n\t\t\t\t\t\t\t\t\t  <\/div>\n\t\t\t\t\t\t\t\t\t  \n\t\t\t\t\t\t\t\t   <span class=\"yuzo__text--title\" style=\"font-size:13px;\">Vacina\u00e7\u00e3o contra a gripe come\u00e7a nesta segunda (7)...<\/span>\n\t\t\t\t\t\t\t  \n\t\t\t\t\t\t\t  \n\t\t\t\t\t\t\t  <\/a>\n\n\t\t\t\t\t\t  <\/div>\n\t\t\t\t\t\t  <div class=\"relatedthumb \" style=\"width:125px;float:left;overflow:hidden;\">  \n\t\t\t\t\t\t\t  \n\t\t\t\t\t\t\t  <a  href=\"https:\/\/redept.com.br\/blogosfera\/a-corporacao-de-vigilancia-total-mira-tambem-o-brasil\/\"  >\n\t\t\t\t\t\t\t\t\t  <div class=\"yuzo-img-wrap \" style=\"width: 125px;height:90px;\">\n\t\t\t\t\t\t\t\t\t\t\n\t\t\t\t\t\t\t\t\t\t<div class=\"yuzo-img\" style=\"background:url('https:\/\/redept.com.br\/blogosfera\/wp-content\/uploads\/2025\/08\/4972475598303768096-150x150.jpg') 50% 50% no-repeat;width: 125px;height:90px;margin-bottom: 5px;background-size: cover; \"><\/div>\n\t\t\t\t\t\t\t\t\t  <\/div>\n\t\t\t\t\t\t\t\t\t  \n\t\t\t\t\t\t\t\t   <span class=\"yuzo__text--title\" style=\"font-size:13px;\">A corpora\u00e7\u00e3o de vigil\u00e2ncia total mira tamb\u00e9m o Bra...<\/span>\n\t\t\t\t\t\t\t  \n\t\t\t\t\t\t\t  \n\t\t\t\t\t\t\t  <\/a>\n\n\t\t\t\t\t\t  <\/div>\n\t\t\t\t\t\t  <div class=\"relatedthumb \" style=\"width:125px;float:left;overflow:hidden;\">  \n\t\t\t\t\t\t\t  \n\t\t\t\t\t\t\t  <a  href=\"https:\/\/redept.com.br\/blogosfera\/moraes-proibe-acampamentos-e-deputados-do-pl-sao-retirados-da-frente-do-stf\/\"  >\n\t\t\t\t\t\t\t\t\t  <div class=\"yuzo-img-wrap \" style=\"width: 125px;height:90px;\">\n\t\t\t\t\t\t\t\t\t\t\n\t\t\t\t\t\t\t\t\t\t<div class=\"yuzo-img\" style=\"background:url('https:\/\/redept.org\/blogosfera\/wp-content\/plugins\/yuzo-related-post\/assets\/images\/default.png') 50% 50% no-repeat;width: 125px;height:90px;margin-bottom: 5px;background-size: cover; \"><\/div>\n\t\t\t\t\t\t\t\t\t  <\/div>\n\t\t\t\t\t\t\t\t\t  \n\t\t\t\t\t\t\t\t   <span class=\"yuzo__text--title\" style=\"font-size:13px;\">Moraes pro\u00edbe acampamentos e deputados do PL s\u00e3o r...<\/span>\n\t\t\t\t\t\t\t  \n\t\t\t\t\t\t\t  \n\t\t\t\t\t\t\t  <\/a>\n\n\t\t\t\t\t\t  <\/div>\n<\/div> <script>\n\t\t\t\t\t\t  jQuery(document).ready(function( $ ){\n\t\t\t\t\t\t\t\/\/jQuery('.yuzo_related_post').equalizer({ overflow : 'relatedthumb' });\n\t\t\t\t\t\t\tjQuery('.yuzo_related_post .yuzo_wraps').equalizer({ columns : '> div' });\n\t\t\t\t\t\t   })\n\t\t\t\t\t\t  <\/script> <!-- End Yuzo :) -->","protected":false},"excerpt":{"rendered":"<p>Uma associa\u00e7\u00e3o de defesa dos direitos dos consumidores da It\u00e1lia apresentar\u00e1 uma den\u00fancia ao Minist\u00e9rio P\u00fablico de Roma ap\u00f3s o Coliseu, monumento mais frequentado da cidade, ter sido fechado antecipadamente para uma visita privada do presidente dos Estados Unidos, J.D.Vance, e da segunda-dama norte-americana, Usha Vance. O epis\u00f3dio ocorreu no \u00faltimo s\u00e1bado (19\/04) e gerou [&hellip;]<\/p>\n","protected":false},"author":2,"featured_media":0,"comment_status":"closed","ping_status":"closed","sticky":false,"template":"","format":"standard","meta":{"fifu_image_url":"","fifu_image_alt":"","footnotes":""},"categories":[1],"tags":[],"class_list":["post-23100","post","type-post","status-publish","format-standard","hentry","category-uncategorized"],"_links":{"self":[{"href":"https:\/\/redept.com.br\/blogosfera\/wp-json\/wp\/v2\/posts\/23100","targetHints":{"allow":["GET"]}}],"collection":[{"href":"https:\/\/redept.com.br\/blogosfera\/wp-json\/wp\/v2\/posts"}],"about":[{"href":"https:\/\/redept.com.br\/blogosfera\/wp-json\/wp\/v2\/types\/post"}],"author":[{"embeddable":true,"href":"https:\/\/redept.com.br\/blogosfera\/wp-json\/wp\/v2\/users\/2"}],"replies":[{"embeddable":true,"href":"https:\/\/redept.com.br\/blogosfera\/wp-json\/wp\/v2\/comments?post=23100"}],"version-history":[{"count":0,"href":"https:\/\/redept.com.br\/blogosfera\/wp-json\/wp\/v2\/posts\/23100\/revisions"}],"wp:attachment":[{"href":"https:\/\/redept.com.br\/blogosfera\/wp-json\/wp\/v2\/media?parent=23100"}],"wp:term":[{"taxonomy":"category","embeddable":true,"href":"https:\/\/redept.com.br\/blogosfera\/wp-json\/wp\/v2\/categories?post=23100"},{"taxonomy":"post_tag","embeddable":true,"href":"https:\/\/redept.com.br\/blogosfera\/wp-json\/wp\/v2\/tags?post=23100"}],"curies":[{"name":"wp","href":"https:\/\/api.w.org\/{rel}","templated":true}]}}