{"id":23101,"date":"2025-04-20T20:30:36","date_gmt":"2025-04-20T23:30:36","guid":{"rendered":"https:\/\/redept.org\/blogosfera\/em-atrito-com-os-eua-a-china-investe-para-ligar-o-brasil-ao-pacifico\/"},"modified":"2025-04-20T20:30:36","modified_gmt":"2025-04-20T23:30:36","slug":"em-atrito-com-os-eua-a-china-investe-para-ligar-o-brasil-ao-pacifico","status":"publish","type":"post","link":"https:\/\/redept.com.br\/blogosfera\/em-atrito-com-os-eua-a-china-investe-para-ligar-o-brasil-ao-pacifico\/","title":{"rendered":"Em atrito com os EUA, a China investe para ligar o Brasil ao Pac\u00edfico"},"content":{"rendered":"<p>A China est\u00e1 investindo na constru\u00e7\u00e3o de um corredor bioce\u00e2nico para conectar os oceanos Atl\u00e2ntico e Pac\u00edfico, atravessando Argentina, Brasil, Chile e Paraguai. O objetivo \u00e9 facilitar o com\u00e9rcio entre a \u00c1sia e a Am\u00e9rica do Sul, especialmente em meio \u00e0 guerra comercial com os Estados Unidos, liderada por Donald Trump. Esse projeto tem como principais metas a redu\u00e7\u00e3o dos tempos de tr\u00e2nsito e dos custos log\u00edsticos para exporta\u00e7\u00f5es agr\u00edcolas sul-americanas, como soja, carne e gr\u00e3os, evitando as rotas tradicionais de navega\u00e7\u00e3o.<\/p>\n<p>Recentemente, uma delega\u00e7\u00e3o chinesa visitou o Brasil para discutir projetos de infraestrutura, incluindo o Corredor Bioce\u00e2nico. Essa visita est\u00e1 alinhada aos acordos estrat\u00e9gicos firmados entre os presidentes Luiz In\u00e1cio Lula da Silva e Xi Jinping durante a viagem de Estado de Xi ao Brasil no ano anterior. Est\u00e1 previsto que o presidente brasileiro retorne a visita em maio do pr\u00f3ximo ano.<\/p>\n<p>O Canal do Panam\u00e1, que foi inaugurado no in\u00edcio do s\u00e9culo passado, serve como uma importante rota para o com\u00e9rcio mar\u00edtimo internacional, oferecendo uma alternativa para encurtar dist\u00e2ncias. Com seus 77,1 quil\u00f4metros, a travessia pelo canal toma entre 20 e 30 horas. As rotas alternativas incluem contornar o continente, passando pelas pontas meridionais da \u00c1frica e da Am\u00e9rica do Sul ou usar o Canal de Suez.<\/p>\n<p>A crescente influ\u00eancia da China sobre esta infraestrutura estrat\u00e9gica \u00e9 vista com preocupa\u00e7\u00e3o pelos Estados Unidos, que a consideram um risco \u00e0 seguran\u00e7a. O fortalecimento da influ\u00eancia americana na regi\u00e3o \u00e9 uma vit\u00f3ria diplom\u00e1tica para Washington, especialmente considerando a import\u00e2ncia do Canal do Panam\u00e1 no com\u00e9rcio mundial. A conclus\u00e3o do Corredor Bioce\u00e2nico pode alterar din\u00e2micas comerciais e geopol\u00edticas na Am\u00e9rica do Sul.<br \/>\nDesde 2017, a China tem intensificado seus investimentos no Panam\u00e1, especialmente em infraestrutura portu\u00e1ria e log\u00edstica, visando facilitar seu com\u00e9rcio. Como o segundo maior usu\u00e1rio do Canal do Panam\u00e1, atr\u00e1s dos EUA, a China buscava criar condi\u00e7\u00f5es comerciais mais vantajosas. O Corredor Bioce\u00e2nico surge agora como uma alternativa ao canal, permitindo que Pequim mantenha sua influ\u00eancia crescente na Am\u00e9rica Latina, uma regi\u00e3o historicamente dominada pelos EUA.<\/p>\n<p>O governo brasileiro, por meio do Minist\u00e9rio do Planejamento e Or\u00e7amento, est\u00e1 desenvolvendo as cinco rotas de Integra\u00e7\u00e3o e Desenvolvimento Sul-Americano, parte de uma agenda de integra\u00e7\u00e3o regional. Essas rotas foram delineadas ap\u00f3s consultas com os 11 estados brasileiros que fazem fronteira com os pa\u00edses sul-americanos e t\u00eam o objetivo de promover o com\u00e9rcio entre o Brasil e seus vizinhos, al\u00e9m de reduzir o tempo e o custo do transporte de mercadorias para a \u00c1sia.<\/p>\n<p>As rotas de integra\u00e7\u00e3o incluem 190 obras j\u00e1 integrantes do PAC, garantindo assim recursos or\u00e7ament\u00e1rios. O Banco Nacional de Desenvolvimento Econ\u00f4mico e Social (BNDES) investiu US$ 3 bilh\u00f5es, enquanto institui\u00e7\u00f5es regionais, como o Banco Interamericano de Desenvolvimento (BID) e o Banco de Desenvolvimento da Am\u00e9rica Latina e Caribe (CAF), contribu\u00edram com mais US$ 7 bilh\u00f5es. Para completar os projetos de log\u00edstica, investimentos adicionais ser\u00e3o necess\u00e1rios, abrindo espa\u00e7o para a participa\u00e7\u00e3o chinesa.<\/p>\n<p>O governo brasileiro estima que as rotas estejam operacionalizadas entre 2025 e 2027, o que poder\u00e1 transformar a din\u00e2mica do com\u00e9rcio regional e facilitar a conex\u00e3o entre o Brasil, seus vizinhos e a \u00c1sia, al\u00e9m de potencialmente alterar a influ\u00eancia chinesa na Am\u00e9rica Latina. Com Metr\u00f3poles.<\/p>\n<p>Veja detalhes:<\/p>\n<p><imgsrc=\"\" data-recalc-dims=\"1\"><\/p>\n<p>\u00a0<\/p>\n<p>The post <a href=\"https:\/\/antropofagista.com.br\/2025\/04\/20\/em-atrito-com-os-eua-a-china-investe-para-ligar-o-brasil-ao-pacifico\/\">Em atrito com os EUA, a China investe para ligar o Brasil ao Pac\u00edfico<\/a> first appeared on <a href=\"https:\/\/antropofagista.com.br\/\">Antropofagista<\/a>.<\/p>\n<!-- Begin Yuzo --><div class='yuzo_related_post style-1'  data-version='5.12.89'><!-- without result --><div class='yuzo_clearfixed yuzo__title yuzo__title'><h3>Related Post<\/h3><\/div>\n\t\t\t\t\t\t  <div class=\"relatedthumb \" style=\"width:125px;float:left;overflow:hidden;\">  \n\t\t\t\t\t\t\t  \n\t\t\t\t\t\t\t  <a  href=\"https:\/\/sul21.com.br\/opiniao\/2025\/10\/as-mais-afetadas-as-menos-ouvidas-por-que-mulheres-negras-precisam-liderar-a-agenda-climatica-por-rarea-porto\/\"  >\n\t\t\t\t\t\t\t\t\t  <div class=\"yuzo-img-wrap \" style=\"width: 125px;height:90px;\">\n\t\t\t\t\t\t\t\t\t\t\n\t\t\t\t\t\t\t\t\t\t<div class=\"yuzo-img\" style=\"background:url('https:\/\/redept.org\/blogosfera\/wp-content\/plugins\/yuzo-related-post\/assets\/images\/default.png') 50% 50% no-repeat;width: 125px;height:90px;margin-bottom: 5px;background-size: cover; \"><\/div>\n\t\t\t\t\t\t\t\t\t  <\/div>\n\t\t\t\t\t\t\t\t\t  \n\t\t\t\t\t\t\t\t   <span class=\"yuzo__text--title\" style=\"font-size:13px;\">As mais afetadas, as menos ouvidas: por que mulher...<\/span>\n\t\t\t\t\t\t\t  \n\t\t\t\t\t\t\t  \n\t\t\t\t\t\t\t  <\/a>\n\n\t\t\t\t\t\t  <\/div>\n\t\t\t\t\t\t  <div class=\"relatedthumb \" style=\"width:125px;float:left;overflow:hidden;\">  \n\t\t\t\t\t\t\t  \n\t\t\t\t\t\t\t  <a  href=\"https:\/\/redept.com.br\/blogosfera\/brasil-esta-perto-de-atingir-meta-de-80-das-criancas-alfabetizadas\/\"  >\n\t\t\t\t\t\t\t\t\t  <div class=\"yuzo-img-wrap \" style=\"width: 125px;height:90px;\">\n\t\t\t\t\t\t\t\t\t\t\n\t\t\t\t\t\t\t\t\t\t<div class=\"yuzo-img\" style=\"background:url('https:\/\/redept.org\/blogosfera\/wp-content\/plugins\/yuzo-related-post\/assets\/images\/default.png') 50% 50% no-repeat;width: 125px;height:90px;margin-bottom: 5px;background-size: cover; \"><\/div>\n\t\t\t\t\t\t\t\t\t  <\/div>\n\t\t\t\t\t\t\t\t\t  \n\t\t\t\t\t\t\t\t   <span class=\"yuzo__text--title\" style=\"font-size:13px;\">Brasil est\u00e1 perto de atingir meta de 80% das crian...<\/span>\n\t\t\t\t\t\t\t  \n\t\t\t\t\t\t\t  \n\t\t\t\t\t\t\t  <\/a>\n\n\t\t\t\t\t\t  <\/div>\n\t\t\t\t\t\t  <div class=\"relatedthumb \" style=\"width:125px;float:left;overflow:hidden;\">  \n\t\t\t\t\t\t\t  \n\t\t\t\t\t\t\t  <a  href=\"https:\/\/redept.com.br\/blogosfera\/100-anos-de-clara-charf-uma-vida-em-defesa-da-democracia\/\"  >\n\t\t\t\t\t\t\t\t\t  <div class=\"yuzo-img-wrap \" style=\"width: 125px;height:90px;\">\n\t\t\t\t\t\t\t\t\t\t\n\t\t\t\t\t\t\t\t\t\t<div class=\"yuzo-img\" style=\"background:url('https:\/\/redept.org\/blogosfera\/wp-content\/plugins\/yuzo-related-post\/assets\/images\/default.png') 50% 50% no-repeat;width: 125px;height:90px;margin-bottom: 5px;background-size: cover; \"><\/div>\n\t\t\t\t\t\t\t\t\t  <\/div>\n\t\t\t\t\t\t\t\t\t  \n\t\t\t\t\t\t\t\t   <span class=\"yuzo__text--title\" style=\"font-size:13px;\">100 anos de Clara Charf: Uma vida em defesa da dem...<\/span>\n\t\t\t\t\t\t\t  \n\t\t\t\t\t\t\t  \n\t\t\t\t\t\t\t  <\/a>\n\n\t\t\t\t\t\t  <\/div>\n\t\t\t\t\t\t  <div class=\"relatedthumb \" style=\"width:125px;float:left;overflow:hidden;\">  \n\t\t\t\t\t\t\t  \n\t\t\t\t\t\t\t  <a  href=\"https:\/\/redept.com.br\/blogosfera\/trump-difama-harvard-e-universidade-aciona-a-justica-por-verbas-cortadas\/\"  >\n\t\t\t\t\t\t\t\t\t  <div class=\"yuzo-img-wrap \" style=\"width: 125px;height:90px;\">\n\t\t\t\t\t\t\t\t\t\t\n\t\t\t\t\t\t\t\t\t\t<div class=\"yuzo-img\" style=\"background:url('https:\/\/redept.org\/blogosfera\/wp-content\/plugins\/yuzo-related-post\/assets\/images\/default.png') 50% 50% no-repeat;width: 125px;height:90px;margin-bottom: 5px;background-size: cover; \"><\/div>\n\t\t\t\t\t\t\t\t\t  <\/div>\n\t\t\t\t\t\t\t\t\t  \n\t\t\t\t\t\t\t\t   <span class=\"yuzo__text--title\" style=\"font-size:13px;\">Trump difama Harvard e universidade aciona a Justi...<\/span>\n\t\t\t\t\t\t\t  \n\t\t\t\t\t\t\t  \n\t\t\t\t\t\t\t  <\/a>\n\n\t\t\t\t\t\t  <\/div>\n<\/div> <script>\n\t\t\t\t\t\t  jQuery(document).ready(function( $ ){\n\t\t\t\t\t\t\t\/\/jQuery('.yuzo_related_post').equalizer({ overflow : 'relatedthumb' });\n\t\t\t\t\t\t\tjQuery('.yuzo_related_post .yuzo_wraps').equalizer({ columns : '> div' });\n\t\t\t\t\t\t   })\n\t\t\t\t\t\t  <\/script> <!-- End Yuzo :) -->","protected":false},"excerpt":{"rendered":"<p>A China est\u00e1 investindo na constru\u00e7\u00e3o de um corredor bioce\u00e2nico para conectar os oceanos Atl\u00e2ntico e Pac\u00edfico, atravessando Argentina, Brasil, Chile e Paraguai. O objetivo \u00e9 facilitar o com\u00e9rcio entre a \u00c1sia e a Am\u00e9rica do Sul, especialmente em meio \u00e0 guerra comercial com os Estados Unidos, liderada por Donald Trump. Esse projeto tem como [&hellip;]<\/p>\n","protected":false},"author":2,"featured_media":0,"comment_status":"open","ping_status":"closed","sticky":false,"template":"","format":"standard","meta":{"fifu_image_url":"","fifu_image_alt":"","footnotes":""},"categories":[1],"tags":[],"class_list":["post-23101","post","type-post","status-publish","format-standard","hentry","category-uncategorized"],"_links":{"self":[{"href":"https:\/\/redept.com.br\/blogosfera\/wp-json\/wp\/v2\/posts\/23101","targetHints":{"allow":["GET"]}}],"collection":[{"href":"https:\/\/redept.com.br\/blogosfera\/wp-json\/wp\/v2\/posts"}],"about":[{"href":"https:\/\/redept.com.br\/blogosfera\/wp-json\/wp\/v2\/types\/post"}],"author":[{"embeddable":true,"href":"https:\/\/redept.com.br\/blogosfera\/wp-json\/wp\/v2\/users\/2"}],"replies":[{"embeddable":true,"href":"https:\/\/redept.com.br\/blogosfera\/wp-json\/wp\/v2\/comments?post=23101"}],"version-history":[{"count":0,"href":"https:\/\/redept.com.br\/blogosfera\/wp-json\/wp\/v2\/posts\/23101\/revisions"}],"wp:attachment":[{"href":"https:\/\/redept.com.br\/blogosfera\/wp-json\/wp\/v2\/media?parent=23101"}],"wp:term":[{"taxonomy":"category","embeddable":true,"href":"https:\/\/redept.com.br\/blogosfera\/wp-json\/wp\/v2\/categories?post=23101"},{"taxonomy":"post_tag","embeddable":true,"href":"https:\/\/redept.com.br\/blogosfera\/wp-json\/wp\/v2\/tags?post=23101"}],"curies":[{"name":"wp","href":"https:\/\/api.w.org\/{rel}","templated":true}]}}