{"id":23102,"date":"2025-04-20T22:32:22","date_gmt":"2025-04-21T01:32:22","guid":{"rendered":"https:\/\/redept.org\/blogosfera\/com-lula-desigualdade-teve-queda-recorde-e-nao-foi-em-funcao-do-bolsa-familia\/"},"modified":"2025-04-20T22:32:22","modified_gmt":"2025-04-21T01:32:22","slug":"com-lula-desigualdade-teve-queda-recorde-e-nao-foi-em-funcao-do-bolsa-familia","status":"publish","type":"post","link":"https:\/\/redept.com.br\/blogosfera\/com-lula-desigualdade-teve-queda-recorde-e-nao-foi-em-funcao-do-bolsa-familia\/","title":{"rendered":"Com Lula, desigualdade teve queda recorde e n\u00e3o foi em fun\u00e7\u00e3o do Bolsa Fam\u00edlia"},"content":{"rendered":"<p>Dados da FGV mostram que aumento da renda dos mais pobres superou a dos mais ricos.<\/p>\n<p>A renda do trabalho da popula\u00e7\u00e3o mais pobre do Brasil cresceu 10,7% em 2024, quase o dobro do avan\u00e7o observado entre os 10% mais ricos (6,7%), informa a Ag\u00eancia Gov.<\/p>\n<p>O dado integra estudo divulgado pela FGV Social, com base na Pesquisa Nacional por Amostra de Domic\u00edlios Cont\u00ednua (Pnad Cont\u00ednua), e aponta para a maior redu\u00e7\u00e3o da desigualdade de renda registrada no pa\u00eds em anos recentes.<\/p>\n<p><strong>A m\u00e9dia de crescimento da renda do trabalho foi de 7,1% no ano.<\/strong><\/p>\n<p>\u201cTivemos uma redu\u00e7\u00e3o muito forte da desigualdade em 2024. E tudo isso est\u00e1 mais forte em termos de renda do trabalho do que em rela\u00e7\u00e3o a outros componentes de renda\u201d, afirmou Marcelo Neri, pesquisador da FGV e respons\u00e1vel pelo estudo.<\/p>\n<p>Neri destaca o papel da Regra de Prote\u00e7\u00e3o do Bolsa Fam\u00edlia, que permite a manuten\u00e7\u00e3o do benef\u00edcio por quem consegue emprego com carteira assinada. \u201cO mecanismo criou um colch\u00e3o de seguran\u00e7a para que benefici\u00e1rios n\u00e3o perdessem o apoio ao ingressar no mercado formal, garantindo que o crescimento fosse mais forte justamente na base da pir\u00e2mide, e no momento chave\u201d, analisou.<\/p>\n<p>O ministro do Desenvolvimento Social, Wellington Dias, tamb\u00e9m destacou a import\u00e2ncia da medida: \u201cA Regra de Prote\u00e7\u00e3o do Bolsa Fam\u00edlia \u00e9 um instrumento essencial para garantir que os benefici\u00e1rios possam buscar novas oportunidades no mercado de trabalho sem perder o apoio do governo\u201d.<\/p>\n<p>Al\u00e9m disso, o Brasil registrou a menor m\u00e9dia anual de desemprego da hist\u00f3ria: 6,6%. Segundo o MDS, 75,5% das vagas formais em 2024 foram ocupadas por benefici\u00e1rios do Bolsa Fam\u00edlia, e 98,8% por pessoas do Cadastro \u00danico. Com Forum.<\/p>\n<p>The post <a href=\"https:\/\/antropofagista.com.br\/2025\/04\/20\/com-lula-desigualdade-teve-queda-recorde-e-nao-foi-em-funcao-do-bolsa-familia\/\">Com Lula, desigualdade teve queda recorde e n\u00e3o foi em fun\u00e7\u00e3o do Bolsa Fam\u00edlia<\/a> first appeared on <a href=\"https:\/\/antropofagista.com.br\/\">Antropofagista<\/a>.<\/p>\n<!-- Begin Yuzo --><div class='yuzo_related_post style-1'  data-version='5.12.89'><!-- without result --><div class='yuzo_clearfixed yuzo__title yuzo__title'><h3>Related Post<\/h3><\/div>\n\t\t\t\t\t\t  <div class=\"relatedthumb \" style=\"width:125px;float:left;overflow:hidden;\">  \n\t\t\t\t\t\t\t  \n\t\t\t\t\t\t\t  <a  href=\"https:\/\/sul21.com.br\/noticias\/meio-ambiente\/2025\/11\/justica-inglesa-condena-mineradora-bhp-por-rompimento-de-barragem-em-mariana\/\"  >\n\t\t\t\t\t\t\t\t\t  <div class=\"yuzo-img-wrap \" style=\"width: 125px;height:90px;\">\n\t\t\t\t\t\t\t\t\t\t\n\t\t\t\t\t\t\t\t\t\t<div class=\"yuzo-img\" style=\"background:url('https:\/\/redept.org\/blogosfera\/wp-content\/plugins\/yuzo-related-post\/assets\/images\/default.png') 50% 50% no-repeat;width: 125px;height:90px;margin-bottom: 5px;background-size: cover; \"><\/div>\n\t\t\t\t\t\t\t\t\t  <\/div>\n\t\t\t\t\t\t\t\t\t  \n\t\t\t\t\t\t\t\t   <span class=\"yuzo__text--title\" style=\"font-size:13px;\">Justi\u00e7a inglesa condena mineradora BHP por rompime...<\/span>\n\t\t\t\t\t\t\t  \n\t\t\t\t\t\t\t  \n\t\t\t\t\t\t\t  <\/a>\n\n\t\t\t\t\t\t  <\/div>\n\t\t\t\t\t\t  <div class=\"relatedthumb \" style=\"width:125px;float:left;overflow:hidden;\">  \n\t\t\t\t\t\t\t  \n\t\t\t\t\t\t\t  <a  href=\"https:\/\/redept.com.br\/blogosfera\/corrosivo-escandalo-epstein-e-obstaculo-para-donald-trump-manter-maioria-parlamentar-nos-eua\/\"  >\n\t\t\t\t\t\t\t\t\t  <div class=\"yuzo-img-wrap \" style=\"width: 125px;height:90px;\">\n\t\t\t\t\t\t\t\t\t\t\n\t\t\t\t\t\t\t\t\t\t<div class=\"yuzo-img\" style=\"background:url('https:\/\/redept.org\/blogosfera\/wp-content\/plugins\/yuzo-related-post\/assets\/images\/default.png') 50% 50% no-repeat;width: 125px;height:90px;margin-bottom: 5px;background-size: cover; \"><\/div>\n\t\t\t\t\t\t\t\t\t  <\/div>\n\t\t\t\t\t\t\t\t\t  \n\t\t\t\t\t\t\t\t   <span class=\"yuzo__text--title\" style=\"font-size:13px;\">Corrosivo, esc\u00e2ndalo Epstein \u00e9 obst\u00e1culo para Dona...<\/span>\n\t\t\t\t\t\t\t  \n\t\t\t\t\t\t\t  \n\t\t\t\t\t\t\t  <\/a>\n\n\t\t\t\t\t\t  <\/div>\n\t\t\t\t\t\t  <div class=\"relatedthumb \" style=\"width:125px;float:left;overflow:hidden;\">  \n\t\t\t\t\t\t\t  \n\t\t\t\t\t\t\t  <a  href=\"https:\/\/redept.com.br\/blogosfera\/mst-pr-anuncia-3a-jornada-da-natureza-com-acoes-massivas-de-reflorestamento-da-mata-atlantica\/\"  >\n\t\t\t\t\t\t\t\t\t  <div class=\"yuzo-img-wrap \" style=\"width: 125px;height:90px;\">\n\t\t\t\t\t\t\t\t\t\t\n\t\t\t\t\t\t\t\t\t\t<div class=\"yuzo-img\" style=\"background:url('https:\/\/redept.com.br\/blogosfera\/wp-content\/uploads\/2025\/05\/image_processing20240606-948032-xqudou-150x150.webp') 50% 50% no-repeat;width: 125px;height:90px;margin-bottom: 5px;background-size: cover; \"><\/div>\n\t\t\t\t\t\t\t\t\t  <\/div>\n\t\t\t\t\t\t\t\t\t  \n\t\t\t\t\t\t\t\t   <span class=\"yuzo__text--title\" style=\"font-size:13px;\">MST-PR anuncia 3\u00aa Jornada da Natureza com a\u00e7\u00f5es ma...<\/span>\n\t\t\t\t\t\t\t  \n\t\t\t\t\t\t\t  \n\t\t\t\t\t\t\t  <\/a>\n\n\t\t\t\t\t\t  <\/div>\n\t\t\t\t\t\t  <div class=\"relatedthumb \" style=\"width:125px;float:left;overflow:hidden;\">  \n\t\t\t\t\t\t\t  \n\t\t\t\t\t\t\t  <a  href=\"https:\/\/redept.com.br\/blogosfera\/o-agente-secreto-marca-o-festival-de-cinema-de-brasilia-conectando-passado-e-presente\/\"  >\n\t\t\t\t\t\t\t\t\t  <div class=\"yuzo-img-wrap \" style=\"width: 125px;height:90px;\">\n\t\t\t\t\t\t\t\t\t\t\n\t\t\t\t\t\t\t\t\t\t<div class=\"yuzo-img\" style=\"background:url('https:\/\/redept.com.br\/blogosfera\/wp-content\/uploads\/2025\/09\/WhatsApp-Image-2025-09-13-at-223248-150x150.jpeg') 50% 50% no-repeat;width: 125px;height:90px;margin-bottom: 5px;background-size: cover; \"><\/div>\n\t\t\t\t\t\t\t\t\t  <\/div>\n\t\t\t\t\t\t\t\t\t  \n\t\t\t\t\t\t\t\t   <span class=\"yuzo__text--title\" style=\"font-size:13px;\">\u2018O Agente Secreto\u2019 marca o Festival de Cinema de B...<\/span>\n\t\t\t\t\t\t\t  \n\t\t\t\t\t\t\t  \n\t\t\t\t\t\t\t  <\/a>\n\n\t\t\t\t\t\t  <\/div>\n<\/div> <script>\n\t\t\t\t\t\t  jQuery(document).ready(function( $ ){\n\t\t\t\t\t\t\t\/\/jQuery('.yuzo_related_post').equalizer({ overflow : 'relatedthumb' });\n\t\t\t\t\t\t\tjQuery('.yuzo_related_post .yuzo_wraps').equalizer({ columns : '> div' });\n\t\t\t\t\t\t   })\n\t\t\t\t\t\t  <\/script> <!-- End Yuzo :) -->","protected":false},"excerpt":{"rendered":"<p>Dados da FGV mostram que aumento da renda dos mais pobres superou a dos mais ricos. A renda do trabalho da popula\u00e7\u00e3o mais pobre do Brasil cresceu 10,7% em 2024, quase o dobro do avan\u00e7o observado entre os 10% mais ricos (6,7%), informa a Ag\u00eancia Gov. O dado integra estudo divulgado pela FGV Social, com [&hellip;]<\/p>\n","protected":false},"author":2,"featured_media":0,"comment_status":"open","ping_status":"closed","sticky":false,"template":"","format":"standard","meta":{"fifu_image_url":"","fifu_image_alt":"","footnotes":""},"categories":[1],"tags":[],"class_list":["post-23102","post","type-post","status-publish","format-standard","hentry","category-uncategorized"],"_links":{"self":[{"href":"https:\/\/redept.com.br\/blogosfera\/wp-json\/wp\/v2\/posts\/23102","targetHints":{"allow":["GET"]}}],"collection":[{"href":"https:\/\/redept.com.br\/blogosfera\/wp-json\/wp\/v2\/posts"}],"about":[{"href":"https:\/\/redept.com.br\/blogosfera\/wp-json\/wp\/v2\/types\/post"}],"author":[{"embeddable":true,"href":"https:\/\/redept.com.br\/blogosfera\/wp-json\/wp\/v2\/users\/2"}],"replies":[{"embeddable":true,"href":"https:\/\/redept.com.br\/blogosfera\/wp-json\/wp\/v2\/comments?post=23102"}],"version-history":[{"count":0,"href":"https:\/\/redept.com.br\/blogosfera\/wp-json\/wp\/v2\/posts\/23102\/revisions"}],"wp:attachment":[{"href":"https:\/\/redept.com.br\/blogosfera\/wp-json\/wp\/v2\/media?parent=23102"}],"wp:term":[{"taxonomy":"category","embeddable":true,"href":"https:\/\/redept.com.br\/blogosfera\/wp-json\/wp\/v2\/categories?post=23102"},{"taxonomy":"post_tag","embeddable":true,"href":"https:\/\/redept.com.br\/blogosfera\/wp-json\/wp\/v2\/tags?post=23102"}],"curies":[{"name":"wp","href":"https:\/\/api.w.org\/{rel}","templated":true}]}}