{"id":23103,"date":"2025-04-20T10:09:11","date_gmt":"2025-04-20T13:09:11","guid":{"rendered":"https:\/\/redept.org\/blogosfera\/quatro-unidades-de-saude-estarao-abertas-no-feriado-de-tiradentes\/"},"modified":"2025-04-20T10:09:11","modified_gmt":"2025-04-20T13:09:11","slug":"quatro-unidades-de-saude-estarao-abertas-no-feriado-de-tiradentes","status":"publish","type":"post","link":"https:\/\/redept.com.br\/blogosfera\/quatro-unidades-de-saude-estarao-abertas-no-feriado-de-tiradentes\/","title":{"rendered":"Quatro unidades de sa\u00fade estar\u00e3o abertas no feriado de Tiradentes"},"content":{"rendered":"<section>\n<div>\n<p>A Secretaria Municipal de Sa\u00fade (SMS) manter\u00e1 quatro unidades de sa\u00fade abertas para atender sintom\u00e1ticos de dengue na segunda-feira (21), das 9h \u00e0s 14h. Os servi\u00e7os abertos s\u00e3o Unidade de Sa\u00fade Passo das Pedras 1 (avenida Gomes de Carvalho, 510, bairro Passo das Pedras), US Morro Santana (rua Marieta Menna Barreto, 210, bairro Prot\u00e1sio Alves), US Primeiro de Maio (avenida Professor Oscar Pereira, 6199, bairro Cascata) e Cl\u00ednica da Fam\u00edlia Jos\u00e9 Mauro Ceratti Lopes (estrada Jo\u00e3o Ant\u00f4nio da Silveira, 3330, bairro Restinga).<\/p>\n<p>Al\u00e9m disso, estar\u00e3o abertos 24h os prontos atendimentos, os Centros de Aten\u00e7\u00e3o Psicossocial \u00c1lcool e Drogas (CAPS AD), os Servi\u00e7os de Residenciais Terap\u00eauticos e os hospitais do munic\u00edpio (HPS e Hospital Materno-Infantil Presidente Vargas).<br \/>\nO Servi\u00e7o de Atendimento M\u00f3vel de Urg\u00eancia (Samu) pode ser acionado pelo telefone 192. A Equipe de Regula\u00e7\u00e3o Hospitalar e o plant\u00e3o de notifica\u00e7\u00e3o epidemiol\u00f3gica seguem funcionando. As demais unidades de sa\u00fade e farm\u00e1cias distritais n\u00e3o funcionam nesta Sexta-feira Santa, 18, retomando o atendimento na ter\u00e7a-feira, 22.<\/p>\n<p><strong>Prontos atendimentos e hospitais que funcionam 24 horas, inclusive nos feriados:<\/strong><br \/>\n\u2013 PA Cruzeiro do Sul (rua Professor Manoel Lobato, 151, Santa Tereza)<br \/>\n\u2013 PA Bom Jesus (rua Bom Jesus, 410, Bom Jesus)<br \/>\n\u2013 PA Lomba do Pinheiro (estrada Jo\u00e3o de Oliveira Remi\u00e3o, 5120, parada 12, Lomba do Pinheiro)<br \/>\n\u2013 PA de Sa\u00fade Mental IAPI (rua Valentim Vicentini, s\/n\u00ba )<br \/>\n\u2013 UPA Zona Norte Moacyr Scliar (rua Jer\u00f4nimo Velmonovitz, esquina com avenida Assis Brasil)<br \/>\n\u2013 Hospital de Pronto Socorro (Largo Teodoro Herzl, s\/n\u00ba, bairro Bom Fim)<br \/>\n\u2013 Hospital Materno Infantil Presidente Vargas \u2013 emerg\u00eancias obst\u00e9trica e pedi\u00e1trica (avenida Independ\u00eancia, 661)<\/p>\n<\/p><\/div>\n<\/section>\n<p>O post <a href=\"https:\/\/sul21.com.br\/noticias\/saude\/2025\/04\/quatro-unidades-de-saude-estarao-abertas-no-feriado-de-tiradentes\/\">Quatro unidades de sa\u00fade estar\u00e3o abertas no feriado de Tiradentes<\/a> apareceu primeiro em <a href=\"https:\/\/sul21.com.br\/\">Sul 21<\/a>.<\/p>\n<!-- Begin Yuzo --><div class='yuzo_related_post style-1'  data-version='5.12.89'><!-- without result --><div class='yuzo_clearfixed yuzo__title yuzo__title'><h3>Related Post<\/h3><\/div>\n\t\t\t\t\t\t  <div class=\"relatedthumb \" style=\"width:125px;float:left;overflow:hidden;\">  \n\t\t\t\t\t\t\t  \n\t\t\t\t\t\t\t  <a  href=\"https:\/\/redept.com.br\/blogosfera\/representante-de-terreiro-diz-ter-sofrido-racismo-religioso-no-aeroporto-de-fortaleza\/\"  >\n\t\t\t\t\t\t\t\t\t  <div class=\"yuzo-img-wrap \" style=\"width: 125px;height:90px;\">\n\t\t\t\t\t\t\t\t\t\t\n\t\t\t\t\t\t\t\t\t\t<div class=\"yuzo-img\" style=\"background:url('https:\/\/redept.org\/blogosfera\/wp-content\/plugins\/yuzo-related-post\/assets\/images\/default.png') 50% 50% no-repeat;width: 125px;height:90px;margin-bottom: 5px;background-size: cover; \"><\/div>\n\t\t\t\t\t\t\t\t\t  <\/div>\n\t\t\t\t\t\t\t\t\t  \n\t\t\t\t\t\t\t\t   <span class=\"yuzo__text--title\" style=\"font-size:13px;\">Representante de terreiro diz ter sofrido racismo ...<\/span>\n\t\t\t\t\t\t\t  \n\t\t\t\t\t\t\t  \n\t\t\t\t\t\t\t  <\/a>\n\n\t\t\t\t\t\t  <\/div>\n\t\t\t\t\t\t  <div class=\"relatedthumb \" style=\"width:125px;float:left;overflow:hidden;\">  \n\t\t\t\t\t\t\t  \n\t\t\t\t\t\t\t  <a  href=\"https:\/\/redept.com.br\/blogosfera\/resultado-da-mega-sena-2871\/\"  >\n\t\t\t\t\t\t\t\t\t  <div class=\"yuzo-img-wrap \" style=\"width: 125px;height:90px;\">\n\t\t\t\t\t\t\t\t\t\t\n\t\t\t\t\t\t\t\t\t\t<div class=\"yuzo-img\" style=\"background:url('https:\/\/redept.com.br\/blogosfera\/wp-content\/uploads\/2025\/06\/Mega-Sena-novamente-sem-ganhador-premio-sobe-para-R-55-milhoes--150x150.jpg') 50% 50% no-repeat;width: 125px;height:90px;margin-bottom: 5px;background-size: cover; \"><\/div>\n\t\t\t\t\t\t\t\t\t  <\/div>\n\t\t\t\t\t\t\t\t\t  \n\t\t\t\t\t\t\t\t   <span class=\"yuzo__text--title\" style=\"font-size:13px;\">Resultado da Mega Sena 2871<\/span>\n\t\t\t\t\t\t\t  \n\t\t\t\t\t\t\t  \n\t\t\t\t\t\t\t  <\/a>\n\n\t\t\t\t\t\t  <\/div>\n\t\t\t\t\t\t  <div class=\"relatedthumb \" style=\"width:125px;float:left;overflow:hidden;\">  \n\t\t\t\t\t\t\t  \n\t\t\t\t\t\t\t  <a  href=\"https:\/\/redept.com.br\/blogosfera\/papa-leao-14-renova-a-esperanca-e-sinaliza-continuidade-do-legado-de-francisco-acredita-bispo\/\"  >\n\t\t\t\t\t\t\t\t\t  <div class=\"yuzo-img-wrap \" style=\"width: 125px;height:90px;\">\n\t\t\t\t\t\t\t\t\t\t\n\t\t\t\t\t\t\t\t\t\t<div class=\"yuzo-img\" style=\"background:url('https:\/\/redept.org\/blogosfera\/wp-content\/plugins\/yuzo-related-post\/assets\/images\/default.png') 50% 50% no-repeat;width: 125px;height:90px;margin-bottom: 5px;background-size: cover; \"><\/div>\n\t\t\t\t\t\t\t\t\t  <\/div>\n\t\t\t\t\t\t\t\t\t  \n\t\t\t\t\t\t\t\t   <span class=\"yuzo__text--title\" style=\"font-size:13px;\">Papa Le\u00e3o 14 \u2018renova a esperan\u00e7a\u2019 e sinaliza conti...<\/span>\n\t\t\t\t\t\t\t  \n\t\t\t\t\t\t\t  \n\t\t\t\t\t\t\t  <\/a>\n\n\t\t\t\t\t\t  <\/div>\n\t\t\t\t\t\t  <div class=\"relatedthumb \" style=\"width:125px;float:left;overflow:hidden;\">  \n\t\t\t\t\t\t\t  \n\t\t\t\t\t\t\t  <a  href=\"https:\/\/redept.com.br\/blogosfera\/temporada-final-de-round-6-esconde-subtrama-anti-coreia-do-norte\/\"  >\n\t\t\t\t\t\t\t\t\t  <div class=\"yuzo-img-wrap \" style=\"width: 125px;height:90px;\">\n\t\t\t\t\t\t\t\t\t\t\n\t\t\t\t\t\t\t\t\t\t<div class=\"yuzo-img\" style=\"background:url('https:\/\/redept.com.br\/blogosfera\/wp-content\/uploads\/2025\/07\/no-eul-150x150.jpg') 50% 50% no-repeat;width: 125px;height:90px;margin-bottom: 5px;background-size: cover; \"><\/div>\n\t\t\t\t\t\t\t\t\t  <\/div>\n\t\t\t\t\t\t\t\t\t  \n\t\t\t\t\t\t\t\t   <span class=\"yuzo__text--title\" style=\"font-size:13px;\">Temporada final de Round 6 esconde subtrama anti C...<\/span>\n\t\t\t\t\t\t\t  \n\t\t\t\t\t\t\t  \n\t\t\t\t\t\t\t  <\/a>\n\n\t\t\t\t\t\t  <\/div>\n<\/div> <script>\n\t\t\t\t\t\t  jQuery(document).ready(function( $ ){\n\t\t\t\t\t\t\t\/\/jQuery('.yuzo_related_post').equalizer({ overflow : 'relatedthumb' });\n\t\t\t\t\t\t\tjQuery('.yuzo_related_post .yuzo_wraps').equalizer({ columns : '> div' });\n\t\t\t\t\t\t   })\n\t\t\t\t\t\t  <\/script> <!-- End Yuzo :) -->","protected":false},"excerpt":{"rendered":"<p>A Secretaria Municipal de Sa\u00fade (SMS) manter\u00e1 quatro unidades de sa\u00fade abertas para atender sintom\u00e1ticos de dengue na segunda-feira (21), das 9h \u00e0s 14h. Os servi\u00e7os abertos s\u00e3o Unidade de Sa\u00fade Passo das Pedras 1 (avenida Gomes de Carvalho, 510, bairro Passo das Pedras), US Morro Santana (rua Marieta Menna Barreto, 210, bairro Prot\u00e1sio Alves), [&hellip;]<\/p>\n","protected":false},"author":2,"featured_media":0,"comment_status":"closed","ping_status":"closed","sticky":false,"template":"","format":"standard","meta":{"fifu_image_url":"","fifu_image_alt":"","footnotes":""},"categories":[1],"tags":[],"class_list":["post-23103","post","type-post","status-publish","format-standard","hentry","category-uncategorized"],"_links":{"self":[{"href":"https:\/\/redept.com.br\/blogosfera\/wp-json\/wp\/v2\/posts\/23103","targetHints":{"allow":["GET"]}}],"collection":[{"href":"https:\/\/redept.com.br\/blogosfera\/wp-json\/wp\/v2\/posts"}],"about":[{"href":"https:\/\/redept.com.br\/blogosfera\/wp-json\/wp\/v2\/types\/post"}],"author":[{"embeddable":true,"href":"https:\/\/redept.com.br\/blogosfera\/wp-json\/wp\/v2\/users\/2"}],"replies":[{"embeddable":true,"href":"https:\/\/redept.com.br\/blogosfera\/wp-json\/wp\/v2\/comments?post=23103"}],"version-history":[{"count":0,"href":"https:\/\/redept.com.br\/blogosfera\/wp-json\/wp\/v2\/posts\/23103\/revisions"}],"wp:attachment":[{"href":"https:\/\/redept.com.br\/blogosfera\/wp-json\/wp\/v2\/media?parent=23103"}],"wp:term":[{"taxonomy":"category","embeddable":true,"href":"https:\/\/redept.com.br\/blogosfera\/wp-json\/wp\/v2\/categories?post=23103"},{"taxonomy":"post_tag","embeddable":true,"href":"https:\/\/redept.com.br\/blogosfera\/wp-json\/wp\/v2\/tags?post=23103"}],"curies":[{"name":"wp","href":"https:\/\/api.w.org\/{rel}","templated":true}]}}