{"id":23104,"date":"2025-04-20T10:57:13","date_gmt":"2025-04-20T13:57:13","guid":{"rendered":"https:\/\/redept.org\/blogosfera\/ucrania-e-russia-se-acusam-de-violar-tregua-de-pascoa\/"},"modified":"2025-04-20T10:57:13","modified_gmt":"2025-04-20T13:57:13","slug":"ucrania-e-russia-se-acusam-de-violar-tregua-de-pascoa","status":"publish","type":"post","link":"https:\/\/redept.com.br\/blogosfera\/ucrania-e-russia-se-acusam-de-violar-tregua-de-pascoa\/","title":{"rendered":"Ucr\u00e2nia e R\u00fassia se acusam de violar tr\u00e9gua de P\u00e1scoa"},"content":{"rendered":"<section>\n<div>\n<p><strong>Da Ansa Brasil<\/strong><\/p>\n<p>Ucr\u00e2nia e R\u00fassia trocaram acusa\u00e7\u00f5es de violar a tr\u00e9gua de P\u00e1scoa anunciada unilateralmente pelo presidente Vladimir Putin.\u00a0O suposto cessar-fogo entrou em vigor ao meio-dia (hor\u00e1rio de Bras\u00edlia) do \u00faltimo s\u00e1bado (19) e termina \u00e0s 18h deste domingo (20), mas tanto Kiev quanto Moscou dizem que o outro lado n\u00e3o respeitou a paralisa\u00e7\u00e3o do conflito.<\/p>\n<p>Segundo o presidente da Ucr\u00e2nia, Volodymyr Zelensky, a R\u00fassia realizou pelo menos \u201c387 bombardeios e 19 ataques\u201d desde o come\u00e7o da tr\u00e9gua de P\u00e1scoa.\u00a0\u201cOs russos utilizaram drones 290 vezes\u201d, disse o chefe de Estado.<\/p>\n<p>\u201cPodemos dizer que o ex\u00e9rcito russo est\u00e1 tentando criar uma impress\u00e3o geral de cessar-fogo, mas n\u00e3o abandona as tentativas individuais de avan\u00e7ar e infligir perdas \u00e0 Ucr\u00e2nia em alguns lugares\u201d, destacou Zelensky.<\/p>\n<p>H\u00e1 o registro de pelo menos um morto \u2013 um homem de 58 anos \u2013 em um ataque com drones em Kherson, prov\u00edncia situada no sul do pa\u00eds e parcialmente ocupada por Moscou.<\/p>\n<p>\u201cNa realidade, ou Putin n\u00e3o tem o pleno controle de seu ex\u00e9rcito, ou ent\u00e3o a situa\u00e7\u00e3o demonstra que a R\u00fassia n\u00e3o mira um verdadeiro movimento para colocar fim \u00e0 guerra e precisa apenas de rela\u00e7\u00f5es p\u00fablicas prof\u00edcuas na imprensa\u201d, destacou Zelensky.<\/p>\n<p>J\u00e1 o Minist\u00e9rio da Defesa da R\u00fassia acusou a Ucr\u00e2nia de ignorar a tr\u00e9gua pascal e de lan\u00e7ar ofensivas nos povoados de Sukhaya Balka e Bogatyr, na regi\u00e3o de Donetsk, tamb\u00e9m parcialmente controlada pelos russos.\u00a0Segundo comunicado, os ataques foram \u201creprimidos\u201d.<\/p>\n<p>\u201cKiev tentou esquecer o cessar-fogo de 30 dias nas infraestruturas energ\u00e9ticas e agora a tr\u00e9gua de 30 horas\u201d, disse o diplomata russo Rodion Miroshnik, respons\u00e1vel por monitorar os supostos \u201ccrimes\u201d da Ucr\u00e2nia na guerra.<\/p>\n<p>Zelensky j\u00e1 concordou com um cessar-fogo total de 30 dias proposto pelo presidente dos Estados Unidos, Donald Trump, mas a oferta foi rejeitada pela R\u00fassia, que colocou como condi\u00e7\u00e3o para paralisar o conflito por um m\u00eas o fim das ajudas militares ocidentais a Kiev.<\/p>\n<p>Recentemente, os dois pa\u00edses fizeram um m\u00eas de tr\u00e9gua nos ataques contra infraestruturas energ\u00e9ticas, per\u00edodo que terminou na semana passada.<\/p>\n<\/p><\/div>\n<\/section>\n<p>O post <a href=\"https:\/\/sul21.com.br\/noticias\/internacional\/2025\/04\/ucrania-e-russia-se-acusam-de-violar-tregua-de-pascoa\/\">Ucr\u00e2nia e R\u00fassia se acusam de violar tr\u00e9gua de P\u00e1scoa<\/a> apareceu primeiro em <a href=\"https:\/\/sul21.com.br\/\">Sul 21<\/a>.<\/p>\n<!-- Begin Yuzo --><div class='yuzo_related_post style-1'  data-version='5.12.89'><!-- without result --><div class='yuzo_clearfixed yuzo__title yuzo__title'><h3>Related Post<\/h3><\/div>\n\t\t\t\t\t\t  <div class=\"relatedthumb \" style=\"width:125px;float:left;overflow:hidden;\">  \n\t\t\t\t\t\t\t  \n\t\t\t\t\t\t\t  <a  href=\"https:\/\/redept.com.br\/blogosfera\/stf-retira-mineracao-dos-debates-da-comissao-do-marco-temporal\/\"  >\n\t\t\t\t\t\t\t\t\t  <div class=\"yuzo-img-wrap \" style=\"width: 125px;height:90px;\">\n\t\t\t\t\t\t\t\t\t\t\n\t\t\t\t\t\t\t\t\t\t<div class=\"yuzo-img\" style=\"background:url('https:\/\/redept.org\/blogosfera\/wp-content\/plugins\/yuzo-related-post\/assets\/images\/default.png') 50% 50% no-repeat;width: 125px;height:90px;margin-bottom: 5px;background-size: cover; \"><\/div>\n\t\t\t\t\t\t\t\t\t  <\/div>\n\t\t\t\t\t\t\t\t\t  \n\t\t\t\t\t\t\t\t   <span class=\"yuzo__text--title\" style=\"font-size:13px;\">STF retira minera\u00e7\u00e3o dos debates da comiss\u00e3o do ma...<\/span>\n\t\t\t\t\t\t\t  \n\t\t\t\t\t\t\t  \n\t\t\t\t\t\t\t  <\/a>\n\n\t\t\t\t\t\t  <\/div>\n\t\t\t\t\t\t  <div class=\"relatedthumb \" style=\"width:125px;float:left;overflow:hidden;\">  \n\t\t\t\t\t\t\t  \n\t\t\t\t\t\t\t  <a  href=\"https:\/\/redept.com.br\/blogosfera\/posicionamentos-para-reportagens-sobre-condicoes-de-trabalho-da-colheita-de-cafe-na-colombia\/\"  >\n\t\t\t\t\t\t\t\t\t  <div class=\"yuzo-img-wrap \" style=\"width: 125px;height:90px;\">\n\t\t\t\t\t\t\t\t\t\t\n\t\t\t\t\t\t\t\t\t\t<div class=\"yuzo-img\" style=\"background:url('https:\/\/redept.org\/blogosfera\/wp-content\/plugins\/yuzo-related-post\/assets\/images\/default.png') 50% 50% no-repeat;width: 125px;height:90px;margin-bottom: 5px;background-size: cover; \"><\/div>\n\t\t\t\t\t\t\t\t\t  <\/div>\n\t\t\t\t\t\t\t\t\t  \n\t\t\t\t\t\t\t\t   <span class=\"yuzo__text--title\" style=\"font-size:13px;\">Posicionamentos para reportagens sobre\u00a0condi\u00e7\u00f5es d...<\/span>\n\t\t\t\t\t\t\t  \n\t\t\t\t\t\t\t  \n\t\t\t\t\t\t\t  <\/a>\n\n\t\t\t\t\t\t  <\/div>\n\t\t\t\t\t\t  <div class=\"relatedthumb \" style=\"width:125px;float:left;overflow:hidden;\">  \n\t\t\t\t\t\t\t  \n\t\t\t\t\t\t\t  <a  href=\"https:\/\/redept.com.br\/blogosfera\/tribunal-de-justica-de-goias-realiza-inspecao-judicial-no-acampamento-leonir-orback-em-go\/\"  >\n\t\t\t\t\t\t\t\t\t  <div class=\"yuzo-img-wrap \" style=\"width: 125px;height:90px;\">\n\t\t\t\t\t\t\t\t\t\t\n\t\t\t\t\t\t\t\t\t\t<div class=\"yuzo-img\" style=\"background:url('https:\/\/redept.com.br\/blogosfera\/wp-content\/uploads\/2025\/06\/1000734078-150x150.jpg') 50% 50% no-repeat;width: 125px;height:90px;margin-bottom: 5px;background-size: cover; \"><\/div>\n\t\t\t\t\t\t\t\t\t  <\/div>\n\t\t\t\t\t\t\t\t\t  \n\t\t\t\t\t\t\t\t   <span class=\"yuzo__text--title\" style=\"font-size:13px;\">Tribunal de Justi\u00e7a de Goi\u00e1s realiza inspe\u00e7\u00e3o judi...<\/span>\n\t\t\t\t\t\t\t  \n\t\t\t\t\t\t\t  \n\t\t\t\t\t\t\t  <\/a>\n\n\t\t\t\t\t\t  <\/div>\n\t\t\t\t\t\t  <div class=\"relatedthumb \" style=\"width:125px;float:left;overflow:hidden;\">  \n\t\t\t\t\t\t\t  \n\t\t\t\t\t\t\t  <a  href=\"https:\/\/redept.com.br\/blogosfera\/atividades-no-recife-denunciam-genocidio-e-exigem-rompimento-diplomatico-com-israel\/\"  >\n\t\t\t\t\t\t\t\t\t  <div class=\"yuzo-img-wrap \" style=\"width: 125px;height:90px;\">\n\t\t\t\t\t\t\t\t\t\t\n\t\t\t\t\t\t\t\t\t\t<div class=\"yuzo-img\" style=\"background:url('https:\/\/redept.com.br\/blogosfera\/wp-content\/uploads\/2025\/07\/WhatsApp-Image-2025-07-10-at-101003-150x150.jpeg') 50% 50% no-repeat;width: 125px;height:90px;margin-bottom: 5px;background-size: cover; \"><\/div>\n\t\t\t\t\t\t\t\t\t  <\/div>\n\t\t\t\t\t\t\t\t\t  \n\t\t\t\t\t\t\t\t   <span class=\"yuzo__text--title\" style=\"font-size:13px;\">Atividades no Recife denunciam genoc\u00eddio e exigem ...<\/span>\n\t\t\t\t\t\t\t  \n\t\t\t\t\t\t\t  \n\t\t\t\t\t\t\t  <\/a>\n\n\t\t\t\t\t\t  <\/div>\n<\/div> <script>\n\t\t\t\t\t\t  jQuery(document).ready(function( $ ){\n\t\t\t\t\t\t\t\/\/jQuery('.yuzo_related_post').equalizer({ overflow : 'relatedthumb' });\n\t\t\t\t\t\t\tjQuery('.yuzo_related_post .yuzo_wraps').equalizer({ columns : '> div' });\n\t\t\t\t\t\t   })\n\t\t\t\t\t\t  <\/script> <!-- End Yuzo :) -->","protected":false},"excerpt":{"rendered":"<p>Da Ansa Brasil Ucr\u00e2nia e R\u00fassia trocaram acusa\u00e7\u00f5es de violar a tr\u00e9gua de P\u00e1scoa anunciada unilateralmente pelo presidente Vladimir Putin.\u00a0O suposto cessar-fogo entrou em vigor ao meio-dia (hor\u00e1rio de Bras\u00edlia) do \u00faltimo s\u00e1bado (19) e termina \u00e0s 18h deste domingo (20), mas tanto Kiev quanto Moscou dizem que o outro lado n\u00e3o respeitou a paralisa\u00e7\u00e3o [&hellip;]<\/p>\n","protected":false},"author":2,"featured_media":0,"comment_status":"closed","ping_status":"closed","sticky":false,"template":"","format":"standard","meta":{"fifu_image_url":"","fifu_image_alt":"","footnotes":""},"categories":[1],"tags":[],"class_list":["post-23104","post","type-post","status-publish","format-standard","hentry","category-uncategorized"],"_links":{"self":[{"href":"https:\/\/redept.com.br\/blogosfera\/wp-json\/wp\/v2\/posts\/23104","targetHints":{"allow":["GET"]}}],"collection":[{"href":"https:\/\/redept.com.br\/blogosfera\/wp-json\/wp\/v2\/posts"}],"about":[{"href":"https:\/\/redept.com.br\/blogosfera\/wp-json\/wp\/v2\/types\/post"}],"author":[{"embeddable":true,"href":"https:\/\/redept.com.br\/blogosfera\/wp-json\/wp\/v2\/users\/2"}],"replies":[{"embeddable":true,"href":"https:\/\/redept.com.br\/blogosfera\/wp-json\/wp\/v2\/comments?post=23104"}],"version-history":[{"count":0,"href":"https:\/\/redept.com.br\/blogosfera\/wp-json\/wp\/v2\/posts\/23104\/revisions"}],"wp:attachment":[{"href":"https:\/\/redept.com.br\/blogosfera\/wp-json\/wp\/v2\/media?parent=23104"}],"wp:term":[{"taxonomy":"category","embeddable":true,"href":"https:\/\/redept.com.br\/blogosfera\/wp-json\/wp\/v2\/categories?post=23104"},{"taxonomy":"post_tag","embeddable":true,"href":"https:\/\/redept.com.br\/blogosfera\/wp-json\/wp\/v2\/tags?post=23104"}],"curies":[{"name":"wp","href":"https:\/\/api.w.org\/{rel}","templated":true}]}}