{"id":23105,"date":"2025-04-20T13:22:41","date_gmt":"2025-04-20T16:22:41","guid":{"rendered":"https:\/\/redept.org\/blogosfera\/pascoa-2025-seis-feminicidios-em-um-so-dia-por-conselho-estadual-dos-direitos-da-mulher-do-rs\/"},"modified":"2025-04-20T13:22:41","modified_gmt":"2025-04-20T16:22:41","slug":"pascoa-2025-seis-feminicidios-em-um-so-dia-por-conselho-estadual-dos-direitos-da-mulher-do-rs","status":"publish","type":"post","link":"https:\/\/redept.com.br\/blogosfera\/pascoa-2025-seis-feminicidios-em-um-so-dia-por-conselho-estadual-dos-direitos-da-mulher-do-rs\/","title":{"rendered":"P\u00e1scoa 2025, seis feminic\u00eddios em um s\u00f3 dia (por Conselho Estadual dos Direitos da Mulher do RS)"},"content":{"rendered":"<section>\n<div>\n<p><strong>Conselho Estadual dos Direitos da Mulher do RS<\/strong><\/p>\n<p>Na \u00faltima sexta-feira Santa, 18 de abril de 2025, o Rio Grande do Sul amanheceu e anoiteceu com o luto de seis fam\u00edlias marcadas por feminic\u00eddios brutais, cometidos em diferentes regi\u00f5es do estado. Seis mulheres assassinadas, seis hist\u00f3rias interrompidas, seis vidas que escancararam, de forma devastadora, a fal\u00eancia do Estado ga\u00facho em proteger suas cidad\u00e3s. Esses crimes n\u00e3o s\u00e3o eventos isolados. S\u00e3o parte de uma engrenagem perversa de omiss\u00e3o institucional, de descaso sistem\u00e1tico e da falta de vontade pol\u00edtica para enfrentar a misoginia com seriedade e urg\u00eancia.<\/p>\n<p>N\u00e3o \u00e9 por falta de aviso. O Conselho Estadual dos Direitos da Mulher do RS tem, reiteradamente, tentado abrir di\u00e1logo direto com o chefe da Pol\u00edcia Civil do Estado, delegado Fernando Sodr\u00e9. No entanto, todas as tentativas de reuni\u00e3o foram frustradas. O secret\u00e1rio de justi\u00e7a, cidadania e direitos humanos, Fabr\u00edcio Peruchin, deveria ouvir o Conselho Estadual dos Direitos da Mulher que por tantas vezes o procurou para levar ao seu conhecimento a situa\u00e7\u00e3o perigosa e ca\u00f3tica para as mulheres do RS e lhe cobrar medidas urgentes e que, mais de uma vez, enviou of\u00edcio solicitando a amplia\u00e7\u00e3o do quadro t\u00e9cnico do CRAM V\u00e2nia Ara\u00fajo . O pr\u00f3prio governador Eduardo Leite n\u00e3o pode dizer que n\u00e3o sabe da situa\u00e7\u00e3o dram\u00e1tica em que vivem as mulheres no estado e que s\u00f3 se aprofundou ap\u00f3s as enchentes, principalmente quando h\u00e1 necessidade de abrigamento, pauta recorrente na rec\u00e9m retomada Rede Lil\u00e1s. N\u00e3o \u00e9 poss\u00edvel alegarem ignor\u00e2ncia. O governo tem conhecimento das estat\u00edsticas, dos alertas dos \u00f3rg\u00e3os de defesa dos direitos das mulheres, das den\u00fancias p\u00fablicas e institucionais, dos insistentes pedidos de socorro pela sociedade civil organizada. De onde se conclui que, a resposta do governo \u00e9 sempre a mesma: nenhuma. Enquanto isso, as mulheres seguem morrendo e o governo permanece inerte.<\/p>\n<p>A neglig\u00eancia \u00e9 t\u00e3o escancarada que o Conselho Estadual dos Direitos da Mulher, diante da escalada da viol\u00eancia e da omiss\u00e3o oficial, solicitou ao Minist\u00e9rio P\u00fablico do RS e \u00e0 Defensoria P\u00fablica do Estado que ingressassem com uma a\u00e7\u00e3o civil p\u00fablica contra o governo do Rio Grande do Sul. O motivo? A total aus\u00eancia de pol\u00edticas p\u00fablicas e equipamentos voltados \u00e0 prote\u00e7\u00e3o e \u00e0 promo\u00e7\u00e3o dos direitos das mulheres. Em um estado onde n\u00e3o h\u00e1 investimento consistente em casas de abrigo, centros de refer\u00eancia, programas de reeduca\u00e7\u00e3o de agressores, nem em campanhas de preven\u00e7\u00e3o, a viol\u00eancia se prolifera com a coniv\u00eancia do poder p\u00fablico. E a impunidade \u00e9 crescente, estimulando agressores. A sociedade normaliza e o estado finge que n\u00e3o v\u00ea!<\/p>\n<p>A sexta-feira Santa de 2025 entrou para a hist\u00f3ria como mais um marco da inefici\u00eancia gritante do governo ga\u00facho. N\u00e3o h\u00e1 como esconder a trag\u00e9dia sob discursos vazios sobre seguran\u00e7a p\u00fablica. \u00c9 claro que seguran\u00e7a importa \u2013 mas os feminic\u00eddios n\u00e3o s\u00e3o apenas um problema policial. S\u00e3o o resultado de uma cultura machista e mis\u00f3gina combinada com a aus\u00eancia total de pol\u00edticas p\u00fablicas voltadas \u00e0 garantia da vida das mulheres. A falta de equipamentos p\u00fablicos, de acesso \u00e0 justi\u00e7a, de educa\u00e7\u00e3o de g\u00eanero e de preven\u00e7\u00e3o transforma o Rio Grande do Sul em um territ\u00f3rio hostil para quem \u00e9 mulher. RS Seguro para quem? N\u00e3o h\u00e1 delegacias especializadas suficientes, n\u00e3o h\u00e1 servidores treinados para o acolhimento, n\u00e3o h\u00e1 or\u00e7amento robusto para pol\u00edticas de enfrentamento \u00e0 viol\u00eancia. Sendo assim, fica evidente que o que h\u00e1 \u00e9 descaso, improviso e, sobretudo, um governo que virou as costas para as mulheres.<\/p>\n<p>O sangue das mulheres ga\u00fachas est\u00e1 nas m\u00e3os de quem escolhe a omiss\u00e3o como estrat\u00e9gia de gest\u00e3o. N\u00e3o h\u00e1 mais espa\u00e7o para desculpas. \u00c9 hora de enfrentar a realidade com a seriedade e a urg\u00eancia que ela exige \u2013 e isso come\u00e7a pelo reconhecimento das car\u00eancias evidentes que hoje impedem o estado de oferecer uma resposta efetiva \u00e0 viol\u00eancia de g\u00eanero. Sem investimento, sem articula\u00e7\u00e3o entre os poderes, sem compromisso real, e sem responsabilidade, as mortes continuar\u00e3o. E cada nova v\u00edtima ser\u00e1 mais uma acusa\u00e7\u00e3o irrefut\u00e1vel da fal\u00eancia do Estado em proteger suas mulheres.<\/p>\n<p>Por essas raz\u00f5es, o Conselho Estadual dos Direitos da Mulher do RS (CEDM-RS) prosseguir\u00e1 firmemente na luta em defesa dos direitos das mulheres, em especial para garantir o mais fundamental deles: o direito \u00e0 vida. Para isso, \u00e9 urgente o retorno imediato da Secretaria de Pol\u00edticas para as Mulheres do Rio Grande do Sul, com or\u00e7amento pr\u00f3prio, um bom quadro de profissionais, t\u00e9cnicas e pol\u00edticas, que possam dar conta da grave situa\u00e7\u00e3o de emerg\u00eancia pela vida das mulheres.<\/p>\n<p>A retomada desta estrutura essencial \u00e9 uma pauta central da atual gest\u00e3o do CEDM-RS (2022\u20132025), que lan\u00e7ou o abaixo-assinado \u201cVolta SPM\u201d, movimento que j\u00e1 recebeu apoio formal da popula\u00e7\u00e3o e da classe pol\u00edtica, esta por meio de mo\u00e7\u00f5es aprovadas por C\u00e2maras de Vereadores em diversas cidades do estado, realizadas pelo CEDM durante as Atividade de Ver\u00e3o: Mulheres seus Direitos N\u00e3o tiram F\u00e9rias. At\u00e9 o presente momento as C\u00e2maras de Vereadores que aderiram e apresentaram as mo\u00e7\u00f5es de apoio foram: Tramanda\u00ed, Imb\u00e9, Cap\u00e3o da Canoa, Pinhal, Os\u00f3rio, Esteio, Canoas e Palmeira das Miss\u00f5es, al\u00e9m de tantos outros munic\u00edpios cuja reda\u00e7\u00e3o est\u00e3o em andamento.<\/p>\n<p>O Conselho conclama agora toda a sociedade ga\u00facha a se engajar nessa campanha, porque quando o Estado se omite, a sociedade deve, com coragem e determina\u00e7\u00e3o, exercendo cidadania e o controle social, cobrando do Estado que cumpra com seu dever: proteger e garantir a vida digna das mulheres. Se o governo cruzou os bra\u00e7os, n\u00f3s n\u00e3o cruzaremos. A omiss\u00e3o do Estado n\u00e3o pode ser uma senten\u00e7a de morte. A vida das mulheres ga\u00fachas vale mais. E \u00e9 por elas que seguiremos lutando.<\/p>\n<p><strong>\u00a7\u00a7\u00a7<\/strong><\/p>\n<p><em>As opini\u00f5es emitidas nos artigos publicados no espa\u00e7o de opini\u00e3o expressam a posi\u00e7\u00e3o de seu autor e n\u00e3o necessariamente representam o pensamento editorial do Sul21<\/em><\/p>\n<\/p><\/div>\n<\/section>\n<p>O post <a href=\"https:\/\/sul21.com.br\/opiniao\/2025\/04\/pascoa-2025-seis-feminicidios-em-um-so-dia-por-conselho-estadual-dos-direitos-da-mulher-do-rs\/\">P\u00e1scoa 2025, seis feminic\u00eddios em um s\u00f3 dia (por Conselho Estadual dos Direitos da Mulher do RS)<\/a> apareceu primeiro em <a href=\"https:\/\/sul21.com.br\/\">Sul 21<\/a>.<\/p>\n<!-- Begin Yuzo --><div class='yuzo_related_post style-1'  data-version='5.12.89'><!-- without result --><div class='yuzo_clearfixed yuzo__title yuzo__title'><h3>Related Post<\/h3><\/div>\n\t\t\t\t\t\t  <div class=\"relatedthumb \" style=\"width:125px;float:left;overflow:hidden;\">  \n\t\t\t\t\t\t\t  \n\t\t\t\t\t\t\t  <a  href=\"https:\/\/redept.com.br\/blogosfera\/gcm-usa-gas-lacrimogeneo-spray-de-pimenta-e-cassetetes-para-dispersar-bloco-vai-quem-que-no-butanta-em-sao-paulo-sp\/\"  >\n\t\t\t\t\t\t\t\t\t  <div class=\"yuzo-img-wrap \" style=\"width: 125px;height:90px;\">\n\t\t\t\t\t\t\t\t\t\t\n\t\t\t\t\t\t\t\t\t\t<div class=\"yuzo-img\" style=\"background:url('https:\/\/redept.org\/blogosfera\/wp-content\/plugins\/yuzo-related-post\/assets\/images\/default.png') 50% 50% no-repeat;width: 125px;height:90px;margin-bottom: 5px;background-size: cover; \"><\/div>\n\t\t\t\t\t\t\t\t\t  <\/div>\n\t\t\t\t\t\t\t\t\t  \n\t\t\t\t\t\t\t\t   <span class=\"yuzo__text--title\" style=\"font-size:13px;\">GCM usa g\u00e1s lacrimog\u00eaneo, spray de pimenta e casse...<\/span>\n\t\t\t\t\t\t\t  \n\t\t\t\t\t\t\t  \n\t\t\t\t\t\t\t  <\/a>\n\n\t\t\t\t\t\t  <\/div>\n\t\t\t\t\t\t  <div class=\"relatedthumb \" style=\"width:125px;float:left;overflow:hidden;\">  \n\t\t\t\t\t\t\t  \n\t\t\t\t\t\t\t  <a  href=\"https:\/\/redept.com.br\/blogosfera\/fim-da-escala-6x1-pode-ser-votado-no-senado-hoje\/\"  >\n\t\t\t\t\t\t\t\t\t  <div class=\"yuzo-img-wrap \" style=\"width: 125px;height:90px;\">\n\t\t\t\t\t\t\t\t\t\t\n\t\t\t\t\t\t\t\t\t\t<div class=\"yuzo-img\" style=\"background:url('https:\/\/redept.com.br\/blogosfera\/wp-content\/uploads\/2025\/10\/qr-code-plebiscito-tvt-pelo-fim-da-escala-6-por-1-150x150.jpeg') 50% 50% no-repeat;width: 125px;height:90px;margin-bottom: 5px;background-size: cover; \"><\/div>\n\t\t\t\t\t\t\t\t\t  <\/div>\n\t\t\t\t\t\t\t\t\t  \n\t\t\t\t\t\t\t\t   <span class=\"yuzo__text--title\" style=\"font-size:13px;\">Fim da escala 6\u00d71 pode ser votado no Senado hoje<\/span>\n\t\t\t\t\t\t\t  \n\t\t\t\t\t\t\t  \n\t\t\t\t\t\t\t  <\/a>\n\n\t\t\t\t\t\t  <\/div>\n\t\t\t\t\t\t  <div class=\"relatedthumb \" style=\"width:125px;float:left;overflow:hidden;\">  \n\t\t\t\t\t\t\t  \n\t\t\t\t\t\t\t  <a  href=\"https:\/\/redept.com.br\/blogosfera\/homenagem-a-amaro-felix\/\"  >\n\t\t\t\t\t\t\t\t\t  <div class=\"yuzo-img-wrap \" style=\"width: 125px;height:90px;\">\n\t\t\t\t\t\t\t\t\t\t\n\t\t\t\t\t\t\t\t\t\t<div class=\"yuzo-img\" style=\"background:url('https:\/\/redept.com.br\/blogosfera\/wp-content\/uploads\/2026\/03\/Amaro-Felix-Pereira-150x150.jpg') 50% 50% no-repeat;width: 125px;height:90px;margin-bottom: 5px;background-size: cover; \"><\/div>\n\t\t\t\t\t\t\t\t\t  <\/div>\n\t\t\t\t\t\t\t\t\t  \n\t\t\t\t\t\t\t\t   <span class=\"yuzo__text--title\" style=\"font-size:13px;\">Homenagem a Amaro Felix<\/span>\n\t\t\t\t\t\t\t  \n\t\t\t\t\t\t\t  \n\t\t\t\t\t\t\t  <\/a>\n\n\t\t\t\t\t\t  <\/div>\n\t\t\t\t\t\t  <div class=\"relatedthumb \" style=\"width:125px;float:left;overflow:hidden;\">  \n\t\t\t\t\t\t\t  \n\t\t\t\t\t\t\t  <a  href=\"https:\/\/redept.com.br\/blogosfera\/oklahoma-city-thunder-vence-indiana-pacers-e-empata-final-da-nba\/\"  >\n\t\t\t\t\t\t\t\t\t  <div class=\"yuzo-img-wrap \" style=\"width: 125px;height:90px;\">\n\t\t\t\t\t\t\t\t\t\t\n\t\t\t\t\t\t\t\t\t\t<div class=\"yuzo-img\" style=\"background:url('https:\/\/redept.com.br\/blogosfera\/wp-content\/uploads\/2025\/06\/whatsapp-image-2025-06-09-at-125853-150x150.jpeg') 50% 50% no-repeat;width: 125px;height:90px;margin-bottom: 5px;background-size: cover; \"><\/div>\n\t\t\t\t\t\t\t\t\t  <\/div>\n\t\t\t\t\t\t\t\t\t  \n\t\t\t\t\t\t\t\t   <span class=\"yuzo__text--title\" style=\"font-size:13px;\">Oklahoma City Thunder vence Indiana Pacers e empat...<\/span>\n\t\t\t\t\t\t\t  \n\t\t\t\t\t\t\t  \n\t\t\t\t\t\t\t  <\/a>\n\n\t\t\t\t\t\t  <\/div>\n<\/div> <script>\n\t\t\t\t\t\t  jQuery(document).ready(function( $ ){\n\t\t\t\t\t\t\t\/\/jQuery('.yuzo_related_post').equalizer({ overflow : 'relatedthumb' });\n\t\t\t\t\t\t\tjQuery('.yuzo_related_post .yuzo_wraps').equalizer({ columns : '> div' });\n\t\t\t\t\t\t   })\n\t\t\t\t\t\t  <\/script> <!-- End Yuzo :) -->","protected":false},"excerpt":{"rendered":"<p>Conselho Estadual dos Direitos da Mulher do RS Na \u00faltima sexta-feira Santa, 18 de abril de 2025, o Rio Grande do Sul amanheceu e anoiteceu com o luto de seis fam\u00edlias marcadas por feminic\u00eddios brutais, cometidos em diferentes regi\u00f5es do estado. Seis mulheres assassinadas, seis hist\u00f3rias interrompidas, seis vidas que escancararam, de forma devastadora, a [&hellip;]<\/p>\n","protected":false},"author":2,"featured_media":0,"comment_status":"closed","ping_status":"closed","sticky":false,"template":"","format":"standard","meta":{"fifu_image_url":"","fifu_image_alt":"","footnotes":""},"categories":[1],"tags":[],"class_list":["post-23105","post","type-post","status-publish","format-standard","hentry","category-uncategorized"],"_links":{"self":[{"href":"https:\/\/redept.com.br\/blogosfera\/wp-json\/wp\/v2\/posts\/23105","targetHints":{"allow":["GET"]}}],"collection":[{"href":"https:\/\/redept.com.br\/blogosfera\/wp-json\/wp\/v2\/posts"}],"about":[{"href":"https:\/\/redept.com.br\/blogosfera\/wp-json\/wp\/v2\/types\/post"}],"author":[{"embeddable":true,"href":"https:\/\/redept.com.br\/blogosfera\/wp-json\/wp\/v2\/users\/2"}],"replies":[{"embeddable":true,"href":"https:\/\/redept.com.br\/blogosfera\/wp-json\/wp\/v2\/comments?post=23105"}],"version-history":[{"count":0,"href":"https:\/\/redept.com.br\/blogosfera\/wp-json\/wp\/v2\/posts\/23105\/revisions"}],"wp:attachment":[{"href":"https:\/\/redept.com.br\/blogosfera\/wp-json\/wp\/v2\/media?parent=23105"}],"wp:term":[{"taxonomy":"category","embeddable":true,"href":"https:\/\/redept.com.br\/blogosfera\/wp-json\/wp\/v2\/categories?post=23105"},{"taxonomy":"post_tag","embeddable":true,"href":"https:\/\/redept.com.br\/blogosfera\/wp-json\/wp\/v2\/tags?post=23105"}],"curies":[{"name":"wp","href":"https:\/\/api.w.org\/{rel}","templated":true}]}}