{"id":23106,"date":"2025-04-20T15:14:20","date_gmt":"2025-04-20T18:14:20","guid":{"rendered":"https:\/\/redept.org\/blogosfera\/fanfarra-bate-sopra-anima-sarau-de-190-anos-do-parlamento-gaucho\/"},"modified":"2025-04-20T15:14:20","modified_gmt":"2025-04-20T18:14:20","slug":"fanfarra-bate-sopra-anima-sarau-de-190-anos-do-parlamento-gaucho","status":"publish","type":"post","link":"https:\/\/redept.com.br\/blogosfera\/fanfarra-bate-sopra-anima-sarau-de-190-anos-do-parlamento-gaucho\/","title":{"rendered":"Fanfarra Bate Sopra anima sarau de 190 anos do Parlamento ga\u00facho"},"content":{"rendered":"<section>\n<div>\n<p>Os 190 Anos da Assembleia Legislativa do Rio Grande do Sul ser\u00e3o celebrados com um grande espet\u00e1culo musical do Sarau do Solar Especial \u2013 M\u00fasica e Diversidade, com a Fanfarra Bate Sopra, na pr\u00f3xima quarta-feira (23), \u00e0s 18h30, na Pra\u00e7a da Matriz. A entrada \u00e9 gratuita.<\/p>\n<p>Formada em 2014, a Bate Sopra \u00e9 uma fanfarra composta por instrumentos de sopro e percuss\u00e3o. Ao longo da sua caminhada j\u00e1 se apresentou nas ruas e em diversos espa\u00e7os culturais e festivais em v\u00e1rios estados. Em 2019 foi vencedora do Festival de M\u00fasica de Porto Alegre na categoria m\u00fasica de rua com a m\u00fasica \u201cVentania\u201d. Em 2023 lan\u00e7ou seu primeiro EP chamado \u201cTransmuta\u00e7\u00e3o Urbana\u201d, e celebra seus 10 anos de atividades ininterruptas, marcando cada vez mais o seu espa\u00e7o na cena da m\u00fasica instrumental independente.<\/p>\n<p>O show \u201cTransmuta\u00e7\u00e3o Urbana\u201d tem como intuito atenuar o caos urbano convidando o p\u00fablico para uma imers\u00e3o sonora, c\u00eanica e sensorial, a partir da apresenta\u00e7\u00e3o de um repert\u00f3rio autoral assim como algumas releituras de m\u00fasicas que s\u00e3o influ\u00eancias importantes para o grupo. Com m\u00fasicas inteiramente instrumentais, a Bate Sopra executa g\u00eaneros musicais como cumbia, ska, levadas brasileiras e techno.<\/p>\n<p>No repert\u00f3rio do espet\u00e1culo est\u00e3o; Retorno a Marte (Bate Sopra); Olha a chuva (Bate Sopra); Ventania (Bate Sopra); Revoar (Orquestra Voadora); Jacarand\u00e1 (Bate Sopra); Imers\u00e3o (Bate Sopra); Floriana (Bate Sopra); Hasta la cumbia (Charanga do Fran\u00e7a); Grama Verde (Bedeu \/ Leleco Telles); (Buyo \u2013 Lucky Chops); Track Suit (Minor Mishap Marching Band); Montserrat Serrat (Environmental Encroachment); Do Whatcha Wanna (Rebirth Brass Band); Oswaldo Pombo (Black Clube); Skalamaior (Bate Sopra); Pim Pirim Hey! (Songoro Cosongo), e Praia (TechnoBrass).<\/p>\n<\/p><\/div>\n<\/section>\n<p>O post <a href=\"https:\/\/sul21.com.br\/noticias\/cultura\/2025\/04\/fanfarra-bate-sopra-anima-sarau-do-solar-especial-de-190-anos-do-parlamento-gaucho\/\">Fanfarra Bate Sopra anima sarau de 190 anos do Parlamento ga\u00facho<\/a> apareceu primeiro em <a href=\"https:\/\/sul21.com.br\/\">Sul 21<\/a>.<\/p>\n<!-- Begin Yuzo --><div class='yuzo_related_post style-1'  data-version='5.12.89'><!-- without result --><div class='yuzo_clearfixed yuzo__title yuzo__title'><h3>Related Post<\/h3><\/div>\n\t\t\t\t\t\t  <div class=\"relatedthumb \" style=\"width:125px;float:left;overflow:hidden;\">  \n\t\t\t\t\t\t\t  \n\t\t\t\t\t\t\t  <a  href=\"https:\/\/redept.com.br\/blogosfera\/conab-realiza-leiloes-de-contrato-de-opcao-de-venda-de-arroz-na-proxima-semana\/\"  >\n\t\t\t\t\t\t\t\t\t  <div class=\"yuzo-img-wrap \" style=\"width: 125px;height:90px;\">\n\t\t\t\t\t\t\t\t\t\t\n\t\t\t\t\t\t\t\t\t\t<div class=\"yuzo-img\" style=\"background:url('https:\/\/redept.org\/blogosfera\/wp-content\/plugins\/yuzo-related-post\/assets\/images\/default.png') 50% 50% no-repeat;width: 125px;height:90px;margin-bottom: 5px;background-size: cover; \"><\/div>\n\t\t\t\t\t\t\t\t\t  <\/div>\n\t\t\t\t\t\t\t\t\t  \n\t\t\t\t\t\t\t\t   <span class=\"yuzo__text--title\" style=\"font-size:13px;\">Conab realiza leil\u00f5es de contrato de op\u00e7\u00e3o de vend...<\/span>\n\t\t\t\t\t\t\t  \n\t\t\t\t\t\t\t  \n\t\t\t\t\t\t\t  <\/a>\n\n\t\t\t\t\t\t  <\/div>\n\t\t\t\t\t\t  <div class=\"relatedthumb \" style=\"width:125px;float:left;overflow:hidden;\">  \n\t\t\t\t\t\t\t  \n\t\t\t\t\t\t\t  <a  href=\"https:\/\/redept.com.br\/blogosfera\/melo-anuncia-projeto-para-a-educacao-que-inclui-ppps-e-mudancas-no-plano-de-carreira\/\"  >\n\t\t\t\t\t\t\t\t\t  <div class=\"yuzo-img-wrap \" style=\"width: 125px;height:90px;\">\n\t\t\t\t\t\t\t\t\t\t\n\t\t\t\t\t\t\t\t\t\t<div class=\"yuzo-img\" style=\"background:url('https:\/\/redept.com.br\/blogosfera\/wp-content\/uploads\/2025\/02\/18-Fev-2025_Alex-Rocha_Porto-da-Educacao_-23-150x150.jpg') 50% 50% no-repeat;width: 125px;height:90px;margin-bottom: 5px;background-size: cover; \"><\/div>\n\t\t\t\t\t\t\t\t\t  <\/div>\n\t\t\t\t\t\t\t\t\t  \n\t\t\t\t\t\t\t\t   <span class=\"yuzo__text--title\" style=\"font-size:13px;\">Melo anuncia projeto para a educa\u00e7\u00e3o que inclui PP...<\/span>\n\t\t\t\t\t\t\t  \n\t\t\t\t\t\t\t  \n\t\t\t\t\t\t\t  <\/a>\n\n\t\t\t\t\t\t  <\/div>\n\t\t\t\t\t\t  <div class=\"relatedthumb \" style=\"width:125px;float:left;overflow:hidden;\">  \n\t\t\t\t\t\t\t  \n\t\t\t\t\t\t\t  <a  href=\"https:\/\/redept.com.br\/blogosfera\/povo-kayapo-protesta-contra-indicado-de-zequinha-marinho-para-saude-indigena\/\"  >\n\t\t\t\t\t\t\t\t\t  <div class=\"yuzo-img-wrap \" style=\"width: 125px;height:90px;\">\n\t\t\t\t\t\t\t\t\t\t\n\t\t\t\t\t\t\t\t\t\t<div class=\"yuzo-img\" style=\"background:url('https:\/\/redept.org\/blogosfera\/wp-content\/plugins\/yuzo-related-post\/assets\/images\/default.png') 50% 50% no-repeat;width: 125px;height:90px;margin-bottom: 5px;background-size: cover; \"><\/div>\n\t\t\t\t\t\t\t\t\t  <\/div>\n\t\t\t\t\t\t\t\t\t  \n\t\t\t\t\t\t\t\t   <span class=\"yuzo__text--title\" style=\"font-size:13px;\">Povo Kayap\u00f3 protesta contra indicado de Zequinha M...<\/span>\n\t\t\t\t\t\t\t  \n\t\t\t\t\t\t\t  \n\t\t\t\t\t\t\t  <\/a>\n\n\t\t\t\t\t\t  <\/div>\n\t\t\t\t\t\t  <div class=\"relatedthumb \" style=\"width:125px;float:left;overflow:hidden;\">  \n\t\t\t\t\t\t\t  \n\t\t\t\t\t\t\t  <a  href=\"https:\/\/redept.com.br\/blogosfera\/governo-vai-usar-renda-extra-com-petroleo-para-baixar-preco-dos-combustiveis\/\"  >\n\t\t\t\t\t\t\t\t\t  <div class=\"yuzo-img-wrap \" style=\"width: 125px;height:90px;\">\n\t\t\t\t\t\t\t\t\t\t\n\t\t\t\t\t\t\t\t\t\t<div class=\"yuzo-img\" style=\"background:url('https:\/\/redept.org\/blogosfera\/wp-content\/plugins\/yuzo-related-post\/assets\/images\/default.png') 50% 50% no-repeat;width: 125px;height:90px;margin-bottom: 5px;background-size: cover; \"><\/div>\n\t\t\t\t\t\t\t\t\t  <\/div>\n\t\t\t\t\t\t\t\t\t  \n\t\t\t\t\t\t\t\t   <span class=\"yuzo__text--title\" style=\"font-size:13px;\">Governo vai usar renda extra com petr\u00f3leo para bai...<\/span>\n\t\t\t\t\t\t\t  \n\t\t\t\t\t\t\t  \n\t\t\t\t\t\t\t  <\/a>\n\n\t\t\t\t\t\t  <\/div>\n<\/div> <script>\n\t\t\t\t\t\t  jQuery(document).ready(function( $ ){\n\t\t\t\t\t\t\t\/\/jQuery('.yuzo_related_post').equalizer({ overflow : 'relatedthumb' });\n\t\t\t\t\t\t\tjQuery('.yuzo_related_post .yuzo_wraps').equalizer({ columns : '> div' });\n\t\t\t\t\t\t   })\n\t\t\t\t\t\t  <\/script> <!-- End Yuzo :) -->","protected":false},"excerpt":{"rendered":"<p>Os 190 Anos da Assembleia Legislativa do Rio Grande do Sul ser\u00e3o celebrados com um grande espet\u00e1culo musical do Sarau do Solar Especial \u2013 M\u00fasica e Diversidade, com a Fanfarra Bate Sopra, na pr\u00f3xima quarta-feira (23), \u00e0s 18h30, na Pra\u00e7a da Matriz. A entrada \u00e9 gratuita. Formada em 2014, a Bate Sopra \u00e9 uma fanfarra [&hellip;]<\/p>\n","protected":false},"author":2,"featured_media":0,"comment_status":"closed","ping_status":"closed","sticky":false,"template":"","format":"standard","meta":{"fifu_image_url":"","fifu_image_alt":"","footnotes":""},"categories":[1],"tags":[],"class_list":["post-23106","post","type-post","status-publish","format-standard","hentry","category-uncategorized"],"_links":{"self":[{"href":"https:\/\/redept.com.br\/blogosfera\/wp-json\/wp\/v2\/posts\/23106","targetHints":{"allow":["GET"]}}],"collection":[{"href":"https:\/\/redept.com.br\/blogosfera\/wp-json\/wp\/v2\/posts"}],"about":[{"href":"https:\/\/redept.com.br\/blogosfera\/wp-json\/wp\/v2\/types\/post"}],"author":[{"embeddable":true,"href":"https:\/\/redept.com.br\/blogosfera\/wp-json\/wp\/v2\/users\/2"}],"replies":[{"embeddable":true,"href":"https:\/\/redept.com.br\/blogosfera\/wp-json\/wp\/v2\/comments?post=23106"}],"version-history":[{"count":0,"href":"https:\/\/redept.com.br\/blogosfera\/wp-json\/wp\/v2\/posts\/23106\/revisions"}],"wp:attachment":[{"href":"https:\/\/redept.com.br\/blogosfera\/wp-json\/wp\/v2\/media?parent=23106"}],"wp:term":[{"taxonomy":"category","embeddable":true,"href":"https:\/\/redept.com.br\/blogosfera\/wp-json\/wp\/v2\/categories?post=23106"},{"taxonomy":"post_tag","embeddable":true,"href":"https:\/\/redept.com.br\/blogosfera\/wp-json\/wp\/v2\/tags?post=23106"}],"curies":[{"name":"wp","href":"https:\/\/api.w.org\/{rel}","templated":true}]}}