{"id":23107,"date":"2025-04-20T18:59:06","date_gmt":"2025-04-20T21:59:06","guid":{"rendered":"https:\/\/redept.org\/blogosfera\/porto-alegre-amplia-publico-apto-a-receber-vacina-contra-a-gripe-confira\/"},"modified":"2025-04-20T18:59:06","modified_gmt":"2025-04-20T21:59:06","slug":"porto-alegre-amplia-publico-apto-a-receber-vacina-contra-a-gripe-confira","status":"publish","type":"post","link":"https:\/\/redept.com.br\/blogosfera\/porto-alegre-amplia-publico-apto-a-receber-vacina-contra-a-gripe-confira\/","title":{"rendered":"Porto Alegre amplia p\u00fablico apto a receber vacina contra a gripe; confira"},"content":{"rendered":"<section>\n<div>\n<p>A partir desta ter\u00e7a-feira (22), inicia a terceira etapa da vacina\u00e7\u00e3o contra a gripe em Porto Alegre. Passam a ser inclu\u00eddos novos grupos priorit\u00e1rios: for\u00e7as de seguran\u00e7a, caminhoneiros, trabalhadores do transporte coletivo, portu\u00e1rios e trabalhadores dos Correios.<\/p>\n<p>Esses profissionais se somam aos grupos que j\u00e1 estavam sendo vacinados, como:<br \/>\nPessoas com 60 anos ou mais<br \/>\nCrian\u00e7as de seis meses a menores de 6 anos<br \/>\nGestantes<br \/>\nPu\u00e9rperas (at\u00e9 45 dias ap\u00f3s o parto)<br \/>\nPovos ind\u00edgenas e quilombolas<br \/>\nTrabalhadores da sa\u00fade e da educa\u00e7\u00e3o<br \/>\nPessoas com comorbidades<br \/>\nPessoas com defici\u00eancia<br \/>\nPessoas em situa\u00e7\u00e3o de rua<\/p>\n<p>A meta da Secretaria Municipal de Sa\u00fade (SMS) \u00e9 vacinar pelo menos 90% de cada grupo priorit\u00e1rio, o que representa 736.942 pessoas. Desse total, 308.381 s\u00e3o idosos com 60 anos ou mais.<\/p>\n<p>A vacina aplicada pelo SUS \u00e9 trivalente, protegendo contra os v\u00edrus Influenza A H1N1, Influenza A H3N2 e Influenza B. A imuniza\u00e7\u00e3o \u00e9 a forma mais eficaz de prevenir complica\u00e7\u00f5es graves da gripe e reduzir interna\u00e7\u00f5es.<\/p>\n<p><strong>Documenta\u00e7\u00e3o necess\u00e1ria:<\/strong><\/p>\n<p>\u2013 Autodeclara\u00e7\u00e3o para gestantes, ind\u00edgenas, quilombolas e pessoas com defici\u00eancia;<br \/>\n\u2013 Caderneta de vacina\u00e7\u00e3o para crian\u00e7as;<br \/>\n\u2013\u00a0Comprova\u00e7\u00e3o da condi\u00e7\u00e3o para os demais grupos (crach\u00e1, receita m\u00e9dica, carteira de trabalho, etc).<\/p>\n<\/p><\/div>\n<\/section>\n<p>O post <a href=\"https:\/\/sul21.com.br\/noticias\/saude\/2025\/04\/porto-alegre-amplia-publico-apto-a-receber-vacina-contra-a-gripe-confira\/\">Porto Alegre amplia p\u00fablico apto a receber vacina contra a gripe; confira<\/a> apareceu primeiro em <a href=\"https:\/\/sul21.com.br\/\">Sul 21<\/a>.<\/p>\n<!-- Begin Yuzo --><div class='yuzo_related_post style-1'  data-version='5.12.89'><!-- without result --><div class='yuzo_clearfixed yuzo__title yuzo__title'><h3>Related Post<\/h3><\/div>\n\t\t\t\t\t\t  <div class=\"relatedthumb \" style=\"width:125px;float:left;overflow:hidden;\">  \n\t\t\t\t\t\t\t  \n\t\t\t\t\t\t\t  <a  href=\"https:\/\/redept.com.br\/blogosfera\/jornal-tvt-news-primeira-edicao-11-04-2025\/\"  >\n\t\t\t\t\t\t\t\t\t  <div class=\"yuzo-img-wrap \" style=\"width: 125px;height:90px;\">\n\t\t\t\t\t\t\t\t\t\t\n\t\t\t\t\t\t\t\t\t\t<div class=\"yuzo-img\" style=\"background:url('https:\/\/redept.com.br\/blogosfera\/wp-content\/uploads\/2025\/04\/TALITA_LAURA_EDUARDO-scaled-e1743801124493-2048x1154-5-150x150.jpg') 50% 50% no-repeat;width: 125px;height:90px;margin-bottom: 5px;background-size: cover; \"><\/div>\n\t\t\t\t\t\t\t\t\t  <\/div>\n\t\t\t\t\t\t\t\t\t  \n\t\t\t\t\t\t\t\t   <span class=\"yuzo__text--title\" style=\"font-size:13px;\">Jornal TVT News Primeira Edi\u00e7\u00e3o | 11-04-2025<\/span>\n\t\t\t\t\t\t\t  \n\t\t\t\t\t\t\t  \n\t\t\t\t\t\t\t  <\/a>\n\n\t\t\t\t\t\t  <\/div>\n\t\t\t\t\t\t  <div class=\"relatedthumb \" style=\"width:125px;float:left;overflow:hidden;\">  \n\t\t\t\t\t\t\t  \n\t\t\t\t\t\t\t  <a  href=\"https:\/\/redept.com.br\/blogosfera\/estado-da-palestina-emite-nota-condenando-agressao-de-israel-contra-ativistas-integra-video\/\"  >\n\t\t\t\t\t\t\t\t\t  <div class=\"yuzo-img-wrap \" style=\"width: 125px;height:90px;\">\n\t\t\t\t\t\t\t\t\t\t\n\t\t\t\t\t\t\t\t\t\t<div class=\"yuzo-img\" style=\"background:url('https:\/\/redept.org\/blogosfera\/wp-content\/plugins\/yuzo-related-post\/assets\/images\/default.png') 50% 50% no-repeat;width: 125px;height:90px;margin-bottom: 5px;background-size: cover; \"><\/div>\n\t\t\t\t\t\t\t\t\t  <\/div>\n\t\t\t\t\t\t\t\t\t  \n\t\t\t\t\t\t\t\t   <span class=\"yuzo__text--title\" style=\"font-size:13px;\">Estado da Palestina emite nota condenando agress\u00e3o...<\/span>\n\t\t\t\t\t\t\t  \n\t\t\t\t\t\t\t  \n\t\t\t\t\t\t\t  <\/a>\n\n\t\t\t\t\t\t  <\/div>\n\t\t\t\t\t\t  <div class=\"relatedthumb \" style=\"width:125px;float:left;overflow:hidden;\">  \n\t\t\t\t\t\t\t  \n\t\t\t\t\t\t\t  <a  href=\"https:\/\/sul21.com.br\/opiniao\/2025\/09\/saida-de-vanuzzi-expoe-fracasso-da-gestao-e-resistencia-dos-servidores-por-simpa-cores-dmae\/\"  >\n\t\t\t\t\t\t\t\t\t  <div class=\"yuzo-img-wrap \" style=\"width: 125px;height:90px;\">\n\t\t\t\t\t\t\t\t\t\t\n\t\t\t\t\t\t\t\t\t\t<div class=\"yuzo-img\" style=\"background:url('https:\/\/redept.org\/blogosfera\/wp-content\/plugins\/yuzo-related-post\/assets\/images\/default.png') 50% 50% no-repeat;width: 125px;height:90px;margin-bottom: 5px;background-size: cover; \"><\/div>\n\t\t\t\t\t\t\t\t\t  <\/div>\n\t\t\t\t\t\t\t\t\t  \n\t\t\t\t\t\t\t\t   <span class=\"yuzo__text--title\" style=\"font-size:13px;\">Sa\u00edda de Vanuzzi exp\u00f5e fracasso da gest\u00e3o e resist...<\/span>\n\t\t\t\t\t\t\t  \n\t\t\t\t\t\t\t  \n\t\t\t\t\t\t\t  <\/a>\n\n\t\t\t\t\t\t  <\/div>\n\t\t\t\t\t\t  <div class=\"relatedthumb \" style=\"width:125px;float:left;overflow:hidden;\">  \n\t\t\t\t\t\t\t  \n\t\t\t\t\t\t\t  <a  href=\"https:\/\/redept.com.br\/blogosfera\/quaest-lula-lidera-isolado-em-todos-os-cenarios-de-1o-e-2o-turno-para-2026\/\"  >\n\t\t\t\t\t\t\t\t\t  <div class=\"yuzo-img-wrap \" style=\"width: 125px;height:90px;\">\n\t\t\t\t\t\t\t\t\t\t\n\t\t\t\t\t\t\t\t\t\t<div class=\"yuzo-img\" style=\"background:url('https:\/\/redept.org\/blogosfera\/wp-content\/plugins\/yuzo-related-post\/assets\/images\/default.png') 50% 50% no-repeat;width: 125px;height:90px;margin-bottom: 5px;background-size: cover; \"><\/div>\n\t\t\t\t\t\t\t\t\t  <\/div>\n\t\t\t\t\t\t\t\t\t  \n\t\t\t\t\t\t\t\t   <span class=\"yuzo__text--title\" style=\"font-size:13px;\">Quaest: Lula lidera isolado em todos os cen\u00e1rios d...<\/span>\n\t\t\t\t\t\t\t  \n\t\t\t\t\t\t\t  \n\t\t\t\t\t\t\t  <\/a>\n\n\t\t\t\t\t\t  <\/div>\n<\/div> <script>\n\t\t\t\t\t\t  jQuery(document).ready(function( $ ){\n\t\t\t\t\t\t\t\/\/jQuery('.yuzo_related_post').equalizer({ overflow : 'relatedthumb' });\n\t\t\t\t\t\t\tjQuery('.yuzo_related_post .yuzo_wraps').equalizer({ columns : '> div' });\n\t\t\t\t\t\t   })\n\t\t\t\t\t\t  <\/script> <!-- End Yuzo :) -->","protected":false},"excerpt":{"rendered":"<p>A partir desta ter\u00e7a-feira (22), inicia a terceira etapa da vacina\u00e7\u00e3o contra a gripe em Porto Alegre. Passam a ser inclu\u00eddos novos grupos priorit\u00e1rios: for\u00e7as de seguran\u00e7a, caminhoneiros, trabalhadores do transporte coletivo, portu\u00e1rios e trabalhadores dos Correios. Esses profissionais se somam aos grupos que j\u00e1 estavam sendo vacinados, como: Pessoas com 60 anos ou mais [&hellip;]<\/p>\n","protected":false},"author":2,"featured_media":0,"comment_status":"closed","ping_status":"closed","sticky":false,"template":"","format":"standard","meta":{"fifu_image_url":"","fifu_image_alt":"","footnotes":""},"categories":[1],"tags":[],"class_list":["post-23107","post","type-post","status-publish","format-standard","hentry","category-uncategorized"],"_links":{"self":[{"href":"https:\/\/redept.com.br\/blogosfera\/wp-json\/wp\/v2\/posts\/23107","targetHints":{"allow":["GET"]}}],"collection":[{"href":"https:\/\/redept.com.br\/blogosfera\/wp-json\/wp\/v2\/posts"}],"about":[{"href":"https:\/\/redept.com.br\/blogosfera\/wp-json\/wp\/v2\/types\/post"}],"author":[{"embeddable":true,"href":"https:\/\/redept.com.br\/blogosfera\/wp-json\/wp\/v2\/users\/2"}],"replies":[{"embeddable":true,"href":"https:\/\/redept.com.br\/blogosfera\/wp-json\/wp\/v2\/comments?post=23107"}],"version-history":[{"count":0,"href":"https:\/\/redept.com.br\/blogosfera\/wp-json\/wp\/v2\/posts\/23107\/revisions"}],"wp:attachment":[{"href":"https:\/\/redept.com.br\/blogosfera\/wp-json\/wp\/v2\/media?parent=23107"}],"wp:term":[{"taxonomy":"category","embeddable":true,"href":"https:\/\/redept.com.br\/blogosfera\/wp-json\/wp\/v2\/categories?post=23107"},{"taxonomy":"post_tag","embeddable":true,"href":"https:\/\/redept.com.br\/blogosfera\/wp-json\/wp\/v2\/tags?post=23107"}],"curies":[{"name":"wp","href":"https:\/\/api.w.org\/{rel}","templated":true}]}}