{"id":23559,"date":"2025-04-23T17:16:53","date_gmt":"2025-04-23T20:16:53","guid":{"rendered":"https:\/\/redept.org\/blogosfera\/papa-francisco-deixa-legado-sem-precedente-de-apoio-ao-movimento-sindical\/"},"modified":"2025-04-23T17:16:53","modified_gmt":"2025-04-23T20:16:53","slug":"papa-francisco-deixa-legado-sem-precedente-de-apoio-ao-movimento-sindical","status":"publish","type":"post","link":"https:\/\/redept.com.br\/blogosfera\/papa-francisco-deixa-legado-sem-precedente-de-apoio-ao-movimento-sindical\/","title":{"rendered":"Papa Francisco deixa legado sem precedente de apoio ao movimento sindical"},"content":{"rendered":"<p><img fetchpriority=\"high\" width=\"828\" height=\"551\"src=\"https:\/\/redept.org\/blogosfera\/wp-content\/uploads\/2025\/04\/3c6034f3d9a4fa6caa34e5431d6b1274.jpeg\" alt=\"\" decoding=\"async\" srcset=\"https:\/\/redept.org\/blogosfera\/wp-content\/uploads\/2025\/04\/3c6034f3d9a4fa6caa34e5431d6b1274.jpeg 828w, https:\/\/vermelho.org.br\/wp-content\/uploads\/2025\/04\/3c6034f3d9a4fa6caa34e5431d6b1274-300x200.jpeg 300w, https:\/\/vermelho.org.br\/wp-content\/uploads\/2025\/04\/3c6034f3d9a4fa6caa34e5431d6b1274-768x511.jpeg 768w, https:\/\/vermelho.org.br\/wp-content\/uploads\/2025\/04\/3c6034f3d9a4fa6caa34e5431d6b1274-272x182.jpeg 272w\" sizes=\"(max-width: 828px) 100vw, 828px\"><\/p>\n<p>Ao longo de seu papado, o papa Francisco destacou-se n\u00e3o apenas como l\u00edder espiritual, mas tamb\u00e9m como uma voz incisiva na luta pelos direitos dos trabalhadores e dos marginalizados. Em diversas ocasi\u00f5es, ele exaltou o papel central dos sindicatos na constru\u00e7\u00e3o de uma sociedade mais justa e igualit\u00e1ria. Com sua morte nesta segunda-feira (21), o mundo reflete sobre suas palavras vision\u00e1rias e seu compromisso inabal\u00e1vel com a classe trabalhadora.<\/p>\n<p>Francisco foi um dos poucos l\u00edderes globais a defender abertamente os sindicatos como \u201cvozes dos sem-voz\u201d e a denunciar as estruturas econ\u00f4micas que colocam o lucro acima da vida humana. Seu legado \u00e9 marcado por elogios sem precedentes ao movimento sindical e pela convoca\u00e7\u00e3o para que essas entidades se renovem sem perder sua ess\u00eancia combativa.<\/p>\n<p>Leia tamb\u00e9m: <a href=\"https:\/\/vermelho.org.br\/2022\/12\/20\/papa-francisco-sindicatos-devem-ser-a-voz-de-quem-nao-tem-voz\/\">Papa Francisco: sindicatos devem ser \u201ca voz de quem n\u00e3o tem voz\u201d<\/a><\/p>\n<p><strong>\u201cOs sindicatos s\u00e3o chamados a serem sentinelas\u201d<\/strong><\/p>\n<p>Em junho de 2017, durante um encontro com representantes sindicais no Vaticano, Francisco proferiu uma das declara\u00e7\u00f5es mais emblem\u00e1ticas sobre o papel dos sindicatos: \u201cOs sindicatos nascem e renascem todas as vezes que, como os profetas b\u00edblicos, d\u00e3o voz a quem n\u00e3o a tem, denunciam os poderosos que pisam nos direitos dos trabalhadores mais fr\u00e1geis e defendem a causa dos estrangeiros, dos \u00faltimos e dos rejeitados.\u201d<\/p>\n<p>O pont\u00edfice enfatizava que os sindicatos n\u00e3o podem se limitar a fun\u00e7\u00f5es administrativas ou institucionais. Para ele, essas organiza\u00e7\u00f5es devem estar nas periferias, escutando a realidade dos explorados e exclu\u00eddos. \u201cN\u00e3o existe uma boa sociedade sem um bom sindicato\u201d, afirmou em uma mensagem que ecoou profundamente entre os movimentos trabalhistas.<\/p>\n<p><strong>Cinco preocupa\u00e7\u00f5es centrais no mundo do trabalho<\/strong><\/p>\n<p>Em seus pronunciamentos, Francisco destacou tr\u00eas grandes preocupa\u00e7\u00f5es contempor\u00e2neas relacionadas ao trabalho:<\/p>\n<p><em>1. Seguran\u00e7a dos trabalhadores<\/em><\/p>\n<p>O papa lamentou o elevado n\u00famero de mortes e acidentes laborais, classificando cada trag\u00e9dia como uma derrota para toda a sociedade. \u201cCada morte no trabalho \u00e9 uma derrota para toda a sociedade\u201d, disse. Ele criticou duramente a mentalidade que coloca o lucro no mesmo patamar que a vida humana, alertando: \u201cN\u00e3o permitamos que ponham o lucro e a pessoa no mesmo n\u00edvel.\u201d<\/p>\n<p><em>2. Explora\u00e7\u00e3o e precariza\u00e7\u00e3o<\/em><\/p>\n<p>Francisco condenou veementemente o trabalho prec\u00e1rio e an\u00e1logo \u00e0 escravid\u00e3o, al\u00e9m das jornadas exaustivas que impedem os trabalhadores de sustentar suas fam\u00edlias. \u201cH\u00e1 pessoas que, apesar de terem um emprego, n\u00e3o conseguem ter esperan\u00e7a no futuro\u201d, afirmou, denunciando as injusti\u00e7as de um sistema econ\u00f4mico que privilegia os ricos \u00e0s custas dos vulner\u00e1veis.<\/p>\n<p><em>3. Situa\u00e7\u00e3o de jovens e mulheres<\/em><\/p>\n<p>O pont\u00edfice tamb\u00e9m chamou aten\u00e7\u00e3o para as condi\u00e7\u00f5es desiguais enfrentadas por jovens e mulheres no mercado de trabalho. Ele criticou contratos prec\u00e1rios que submetem a juventude a formas modernas de escravid\u00e3o e cobrou isonomia salarial para as mulheres. \u201cA dignidade humana \u00e9 pisoteada pela discrimina\u00e7\u00e3o de g\u00eanero. Por que uma mulher deveria ganhar menos que um homem?\u201d, questionou.<\/p>\n<p><em>4. Redu\u00e7\u00e3o da jornada e trabalho infantil<\/em><\/p>\n<p>Durante seu <a href=\"https:\/\/www.vatican.va\/content\/francesco\/pt\/speeches\/2017\/june\/documents\/papa-francesco_20170628_delegati-cisl.html\">encontro com sindicalistas em 28 de junho de 2017<\/a>, Francisco tamb\u00e9m discursou sobre o \u201cdireito ao \u00f3cio\u201d. \u201cQuando pergunto a um homem, a uma mulher que tem dois, tr\u00eas filhos: \u2018Mas, diga-me, voc\u00ea brinca com os seus filhos? Pratica este \u00f3cio?\u2019 \u2014 \u2018\u00c9, sabe, quando saio para o trabalho, eles ainda dormem, e quando volto, j\u00e1 est\u00e3o na cama\u2019. Isto \u00e9 desumano. Por isso, ao lado do trabalho deve caminhar tamb\u00e9m a outra cultura. Porque a pessoa n\u00e3o \u00e9 s\u00f3 trabalho, pois\u00a0<em>nem sempre<\/em>\u00a0trabalhamos, e nem sempre devemos trabalhar\u201d, defendeu ele, aproveitando para afirmar a necessidade das crian\u00e7as e jovens estudarem e n\u00e3o serem obrigadas a trabalhar. <\/p>\n<p><em>5. Aposentadoria justa<\/em><\/p>\n<p>Tamb\u00e9m mencionou aqueles que n\u00e3o t\u00eam uma aposentadoria justa e precisam trabalhar na velhice. \u201c\u00c9 urgente um\u00a0<em>novo pacto social humano, um novo pacto social para o trabalho<\/em>, que diminua as horas de trabalho de quem est\u00e1 na \u00faltima fase laboral, a fim de criar trabalho para os jovens que t\u00eam o direito-dever de trabalhar\u201d, disse.\u00a0<\/p>\n<p><strong>Uma espiritualidade enraizada na justi\u00e7a social<\/strong><\/p>\n<p>Para Francisco, a f\u00e9 n\u00e3o podia ser dissociada da luta por justi\u00e7a social. Sua espiritualidade estava profundamente conectada \u00e0 solidariedade e \u00e0 a\u00e7\u00e3o concreta. Ele afirmava que rezar sem enfrentar as causas da pobreza e da explora\u00e7\u00e3o era insuficiente. \u201cN\u00e3o adianta rezar e fechar os olhos para quem passa fome\u201d, declarou em uma homilia marcante.<\/p>\n<p>Essa postura incomodava os poderosos, mas inspirava milh\u00f5es ao redor do mundo. Para os sindicalistas, Francisco era uma voz que ecoava nas assembleias, mutir\u00f5es de regulariza\u00e7\u00e3o, cursos de forma\u00e7\u00e3o e campanhas por melhores condi\u00e7\u00f5es de trabalho.<\/p>\n<p><strong>Cr\u00edticas ao capitalismo e defesa dos pobres<\/strong><\/p>\n<p>Francisco n\u00e3o hesitava em criticar os aspectos mais nefastos do capitalismo financeiro. Em setembro de 2024, durante uma homilia, ele reiterou que colocar os pobres no centro do debate n\u00e3o \u00e9 comunismo, mas \u201cpuro Evangelho\u201d.<\/p>\n<p>\u201cEnquanto n\u00e3o se resolverem radicalmente os problemas dos pobres, renunciando \u00e0 autonomia absoluta dos mercados e da especula\u00e7\u00e3o financeira, e atacando as causas estruturais da iniquidade, n\u00e3o se resolver\u00e3o os problemas do mundo\u201d, afirmou. Essas palavras refor\u00e7aram sua posi\u00e7\u00e3o como um cr\u00edtico ferrenho das desigualdades sociais e econ\u00f4micas.<\/p>\n<p><strong>Reconhecimento e homenagens dos movimentos sociais<\/strong><\/p>\n<p>A morte de Francisco gerou como\u00e7\u00e3o entre movimentos sociais e sindicatos, que reconheceram nele um aliado incondicional. O Movimento dos Trabalhadores Rurais Sem Terra (MST) lembrou que o pont\u00edfice foi \u201cum fiel aliado dos mais pobres, marginalizados, exclu\u00eddos e violentados pelo capitalismo\u201d. destacou o papel crucial que o Papa Francisco desempenhou ao longo de seu pontificado, especialmente em tempos de grande polariza\u00e7\u00e3o e crise.  Para a Uni\u00e3o Nacional dos Estudantes (UNE), o papa foi um s\u00edmbolo na luta pela igualdade social e pela educa\u00e7\u00e3o, lembrando que \u201c\u00e9 atrav\u00e9s da educa\u00e7\u00e3o que o ser humano alcan\u00e7a seu potencial m\u00e1ximo\u201d.<\/p>\n<p>O presidente da CTB (Central de Trabalhadores e Trabalhadoras do Brasil), Adilson Ara\u00fajo, afirmou que  \u201co Papa Francisco cumpriu uma importante miss\u00e3o. A luz dos problemas contempor\u00e2neos passou pelo Papa, e ele foi um revolucion\u00e1rio em seu tempo.\u201d Ao longo de seu pontificado, completou, o Papa Francisco se posicionou de maneira clara e firme sobre temas que afligem a sociedade contempor\u00e2nea. Araujo apontou como o Papa abordou com empatia quest\u00f5es cruciais como a desigualdade social, as guerras em v\u00e1rias partes do mundo e, especialmente, sua solidariedade ao povo palestino.<\/p>\n<p>\u201cO Papa Francisco sempre se destacou pelo olhar voltado para os mais marginalizados. Sua solidariedade com o povo palestino, sua postura frente \u00e0s desigualdades sociais, e sua cr\u00edtica ao capitalismo desenfreado, desenham de maneira emblem\u00e1tica o sentimento de seu pontificado\u201d, afirmou Adilson. Para Araujo, quem sonha com um mundo mais humano e menos desigual, certamente v\u00ea o pontificado de Francisco como um s\u00edmbolo de resist\u00eancia e esperan\u00e7a.<\/p>\n<p>J\u00e1 a Central \u00danica dos Trabalhadores (CUT) destacou sua disposi\u00e7\u00e3o para o di\u00e1logo e seu reconhecimento da import\u00e2ncia p\u00fablica dos sindicatos. A Uni\u00e3o Geral dos Trabalhadores (UGT) afirmou que Francisco compreendeu o valor das periferias e levou sua mensagem de f\u00e9 e esperan\u00e7a aos cantos mais esquecidos do mundo.<\/p>\n<p><strong>Um legado de luta e esperan\u00e7a<\/strong><\/p>\n<p>O papa Francisco deixa um legado in\u00e9dito de apoio ao movimento sindical e \u00e0 luta pelos direitos dos trabalhadores. Suas palavras e a\u00e7\u00f5es continuam a inspirar milh\u00f5es em todo o mundo, especialmente em momentos de crescente precariza\u00e7\u00e3o e exclus\u00e3o social.<\/p>\n<p>\u201cO dinheiro deve servir, n\u00e3o governar\u201d, disse Francisco em um de seus discursos mais memor\u00e1veis. Essa m\u00e1xima resume sua vis\u00e3o de uma economia centrada na vida e na dignidade humana.<\/p>\n<p>Seu pontificado ser\u00e1 lembrado como um chamado \u00e0 a\u00e7\u00e3o, um convite para que os sindicatos e os movimentos sociais sigam firmes na defesa dos direitos dos mais vulner\u00e1veis. Francisco mostrou que a Igreja pode \u2013 e deve \u2013 estar ao lado dos trabalhadores, lutando por um mundo mais justo e solid\u00e1rio.<\/p>\n<p>O post <a href=\"https:\/\/vermelho.org.br\/2025\/04\/23\/papa-francisco-deixa-legado-sem-precedente-de-apoio-ao-movimento-sindical\/\">Papa Francisco deixa legado sem precedente de apoio ao movimento sindical<\/a> apareceu primeiro em <a href=\"https:\/\/vermelho.org.br\/\">Vermelho<\/a>.<\/p>\n<!-- Begin Yuzo --><div class='yuzo_related_post style-1'  data-version='5.12.89'><!-- without result --><div class='yuzo_clearfixed yuzo__title yuzo__title'><h3>Related Post<\/h3><\/div>\n\t\t\t\t\t\t  <div class=\"relatedthumb \" style=\"width:125px;float:left;overflow:hidden;\">  \n\t\t\t\t\t\t\t  \n\t\t\t\t\t\t\t  <a  href=\"https:\/\/sul21.com.br\/opiniao\/2025\/09\/o-silencio-que-nos-forma-por-willian-bouviet\/\"  >\n\t\t\t\t\t\t\t\t\t  <div class=\"yuzo-img-wrap \" style=\"width: 125px;height:90px;\">\n\t\t\t\t\t\t\t\t\t\t\n\t\t\t\t\t\t\t\t\t\t<div class=\"yuzo-img\" style=\"background:url('https:\/\/redept.org\/blogosfera\/wp-content\/plugins\/yuzo-related-post\/assets\/images\/default.png') 50% 50% no-repeat;width: 125px;height:90px;margin-bottom: 5px;background-size: cover; \"><\/div>\n\t\t\t\t\t\t\t\t\t  <\/div>\n\t\t\t\t\t\t\t\t\t  \n\t\t\t\t\t\t\t\t   <span class=\"yuzo__text--title\" style=\"font-size:13px;\">O sil\u00eancio que nos forma (por Willian Bouviet)<\/span>\n\t\t\t\t\t\t\t  \n\t\t\t\t\t\t\t  \n\t\t\t\t\t\t\t  <\/a>\n\n\t\t\t\t\t\t  <\/div>\n\t\t\t\t\t\t  <div class=\"relatedthumb \" style=\"width:125px;float:left;overflow:hidden;\">  \n\t\t\t\t\t\t\t  \n\t\t\t\t\t\t\t  <a  href=\"https:\/\/redept.com.br\/blogosfera\/legado-na-resistencia-organizacoes-lamentam-morte-de-antonio-canuto-referencia-na-luta-por-terra\/\"  >\n\t\t\t\t\t\t\t\t\t  <div class=\"yuzo-img-wrap \" style=\"width: 125px;height:90px;\">\n\t\t\t\t\t\t\t\t\t\t\n\t\t\t\t\t\t\t\t\t\t<div class=\"yuzo-img\" style=\"background:url('https:\/\/redept.org\/blogosfera\/wp-content\/plugins\/yuzo-related-post\/assets\/images\/default.png') 50% 50% no-repeat;width: 125px;height:90px;margin-bottom: 5px;background-size: cover; \"><\/div>\n\t\t\t\t\t\t\t\t\t  <\/div>\n\t\t\t\t\t\t\t\t\t  \n\t\t\t\t\t\t\t\t   <span class=\"yuzo__text--title\" style=\"font-size:13px;\">\u2018Legado na resist\u00eancia\u2019: organiza\u00e7\u00f5es ...<\/span>\n\t\t\t\t\t\t\t  \n\t\t\t\t\t\t\t  \n\t\t\t\t\t\t\t  <\/a>\n\n\t\t\t\t\t\t  <\/div>\n\t\t\t\t\t\t  <div class=\"relatedthumb \" style=\"width:125px;float:left;overflow:hidden;\">  \n\t\t\t\t\t\t\t  \n\t\t\t\t\t\t\t  <a  href=\"https:\/\/redept.com.br\/blogosfera\/sem-regulacao-plataformas-digitais-ampliam-conflitos-sociais-e-deturpam-conceitos-de-liberdade-e-democracia\/\"  >\n\t\t\t\t\t\t\t\t\t  <div class=\"yuzo-img-wrap \" style=\"width: 125px;height:90px;\">\n\t\t\t\t\t\t\t\t\t\t\n\t\t\t\t\t\t\t\t\t\t<div class=\"yuzo-img\" style=\"background:url('https:\/\/redept.com.br\/blogosfera\/wp-content\/uploads\/2025\/05\/image-1024x128-1-16-150x128.png') 50% 50% no-repeat;width: 125px;height:90px;margin-bottom: 5px;background-size: cover; \"><\/div>\n\t\t\t\t\t\t\t\t\t  <\/div>\n\t\t\t\t\t\t\t\t\t  \n\t\t\t\t\t\t\t\t   <span class=\"yuzo__text--title\" style=\"font-size:13px;\">Sem regula\u00e7\u00e3o, plataformas digitais ampliam confli...<\/span>\n\t\t\t\t\t\t\t  \n\t\t\t\t\t\t\t  \n\t\t\t\t\t\t\t  <\/a>\n\n\t\t\t\t\t\t  <\/div>\n\t\t\t\t\t\t  <div class=\"relatedthumb \" style=\"width:125px;float:left;overflow:hidden;\">  \n\t\t\t\t\t\t\t  \n\t\t\t\t\t\t\t  <a  href=\"https:\/\/redept.com.br\/blogosfera\/brasil-sedia-encontro-que-debate-responsabilidade-e-protecao-de-criancas-e-adolescentes-no-setor-de-turismo\/\"  >\n\t\t\t\t\t\t\t\t\t  <div class=\"yuzo-img-wrap \" style=\"width: 125px;height:90px;\">\n\t\t\t\t\t\t\t\t\t\t\n\t\t\t\t\t\t\t\t\t\t<div class=\"yuzo-img\" style=\"background:url('https:\/\/redept.com.br\/blogosfera\/wp-content\/uploads\/2025\/06\/II-Encontro-de-Turismo-Responsavel-em-Foz-do-Iguacu-PR-150x150.webp') 50% 50% no-repeat;width: 125px;height:90px;margin-bottom: 5px;background-size: cover; \"><\/div>\n\t\t\t\t\t\t\t\t\t  <\/div>\n\t\t\t\t\t\t\t\t\t  \n\t\t\t\t\t\t\t\t   <span class=\"yuzo__text--title\" style=\"font-size:13px;\">Brasil sedia encontro que debate responsabilidade ...<\/span>\n\t\t\t\t\t\t\t  \n\t\t\t\t\t\t\t  \n\t\t\t\t\t\t\t  <\/a>\n\n\t\t\t\t\t\t  <\/div>\n<\/div> <script>\n\t\t\t\t\t\t  jQuery(document).ready(function( $ ){\n\t\t\t\t\t\t\t\/\/jQuery('.yuzo_related_post').equalizer({ overflow : 'relatedthumb' });\n\t\t\t\t\t\t\tjQuery('.yuzo_related_post .yuzo_wraps').equalizer({ columns : '> div' });\n\t\t\t\t\t\t   })\n\t\t\t\t\t\t  <\/script> <!-- End Yuzo :) -->","protected":false},"excerpt":{"rendered":"<p>Ao longo de seu papado, o papa Francisco destacou-se n\u00e3o apenas como l\u00edder espiritual, mas tamb\u00e9m como uma voz incisiva na luta pelos direitos dos trabalhadores e dos marginalizados. Em diversas ocasi\u00f5es, ele exaltou o papel central dos sindicatos na constru\u00e7\u00e3o de uma sociedade mais justa e igualit\u00e1ria. Com sua morte nesta segunda-feira (21), o [&hellip;]<\/p>\n","protected":false},"author":2,"featured_media":23560,"comment_status":"closed","ping_status":"closed","sticky":false,"template":"","format":"standard","meta":{"fifu_image_url":"","fifu_image_alt":"","footnotes":""},"categories":[4032,978,5236,479,1017,201,1865,1970,377,1361],"tags":[],"class_list":["post-23559","post","type-post","status-publish","format-standard","has-post-thumbnail","hentry","category-aposentadoria","category-capitalismo","category-exploracao","category-movimento-sindical","category-mundo-do-trabalho","category-papa-francisco","category-precarizacao","category-reducao-da-jornada-de-trabalho","category-trabalho","category-trabalho-infantil"],"_links":{"self":[{"href":"https:\/\/redept.com.br\/blogosfera\/wp-json\/wp\/v2\/posts\/23559","targetHints":{"allow":["GET"]}}],"collection":[{"href":"https:\/\/redept.com.br\/blogosfera\/wp-json\/wp\/v2\/posts"}],"about":[{"href":"https:\/\/redept.com.br\/blogosfera\/wp-json\/wp\/v2\/types\/post"}],"author":[{"embeddable":true,"href":"https:\/\/redept.com.br\/blogosfera\/wp-json\/wp\/v2\/users\/2"}],"replies":[{"embeddable":true,"href":"https:\/\/redept.com.br\/blogosfera\/wp-json\/wp\/v2\/comments?post=23559"}],"version-history":[{"count":0,"href":"https:\/\/redept.com.br\/blogosfera\/wp-json\/wp\/v2\/posts\/23559\/revisions"}],"wp:featuredmedia":[{"embeddable":true,"href":"https:\/\/redept.com.br\/blogosfera\/wp-json\/wp\/v2\/media\/23560"}],"wp:attachment":[{"href":"https:\/\/redept.com.br\/blogosfera\/wp-json\/wp\/v2\/media?parent=23559"}],"wp:term":[{"taxonomy":"category","embeddable":true,"href":"https:\/\/redept.com.br\/blogosfera\/wp-json\/wp\/v2\/categories?post=23559"},{"taxonomy":"post_tag","embeddable":true,"href":"https:\/\/redept.com.br\/blogosfera\/wp-json\/wp\/v2\/tags?post=23559"}],"curies":[{"name":"wp","href":"https:\/\/api.w.org\/{rel}","templated":true}]}}