{"id":24154,"date":"2025-04-26T13:26:04","date_gmt":"2025-04-26T16:26:04","guid":{"rendered":"https:\/\/redept.org\/blogosfera\/cidade-do-improviso-conheca-a-cena-de-jazz-de-sao-petersburgo\/"},"modified":"2025-04-26T13:26:04","modified_gmt":"2025-04-26T16:26:04","slug":"cidade-do-improviso-conheca-a-cena-de-jazz-de-sao-petersburgo","status":"publish","type":"post","link":"https:\/\/redept.com.br\/blogosfera\/cidade-do-improviso-conheca-a-cena-de-jazz-de-sao-petersburgo\/","title":{"rendered":"Cidade do improviso: conhe\u00e7a a cena de jazz de S\u00e3o Petersburgo"},"content":{"rendered":"<p>A cidade russa de S\u00e3o Petersburgo \u00e9 conhecida como a capital cultural do pa\u00eds, marcada por seu legado como expoente das mais diversas manifesta\u00e7\u00f5es art\u00edsticas que moldaram a cena russa ao longo dos s\u00e9culos. Do bal\u00e9 \u00e0 literatura, do teatro \u00e0s artes pl\u00e1sticas, da m\u00fasica cl\u00e1ssica \u00e0 poesia, foi planejada para ser a vitrine <a href=\"https:\/\/www.brasildefato.com.br\/2025\/03\/22\/entre-oriente-e-ocidente-kazan-e-o-coracao-do-multiculturalismo-da-russia\/\" data-type=\"link\" data-id=\"https:\/\/www.brasildefato.com.br\/2025\/03\/22\/entre-oriente-e-ocidente-kazan-e-o-coracao-do-multiculturalismo-da-russia\/\">da cultura da R\u00fassia<\/a>.<\/p>\n<p>Manifesta\u00e7\u00f5es art\u00edsticas modernas e internacionais tamb\u00e9m se entrela\u00e7am com a vasta tradi\u00e7\u00e3o da cidade. Criada como uma janela do pa\u00eds para a Europa, seu simbolismo de abertura a outras culturas permanece vivo, influenciando at\u00e9 mesmo o cen\u00e1rio do jazz \u2013 uma cena repleta de particularidades que conectam a hist\u00f3ria local ao desenvolvimento do g\u00eanero como forma de arte.<\/p>\n<p>Esta edi\u00e7\u00e3o do\u00a0<em><a href=\"https:\/\/www.youtube.com\/playlist?list=PLytfbsQYLZpDNPAOVmEz366cVigYZ-I6a\">Bem Viver<\/a><\/em>,\u00a0programa do\u00a0<strong>Brasil de Fato<\/strong>,\u00a0celebra o Dia Internacional do Jazz, em 30 de abril, destacando a cena jazz\u00edstica da ex-capital russa \u2013 que j\u00e1 foi Petrogrado e <a href=\"https:\/\/www.brasildefato.com.br\/2024\/05\/09\/cerco-de-leningrado-o-heroismo-de-um-dos-capitulos-mais-tragicos-da-historia-da-russia\/\" data-type=\"link\" data-id=\"https:\/\/www.brasildefato.com.br\/2024\/05\/09\/cerco-de-leningrado-o-heroismo-de-um-dos-capitulos-mais-tragicos-da-historia-da-russia\/\">Leningrado<\/a>. Em 2018, j\u00e1 com o atual nome de S\u00e3o Petersburgo, a cidade foi reconhecida pela Unesco como capital global da data, t\u00edtulo institu\u00eddo em 2011.<\/p>\n<p>O que primeiro chama a aten\u00e7\u00e3o \u00e9 a grande variedade de espa\u00e7os dedicados ao jazz \u2013 clubes, bares e salas de concerto exclusivas para o g\u00eanero. A cidade mant\u00e9m um forte legado de excel\u00eancia musical, reunindo m\u00fasicos de diferentes gera\u00e7\u00f5es que fortalecem a cena local, consolidando S\u00e3o Petersburgo como um epicentro do jazz na R\u00fassia. Mas h\u00e1 mais: a pr\u00f3pria identidade cultural da cidade dialoga com os fundamentos do jazz como forma de arte.<\/p>\n<p>O compositor e m\u00fasico Konstantin Khazanovich destaca essa heran\u00e7a, lembrando que S\u00e3o Petersburgo foi constru\u00edda pelo czar Pedro I justamente para ser uma \u201ccapital da cultura\u201d.<\/p>\n<p>\u201cHouve um tempo em que a cidade era a capital cultural da Europa, e at\u00e9 do mundo, no s\u00e9culo 19. A R\u00fassia era l\u00edder no cen\u00e1rio europeu, especialmente ap\u00f3s as guerras napole\u00f4nicas, quando artistas de toda parte queriam vir para c\u00e1, porque era onde tudo acontecia \u2013 um terreno f\u00e9rtil para a cultura florescer. Esses alicerces ainda permanecem: a quantidade impressionante de museus, teatros e salas de concerto \u00e9 parte da ess\u00eancia da cidade. E quando tantos artistas \u2013 atores, m\u00fasicos, compositores, pintores \u2013 compartilham o mesmo espa\u00e7o, a cultura se expande naturalmente\u201d, explica.<\/p>\n<p>Foi sob essa heran\u00e7a cultural que o jazz foi se desenvolvendo na cidade na segunda metade do s\u00e9culo 20 at\u00e9 os dias atuais. Um dos exemplos mais marcantes dessa trajet\u00f3ria \u00e9 a Jazz Filarm\u00f4nica de S\u00e3o Petersburgo \u2013 a \u00fanica institui\u00e7\u00e3o do mundo dedicada exclusivamente ao g\u00eanero. Fundada em 1\u00b0 de janeiro de 1989 por iniciativa do multi-instrumentista David Goloschekin, considerado Artista do Povo da R\u00fassia, a filarm\u00f4nica mant\u00e9m uma orquestra com vasto repert\u00f3rio e duas salas de concerto que recebem artistas locais e internacionais.<\/p>\n<p>Polina Koryagina, produtora da Jazz Filarm\u00f4nica, explica: \u201cDesde o princ\u00edpio, a institui\u00e7\u00e3o foi criada para ser um lugar n\u00e3o s\u00f3 de promo\u00e7\u00e3o do jazz como forma de arte s\u00e9ria, mas tamb\u00e9m onde as pessoas podem ouvir estrelas do jazz mundial, m\u00fasicos locais, e conhecer diferentes vertentes do g\u00eanero, desde o jazz antigo e mainstream at\u00e9 o de vanguarda\u201d.<\/p>\n<p>Para honrar esse legado, a Filarm\u00f4nica de Jazz abriga um pequeno mas significativo museu dedicado \u00e0 hist\u00f3ria do g\u00eanero na cidade. \u201cO museu representa o desenvolvimento do jazz em Leningrado atrav\u00e9s de diferentes \u00e9pocas, com materiais de arquivo e fotografias raras\u201d, detalha Koryagina. Uma das pe\u00e7as mais emblem\u00e1ticas do acervo registra um encontro hist\u00f3rico: em 1971, os m\u00fasicos da orquestra do grande compositor norte-americano Duke Ellington se reuniram com artistas locais para uma memor\u00e1vel<em> jam session<\/em>.<\/p>\n<p>\u201cOs m\u00fasicos se encontraram nessa <em>jam session<\/em> que ficou para a hist\u00f3ria, com improvisa\u00e7\u00f5es marcantes. Na ocasi\u00e3o, participou o pr\u00f3prio David Goloschekin, ent\u00e3o jovem m\u00fasico, que mais tarde se tornaria nosso diretor art\u00edstico\u201d, relata a produtora. \u201cAnos depois, quando a Filarm\u00f4nica foi inaugurada, uma de nossas salas foi batizada de Duke Ellington Hall em homenagem a esse encontro hist\u00f3rico\u201d.<\/p>\n<p>O florescimento do jazz em S\u00e3o Petersburgo ganhou for\u00e7a justamente durante as turbul\u00eancias da dissolu\u00e7\u00e3o da <a href=\"https:\/\/www.brasildefato.com.br\/2024\/01\/21\/100-anos-da-morte-de-lenin-qual-o-legado-do-lider-da-revolucao-russa\/\" data-type=\"link\" data-id=\"https:\/\/www.brasildefato.com.br\/2024\/01\/21\/100-anos-da-morte-de-lenin-qual-o-legado-do-lider-da-revolucao-russa\/\">URSS<\/a> nos anos 1990. O m\u00fasico Konstantin Khazanovich destaca o papel dos pioneiros: \u201cDavid Goloschekin n\u00e3o foi apenas um m\u00fasico, mas um ide\u00f3logo, um motor que movimentou n\u00e3o s\u00f3 o jazz, mas promoveu uma nova forma de pensamento, uma nova maneira de apreender o mundo\u201d.<\/p>\n<p>Khazanovich ressalta a sintonia entre o jazz e o esp\u00edrito da cidade fundada por Pedro, o Grande como \u201cjanela para a Europa\u201d: \u201cO jazz representa uma camada cultural de Petersburgo. \u00c9 uma cidade de pessoas sens\u00edveis, mas reservadas, e o jazz oferece justamente essa possibilidade de experi\u00eancia coletiva, de abertura. Por isso exerce at\u00e9 hoje um papel importante como fen\u00f4meno musical da cidade\u201d.<\/p>\n<p>Assim, entre salas de concerto, museus que preservam mem\u00f3rias preciosas e <em>jam sessions<\/em> hist\u00f3ricas, S\u00e3o Petersburgo consolida-se como terreno f\u00e9rtil onde o jazz \u2013 essa arte nascida do di\u00e1logo entre culturas \u2013 encontrou um lar russo cheio de vitalidade e tradi\u00e7\u00e3o.<\/p>\n<figure>\n<div>\n<div><\/div>\n<\/div>\n<\/figure>\n<h4>E tem mais\u2026<\/h4>\n<p>J\u00e1 em terras brasileiras, o <em>Bem Viver<\/em> apresenta o Centro de Educa\u00e7\u00e3o Neohumanista, no Par\u00e1, que mostra que \u00e9 poss\u00edvel unir educa\u00e7\u00e3o e cuidado com a <a href=\"https:\/\/www.brasildefato.com.br\/2025\/02\/15\/agrotoxicos-foram-feitos-para-matar-diz-pesquisadora-da-fiocruz\/\" data-type=\"page\" data-id=\"646304\">natureza<\/a>.<\/p>\n<p>Florescer da esperan\u00e7a, vamos saber como surgiu a horta comunit\u00e1ria e cozinha solid\u00e1ria que luta pra superar as dificuldades do Morro do Cruz, no <a href=\"https:\/\/www.brasildefato.com.br\/2025\/03\/15\/assentamento-do-mst-atingido-por-enchente-no-rs-retoma-producao-em-meio-a-desafios\/\" data-type=\"link\" data-id=\"https:\/\/www.brasildefato.com.br\/2025\/03\/15\/assentamento-do-mst-atingido-por-enchente-no-rs-retoma-producao-em-meio-a-desafios\/\">Rio Grande do Sul<\/a>.<\/p>\n<p>Tamb\u00e9m tem receita no programa de hoje, a <a href=\"https:\/\/www.instagram.com\/gemachef\/\">chef Gema Soto<\/a> ensina uma deliciosa e pr\u00e1tica beterraba agridoce.<\/p>\n<p>E o Coletivo Flor de Maio fala sobre o corre de levar cursinho popular no interior de S\u00e3o Paulo.<\/p>\n<h4>Quando e onde assistir?<\/h4>\n<p>No YouTube do\u00a0<strong>Brasil de Fato<\/strong>\u00a0todo s\u00e1bado \u00e0s 13h30, tem programa in\u00e9dito.\u00a0<a href=\"https:\/\/www.youtube.com\/@AgenciaBrasildeFato\">Basta clicar aqui<\/a>.<\/p>\n<p>Na TVT: s\u00e1bado \u00e0s 13h; com reprise domingo \u00e0s 6h30 e ter\u00e7a-feira \u00e0s 20h no canal 44.1 \u2013 sinal digital HD aberto na Grande S\u00e3o Paulo e canal 512 NET HD-ABC.<\/p>\n<p>Na TV Brasil (EBC), sexta-feira \u00e0s 6h30.<\/p>\n<p>Na TVE Bahia: s\u00e1bado \u00e0s 12h30, com reprise quinta-feira \u00e0s 7h30, no canal 30 (7.1 no aparelho) do sinal digital.\u00a0<\/p>\n<p>Na TVCom Macei\u00f3: s\u00e1bado \u00e0s 10h30, com reprise domingo \u00e0s 10h, no canal 12 da NET.\u00a0<\/p>\n<p>Na TV Floripa: s\u00e1bado \u00e0s 13h30, reprises ao longo da programa\u00e7\u00e3o, no canal 12 da NET.\u00a0<\/p>\n<p>Na TVU Recife: s\u00e1bados \u00e0s 12h30, com reprise ter\u00e7a-feira \u00e0s 21h, no canal 40 UHF digital.\u00a0<\/p>\n<p>Na UnBTV: sextas-feiras \u00e0s 10h30 e 16h30, em Bras\u00edlia no Canal 15 da NET.\u00a0<\/p>\n<p>TV UFMA Maranh\u00e3o: quinta-feira \u00e0s 10h40, no canal aberto 16.1, Sky 316, TVN 16 e Claro 17.\u00a0<\/p>\n<h4><strong>Sintonize<\/strong><\/h4>\n<p>No r\u00e1dio, o programa Bem Viver vai ao ar de segunda a sexta-feira, das 7h \u00e0s 8h, com reprise aos domingos, \u00e0s 10h, na <strong>R\u00e1dio Brasil de Fato<\/strong>. A sintonia \u00e9 98,9 FM na Grande S\u00e3o Paulo. Al\u00e9m de ser transmitido pela\u00a0<a href=\"https:\/\/www.brasildefato.com.br\/radioagencia\/\">R\u00e1dio Ag\u00eancia Brasil de Fato<\/a>. <\/p>\n<p>O programa conta tamb\u00e9m com uma vers\u00e3o especial em <em>podcast<\/em>, o\u00a0<em><a href=\"https:\/\/www.brasildefato.com.br\/programas\/bem-viver\/\">Conversa Bem Viver\u00a0<\/a><\/em>, transmitido pelas plataformas Spotify, Google Podcasts, iTunes, Pocket Casts e Deezer.<\/p>\n<p>Assim como os demais conte\u00fados, o <strong>Brasil de Fato<\/strong> disponibiliza o programa <em>Bem Viver<\/em> de forma gratuita para r\u00e1dios comunit\u00e1rias, r\u00e1dios-poste e outras emissoras que manifestarem interesse em veicular o conte\u00fado. Para ser inclu\u00eddo na nossa lista de distribui\u00e7\u00e3o, <a href=\"https:\/\/www.brasildefato.com.br\/radioagencia\/seja-parceiro\/\" data-type=\"link\" data-id=\"https:\/\/www.brasildefato.com.br\/radioagencia\/seja-parceiro\/\">entre em contato por meio do formul\u00e1rio.<\/a><\/p><\/p>\n<!-- Begin Yuzo --><div class='yuzo_related_post style-1'  data-version='5.12.89'><!-- without result --><div class='yuzo_clearfixed yuzo__title yuzo__title'><h3>Related Post<\/h3><\/div>\n\t\t\t\t\t\t  <div class=\"relatedthumb \" style=\"width:125px;float:left;overflow:hidden;\">  \n\t\t\t\t\t\t\t  \n\t\t\t\t\t\t\t  <a  href=\"https:\/\/redept.com.br\/blogosfera\/elogio-ao-estranhamento-social\/\"  >\n\t\t\t\t\t\t\t\t\t  <div class=\"yuzo-img-wrap \" style=\"width: 125px;height:90px;\">\n\t\t\t\t\t\t\t\t\t\t\n\t\t\t\t\t\t\t\t\t\t<div class=\"yuzo-img\" style=\"background:url('https:\/\/redept.com.br\/blogosfera\/wp-content\/uploads\/2025\/11\/Screenshot-2025-10-31-at-20-03-32-exposicao-nova-fotografia-cidade-que-desenvolvemos-mis-spwebp-imagem-WEBP-964-360-pixels-150x150.png') 50% 50% no-repeat;width: 125px;height:90px;margin-bottom: 5px;background-size: cover; \"><\/div>\n\t\t\t\t\t\t\t\t\t  <\/div>\n\t\t\t\t\t\t\t\t\t  \n\t\t\t\t\t\t\t\t   <span class=\"yuzo__text--title\" style=\"font-size:13px;\">Elogio ao estranhamento social<\/span>\n\t\t\t\t\t\t\t  \n\t\t\t\t\t\t\t  \n\t\t\t\t\t\t\t  <\/a>\n\n\t\t\t\t\t\t  <\/div>\n\t\t\t\t\t\t  <div class=\"relatedthumb \" style=\"width:125px;float:left;overflow:hidden;\">  \n\t\t\t\t\t\t\t  \n\t\t\t\t\t\t\t  <a  href=\"https:\/\/sul21.com.br\/noticias\/cultura\/2025\/08\/cinemateca-capitolio-exibe-classicos-nacionais-ate-o-dia-20\/\"  >\n\t\t\t\t\t\t\t\t\t  <div class=\"yuzo-img-wrap \" style=\"width: 125px;height:90px;\">\n\t\t\t\t\t\t\t\t\t\t\n\t\t\t\t\t\t\t\t\t\t<div class=\"yuzo-img\" style=\"background:url('https:\/\/redept.org\/blogosfera\/wp-content\/plugins\/yuzo-related-post\/assets\/images\/default.png') 50% 50% no-repeat;width: 125px;height:90px;margin-bottom: 5px;background-size: cover; \"><\/div>\n\t\t\t\t\t\t\t\t\t  <\/div>\n\t\t\t\t\t\t\t\t\t  \n\t\t\t\t\t\t\t\t   <span class=\"yuzo__text--title\" style=\"font-size:13px;\">Cinemateca Capit\u00f3lio exibe cl\u00e1ssicos nacionais at\u00e9...<\/span>\n\t\t\t\t\t\t\t  \n\t\t\t\t\t\t\t  \n\t\t\t\t\t\t\t  <\/a>\n\n\t\t\t\t\t\t  <\/div>\n\t\t\t\t\t\t  <div class=\"relatedthumb \" style=\"width:125px;float:left;overflow:hidden;\">  \n\t\t\t\t\t\t\t  \n\t\t\t\t\t\t\t  <a  href=\"https:\/\/redept.com.br\/blogosfera\/centrais-argentinas-preparam-greve-geral-contra-reforma-trabalhista-de-milei\/\"  >\n\t\t\t\t\t\t\t\t\t  <div class=\"yuzo-img-wrap \" style=\"width: 125px;height:90px;\">\n\t\t\t\t\t\t\t\t\t\t\n\t\t\t\t\t\t\t\t\t\t<div class=\"yuzo-img\" style=\"background:url('https:\/\/redept.com.br\/blogosfera\/wp-content\/uploads\/2026\/02\/argentine-national-congress-jorge-lascar-wikipedia-150x150.jpg') 50% 50% no-repeat;width: 125px;height:90px;margin-bottom: 5px;background-size: cover; \"><\/div>\n\t\t\t\t\t\t\t\t\t  <\/div>\n\t\t\t\t\t\t\t\t\t  \n\t\t\t\t\t\t\t\t   <span class=\"yuzo__text--title\" style=\"font-size:13px;\">Centrais argentinas preparam greve geral contra re...<\/span>\n\t\t\t\t\t\t\t  \n\t\t\t\t\t\t\t  \n\t\t\t\t\t\t\t  <\/a>\n\n\t\t\t\t\t\t  <\/div>\n\t\t\t\t\t\t  <div class=\"relatedthumb \" style=\"width:125px;float:left;overflow:hidden;\">  \n\t\t\t\t\t\t\t  \n\t\t\t\t\t\t\t  <a  href=\"https:\/\/redept.com.br\/blogosfera\/russia-realiza-maior-ataque-aereo-contra-ucrania-em-meio-a-negociacoes-para-acordo-de-paz\/\"  >\n\t\t\t\t\t\t\t\t\t  <div class=\"yuzo-img-wrap \" style=\"width: 125px;height:90px;\">\n\t\t\t\t\t\t\t\t\t\t\n\t\t\t\t\t\t\t\t\t\t<div class=\"yuzo-img\" style=\"background:url('https:\/\/redept.org\/blogosfera\/wp-content\/plugins\/yuzo-related-post\/assets\/images\/default.png') 50% 50% no-repeat;width: 125px;height:90px;margin-bottom: 5px;background-size: cover; \"><\/div>\n\t\t\t\t\t\t\t\t\t  <\/div>\n\t\t\t\t\t\t\t\t\t  \n\t\t\t\t\t\t\t\t   <span class=\"yuzo__text--title\" style=\"font-size:13px;\">R\u00fassia realiza maior ataque a\u00e9reo contra Ucr\u00e2nia e...<\/span>\n\t\t\t\t\t\t\t  \n\t\t\t\t\t\t\t  \n\t\t\t\t\t\t\t  <\/a>\n\n\t\t\t\t\t\t  <\/div>\n<\/div> <script>\n\t\t\t\t\t\t  jQuery(document).ready(function( $ ){\n\t\t\t\t\t\t\t\/\/jQuery('.yuzo_related_post').equalizer({ overflow : 'relatedthumb' });\n\t\t\t\t\t\t\tjQuery('.yuzo_related_post .yuzo_wraps').equalizer({ columns : '> div' });\n\t\t\t\t\t\t   })\n\t\t\t\t\t\t  <\/script> <!-- End Yuzo :) -->","protected":false},"excerpt":{"rendered":"<p>A cidade russa de S\u00e3o Petersburgo \u00e9 conhecida como a capital cultural do pa\u00eds, marcada por seu legado como expoente das mais diversas manifesta\u00e7\u00f5es art\u00edsticas que moldaram a cena russa ao longo dos s\u00e9culos. Do bal\u00e9 \u00e0 literatura, do teatro \u00e0s artes pl\u00e1sticas, da m\u00fasica cl\u00e1ssica \u00e0 poesia, foi planejada para ser a vitrine da [&hellip;]<\/p>\n","protected":false},"author":2,"featured_media":0,"comment_status":"closed","ping_status":"closed","sticky":false,"template":"","format":"standard","meta":{"fifu_image_url":"","fifu_image_alt":"","footnotes":""},"categories":[306,1305,4706,309,5292,43,5293],"tags":[],"class_list":["post-24154","post","type-post","status-publish","format-standard","hentry","category-agroecologia","category-arte-e-cultura","category-bem-viver","category-cultura","category-jazz","category-russia","category-sao-petersburgo"],"_links":{"self":[{"href":"https:\/\/redept.com.br\/blogosfera\/wp-json\/wp\/v2\/posts\/24154","targetHints":{"allow":["GET"]}}],"collection":[{"href":"https:\/\/redept.com.br\/blogosfera\/wp-json\/wp\/v2\/posts"}],"about":[{"href":"https:\/\/redept.com.br\/blogosfera\/wp-json\/wp\/v2\/types\/post"}],"author":[{"embeddable":true,"href":"https:\/\/redept.com.br\/blogosfera\/wp-json\/wp\/v2\/users\/2"}],"replies":[{"embeddable":true,"href":"https:\/\/redept.com.br\/blogosfera\/wp-json\/wp\/v2\/comments?post=24154"}],"version-history":[{"count":0,"href":"https:\/\/redept.com.br\/blogosfera\/wp-json\/wp\/v2\/posts\/24154\/revisions"}],"wp:attachment":[{"href":"https:\/\/redept.com.br\/blogosfera\/wp-json\/wp\/v2\/media?parent=24154"}],"wp:term":[{"taxonomy":"category","embeddable":true,"href":"https:\/\/redept.com.br\/blogosfera\/wp-json\/wp\/v2\/categories?post=24154"},{"taxonomy":"post_tag","embeddable":true,"href":"https:\/\/redept.com.br\/blogosfera\/wp-json\/wp\/v2\/tags?post=24154"}],"curies":[{"name":"wp","href":"https:\/\/api.w.org\/{rel}","templated":true}]}}